{"id":41258,"date":"2014-02-28T10:30:28","date_gmt":"2014-02-28T13:30:28","guid":{"rendered":"http:\/\/www.24baires.com\/?p=41258"},"modified":"2014-02-28T10:45:52","modified_gmt":"2014-02-28T13:45:52","slug":"los-malversadores-profesionales-de-las-palabras","status":"publish","type":"post","link":"https:\/\/www.24baires.com\/?p=41258","title":{"rendered":"Los malversadores profesionales de las palabras"},"content":{"rendered":"<p><img data-recalc-dims=\"1\" loading=\"lazy\" decoding=\"async\" src=\"https:\/\/i0.wp.com\/www.24baires.com\/wp-content\/uploads\/2014\/02\/Clar%C3%ADn1.jpg?resize=560%2C150\" alt=\"Clar\u00edn\" width=\"560\" height=\"150\" class=\"aligncenter size-full wp-image-41261\" srcset=\"https:\/\/i0.wp.com\/www.24baires.com\/wp-content\/uploads\/2014\/02\/Clar%C3%ADn1.jpg?w=560&amp;ssl=1 560w, https:\/\/i0.wp.com\/www.24baires.com\/wp-content\/uploads\/2014\/02\/Clar%C3%ADn1.jpg?resize=300%2C80&amp;ssl=1 300w\" sizes=\"auto, (max-width: 560px) 100vw, 560px\" \/>\u00bfExiste la malversaci\u00f3n de la palabra? As\u00ed, como expresi\u00f3n: \u201cmalversaci\u00f3n de la palabra\u201d. M\u00e1s all\u00e1 de la invenci\u00f3n, la mentira, la infamia, un compendio de todas esas vilezas que se obtenga de trastocar los dichos, recortar las frases, pulir los discursos de manera acomodaticia, para que terminen diciendo lo que no dec\u00edan. Eso me pregunto. Y si no existe tal corrupci\u00f3n de los enunciados, invent\u00e9mosla aqu\u00ed.<!--more--><\/p>\n<p>\u00bfQu\u00e9 ser\u00eda, entonces, una malversaci\u00f3n de la palabra? Bueno, para citar un ejemplo y demostrar que nos entendimos, podemos referirnos al reciente caso de desmentida por parte de Axel Kicillof a los titulares de los diarios Clar\u00edn y La Naci\u00f3n, que aseguraron en sus letras de molde que el Ministro de Econom\u00eda hab\u00eda dicho que no se le pagar\u00eda a Repsol por la expropiaci\u00f3n. Pues no es lo mismo un \u201cNo le vamos a pagar a Repsol\u201d que \u201cNo le vamos a pagar a Repsol lo que ellos quieran\u201d, \u00bfno? Porque no es lo mismo decir \u201cPor las Calles del Conde Saltos\u201d que \u201cEl Conde da Saltos por las Calles\u201d, y ese fue el no es lo mismo m\u00e1s ameno que encontr\u00e9.<\/p>\n<p>Y ah\u00ed est\u00e1 el recorte vil, la malversaci\u00f3n de los dichos, la utilizaci\u00f3n de la palabra ajena como rompecabezas, colocando aqu\u00ed y all\u00e1 las piezas para armar algo que sirva a determinados intereses que es, en lenguaje simple, una mentira, lisa y llana. <\/p>\n<p>Y eso fue lo que dijo Kicillof cuando era viceministro: \u201cNo le vamos a pagar a Repsol lo que ellos quieran\u201d, y quer\u00eda U$S 10.500. Y lo que se hizo con YPF fue una expropiaci\u00f3n y las expropiaciones se deben abonar, negociando ambas partes, como se hizo. El logro, porque es un logro importante, fue pagarles menos de la mitad de lo que exig\u00edan al principio y con bonos y no el doble con usurarios intereses. Al positivo resultado de la expropiaci\u00f3n de YPF y su crecimiento innegable desde ese entonces, se le suma este otro avance.<\/p>\n<p>Pero cuando se malversa la palabra lo que se busca es instalar la falacia, se repite lo suficiente para que quede en el imaginario colectivo, para que despu\u00e9s, aunque se desmienta, la defraudaci\u00f3n original sea la que prevalezca por sobre la verdad primigenia. Y si algo tienen en com\u00fan Clar\u00edn y La Naci\u00f3n (si, lo s\u00e9, tienen muchas cosas en com\u00fan adem\u00e1s de los titulares\u2026) es que son malversadores profesionales de las palabras, de las frases y, sobre todo, de la realidad. Porque es as\u00ed como construyen un relato falaz de los hechos, como en este ejemplo. As\u00ed se postulan cosas no dichas y no hechas como sucesos confirmados. As\u00ed nos mienten, colocando cebo en el anzuelo, tir\u00e1ndolo al r\u00edo, esperando que piquen y piquen miles de lectores que crean esas patra\u00f1as y que apunten con el dedo a determinada persona, acus\u00e1ndolo de algo que jam\u00e1s enunci\u00f3.<\/p>\n<p>Naturalmente estos medios seguir\u00e1n sacando de contexto, recortando expresiones, poniendo en boca de algunos frases que sus labios no pronunciaron. Porque la informaci\u00f3n no les importa, lo que en verdad pasa ya no les interesa, y \u00bfpor qu\u00e9 deber\u00eda atraerles la realidad a estos diarios?, si pueden construir con sus artima\u00f1as un relato a medida, como sastres h\u00e1biles  cosiendo con el hilo de la tendenciosidad y la especulaci\u00f3n un traje costoso, para lucirlo ante la gente en esa pasarela imaginaria que nos quieren imponer como lo real. No les rinde la realidad que vivimos, por eso se dedican a edificar farsas, ladrillo a ladrillo, mentira a mentira.<\/p>\n","protected":false},"excerpt":{"rendered":"<p>\u00bfExiste la malversaci\u00f3n de la palabra? As\u00ed, como expresi\u00f3n: \u201cmalversaci\u00f3n de la palabra\u201d. M\u00e1s all\u00e1 de la invenci\u00f3n, la mentira, la infamia, un compendio de todas esas vilezas que se obtenga de trastocar los dichos, recortar las frases, pulir los discursos de manera acomodaticia, para que terminen diciendo lo que no dec\u00edan. Eso me pregunto. Y si no existe tal [&#8230;]<\/p>\n","protected":false},"author":11,"featured_media":0,"comment_status":"open","ping_status":"open","sticky":false,"template":"","format":"standard","meta":{"_jetpack_newsletter_access":"","_jetpack_dont_email_post_to_subs":false,"_jetpack_newsletter_tier_id":0,"_jetpack_memberships_contains_paywalled_content":false,"_jetpack_memberships_contains_paid_content":false,"footnotes":""},"categories":[64],"tags":[],"class_list":["post-41258","post","type-post","status-publish","format-standard","hentry","category-opinion"],"jetpack_featured_media_url":"","jetpack_shortlink":"https:\/\/wp.me\/p2JWE0-aJs","jetpack-related-posts":[{"id":106731,"url":"https:\/\/www.24baires.com\/?p=106731","url_meta":{"origin":41258,"position":0},"title":"Denuncian a Vidal por malversaci\u00f3n de fondos p\u00fablicos","author":"AF","date":"07\/02\/2019","format":false,"excerpt":"Los ejes son: malversaci\u00f3n por gastos de transporte a\u00e9reo por m\u00e1s de 30 millones de pesos, refacciones de su casa de Mor\u00f3n a cargo de la Provincia, y violaci\u00f3n del art\u00edculo 130 de la Constituci\u00f3n Provincial, que dice que la Gobernadora debe vivir en La Plata. La gobernadora de la\u2026","rel":"","context":"En \u00abJUDICIALES\u00bb","block_context":{"text":"JUDICIALES","link":"https:\/\/www.24baires.com\/?cat=68"},"img":{"alt_text":"","src":"https:\/\/i0.wp.com\/www.24baires.com\/wp-content\/uploads\/2018\/03\/vidal-1.jpg?resize=350%2C200","width":350,"height":200,"srcset":"https:\/\/i0.wp.com\/www.24baires.com\/wp-content\/uploads\/2018\/03\/vidal-1.jpg?resize=350%2C200 1x, https:\/\/i0.wp.com\/www.24baires.com\/wp-content\/uploads\/2018\/03\/vidal-1.jpg?resize=525%2C300 1.5x"},"classes":[]},{"id":100132,"url":"https:\/\/www.24baires.com\/?p=100132","url_meta":{"origin":41258,"position":1},"title":"Denuncian penalmente Arroyo por \u00abadministraci\u00f3n fraudulenta y malversaci\u00f3n de fondos\u00bb","author":"GB","date":"24\/01\/2018","format":false,"excerpt":"Lo hizo la Obra Asistencial Mutual (OAM), por una deuda de 16 millones de pesos que la comuna mantiene con la entidad. La causa tambi\u00e9n incolucrac\u00eda a otros funcionarios de renombre del gabinete comunal La Obra Asistencial Mutual (OAM) denunci\u00f3 al intendente Carlos Arroyo por una deuda que el municipio\u2026","rel":"","context":"En \u00abMunicipios\u00bb","block_context":{"text":"Municipios","link":"https:\/\/www.24baires.com\/?cat=44"},"img":{"alt_text":"","src":"https:\/\/i0.wp.com\/www.24baires.com\/wp-content\/uploads\/2017\/09\/arroyo.jpg?resize=350%2C200","width":350,"height":200,"srcset":"https:\/\/i0.wp.com\/www.24baires.com\/wp-content\/uploads\/2017\/09\/arroyo.jpg?resize=350%2C200 1x, https:\/\/i0.wp.com\/www.24baires.com\/wp-content\/uploads\/2017\/09\/arroyo.jpg?resize=525%2C300 1.5x"},"classes":[]},{"id":83732,"url":"https:\/\/www.24baires.com\/?p=83732","url_meta":{"origin":41258,"position":2},"title":"Denunciaron a Lorenzetti por malversaci\u00f3n y abuso de autoridad","author":"GB","date":"13\/06\/2016","format":false,"excerpt":"Una nueva denuncia recay\u00f3 sobre el presidente de la Corte suprema de Justicia. Esta vez, una organizaci\u00f3n no gubernamental lo acus\u00f3 de \"utilizar la publicaci\u00f3n de un libro para autopromocionarse\". El presidente de la Corte Suprema, Ricardo Lorenzetti, fue denunciado este lunes los delitos de \"incumplimiento de los deberes de\u2026","rel":"","context":"En \u00abPol\u00edtica\u00bb","block_context":{"text":"Pol\u00edtica","link":"https:\/\/www.24baires.com\/?cat=51"},"img":{"alt_text":"lorenzetti-corte-suprema","src":"https:\/\/i0.wp.com\/www.24baires.com\/wp-content\/uploads\/2012\/10\/lorenzetti-corte-suprema.jpg?resize=350%2C200","width":350,"height":200,"srcset":"https:\/\/i0.wp.com\/www.24baires.com\/wp-content\/uploads\/2012\/10\/lorenzetti-corte-suprema.jpg?resize=350%2C200 1x, https:\/\/i0.wp.com\/www.24baires.com\/wp-content\/uploads\/2012\/10\/lorenzetti-corte-suprema.jpg?resize=525%2C300 1.5x"},"classes":[]},{"id":52571,"url":"https:\/\/www.24baires.com\/?p=52571","url_meta":{"origin":41258,"position":3},"title":"Juzgar\u00e1n a Grassi por malversaci\u00f3n de fondos de la Fundaci\u00f3n","author":"GB","date":"27\/08\/2014","format":false,"excerpt":"El Tribunal Oral Criminal 3 de Mor\u00f3n rechaz\u00f3 un pedido de \"probation\" solicitado por la defensa del cura para suspender la realizaci\u00f3n del juicio por supuesta malversaci\u00f3n de fondos. Grassi, que cumple una condena de 15 a\u00f1os por abuso sexual de menores, deber\u00e1 ir a un nuevo juicio, esta vez\u2026","rel":"","context":"En \u00abJUDICIALES\u00bb","block_context":{"text":"JUDICIALES","link":"https:\/\/www.24baires.com\/?cat=68"},"img":{"alt_text":"grassi","src":"https:\/\/i0.wp.com\/www.24baires.com\/wp-content\/uploads\/2013\/09\/grassi.jpg?resize=350%2C200","width":350,"height":200,"srcset":"https:\/\/i0.wp.com\/www.24baires.com\/wp-content\/uploads\/2013\/09\/grassi.jpg?resize=350%2C200 1x, https:\/\/i0.wp.com\/www.24baires.com\/wp-content\/uploads\/2013\/09\/grassi.jpg?resize=525%2C300 1.5x"},"classes":[]},{"id":100140,"url":"https:\/\/www.24baires.com\/?p=100140","url_meta":{"origin":41258,"position":4},"title":"Detienen a un exintendente de Lincoln por asociaci\u00f3n il\u00edcita","author":"GB","date":"24\/01\/2018","format":false,"excerpt":"Se trata de Jorge Fern\u00e1ndez, quien est\u00e1 acusado por 39 hechos de corrupci\u00f3n. El exintendente de Lincoln, Jorge Fern\u00e1ndez fue detenido en las \u00faltimas horas acusado de encabezar una asociaci\u00f3n il\u00edcita para cometer delitos en su municipio, entre otros \"malversaci\u00f3n, defraudaci\u00f3n a la administraci\u00f3n, falsificaci\u00f3n de documentos y uso de\u2026","rel":"","context":"En \u00abMunicipios\u00bb","block_context":{"text":"Municipios","link":"https:\/\/www.24baires.com\/?cat=44"},"img":{"alt_text":"","src":"https:\/\/i0.wp.com\/www.24baires.com\/wp-content\/uploads\/2018\/01\/ex-intendente-lincol.jpg?resize=350%2C200","width":350,"height":200,"srcset":"https:\/\/i0.wp.com\/www.24baires.com\/wp-content\/uploads\/2018\/01\/ex-intendente-lincol.jpg?resize=350%2C200 1x, https:\/\/i0.wp.com\/www.24baires.com\/wp-content\/uploads\/2018\/01\/ex-intendente-lincol.jpg?resize=525%2C300 1.5x"},"classes":[]},{"id":17480,"url":"https:\/\/www.24baires.com\/?p=17480","url_meta":{"origin":41258,"position":5},"title":"Radican denuncia contra Sergio Massa \u00abpor malversaci\u00f3n de caudales p\u00fablicos\u00bb","author":"Grupo Sierra","date":"04\/03\/2013","format":false,"excerpt":"TIGRE.- El abogado Enrique Piragini dispuso radicar una denuncia por malversaci\u00f3n de caudales p\u00fablicos contra el intendente de Tigre, Sergio Massa, ante la C\u00e1mara\u00a0Nacional Federal en lo Criminal y Correccional de la Capital Federal. La presentaci\u00f3n se basa en datos que surgen de una nota period\u00edstica que da cuenta del\u2026","rel":"","context":"En \u00abMunicipios\u00bb","block_context":{"text":"Municipios","link":"https:\/\/www.24baires.com\/?cat=44"},"img":{"alt_text":"massa candidaturas","src":"https:\/\/i0.wp.com\/www.24baires.com\/wp-content\/uploads\/2012\/12\/massa-candidaturas.jpg?resize=350%2C200","width":350,"height":200,"srcset":"https:\/\/i0.wp.com\/www.24baires.com\/wp-content\/uploads\/2012\/12\/massa-candidaturas.jpg?resize=350%2C200 1x, https:\/\/i0.wp.com\/www.24baires.com\/wp-content\/uploads\/2012\/12\/massa-candidaturas.jpg?resize=525%2C300 1.5x"},"classes":[]}],"jetpack_sharing_enabled":true,"jetpack_likes_enabled":true,"_links":{"self":[{"href":"https:\/\/www.24baires.com\/index.php?rest_route=\/wp\/v2\/posts\/41258","targetHints":{"allow":["GET"]}}],"collection":[{"href":"https:\/\/www.24baires.com\/index.php?rest_route=\/wp\/v2\/posts"}],"about":[{"href":"https:\/\/www.24baires.com\/index.php?rest_route=\/wp\/v2\/types\/post"}],"author":[{"embeddable":true,"href":"https:\/\/www.24baires.com\/index.php?rest_route=\/wp\/v2\/users\/11"}],"replies":[{"embeddable":true,"href":"https:\/\/www.24baires.com\/index.php?rest_route=%2Fwp%2Fv2%2Fcomments&post=41258"}],"version-history":[{"count":2,"href":"https:\/\/www.24baires.com\/index.php?rest_route=\/wp\/v2\/posts\/41258\/revisions"}],"predecessor-version":[{"id":41262,"href":"https:\/\/www.24baires.com\/index.php?rest_route=\/wp\/v2\/posts\/41258\/revisions\/41262"}],"wp:attachment":[{"href":"https:\/\/www.24baires.com\/index.php?rest_route=%2Fwp%2Fv2%2Fmedia&parent=41258"}],"wp:term":[{"taxonomy":"category","embeddable":true,"href":"https:\/\/www.24baires.com\/index.php?rest_route=%2Fwp%2Fv2%2Fcategories&post=41258"},{"taxonomy":"post_tag","embeddable":true,"href":"https:\/\/www.24baires.com\/index.php?rest_route=%2Fwp%2Fv2%2Ftags&post=41258"}],"curies":[{"name":"wp","href":"https:\/\/api.w.org\/{rel}","templated":true}]}}