{"id":4121,"date":"2012-11-01T20:21:48","date_gmt":"2012-11-01T23:21:48","guid":{"rendered":"http:\/\/www.24baires.com\/?p=4121"},"modified":"2012-11-01T20:41:34","modified_gmt":"2012-11-01T23:41:34","slug":"a-pesar-de-los-pedidos-de-las-ciudades-turisticas-las-clases-arrancarian-el-25-de-febrero","status":"publish","type":"post","link":"https:\/\/www.24baires.com\/?p=4121","title":{"rendered":"A pesar de los pedidos de las ciudades tur\u00edsticas, las clases arrancar\u00edan el 25 de febrero"},"content":{"rendered":"<p>El ministro de Educaci\u00f3n, Alberto Sileoni junto a sus 24 pares de todo el pa\u00eds, anunci\u00f3 esta tarde que hubo consenso para que el ciclo lectivo 2013 comience el 25 de febrero, con el objetivo de garantizar los 190 d\u00edas de clase.<!--more--><\/p>\n<p>\u201cEste a\u00f1o, desde el Estado nacional, volvimos a convocar a las provincias a asumir la meta de los 190 d\u00edas. De esta manera, renovamos el compromiso que planteamos en 2011 y fue aprobado por el Consejo Federal de Educaci\u00f3n\u201d, dijo Sileoni.<\/p>\n<p>El ministro lo expres\u00f3 en el marco de la XLVI Asamblea que re\u00fane a los titulares de las carteras educativas de todo el pa\u00eds, que se realiz\u00f3 hoy en la sede del Palacio Pizzurno.<\/p>\n","protected":false},"excerpt":{"rendered":"<p>El ministro de Educaci\u00f3n, Alberto Sileoni junto a sus 24 pares de todo el pa\u00eds, anunci\u00f3 esta tarde que hubo consenso para que el ciclo lectivo 2013 comience el 25 de febrero, con el objetivo de garantizar los 190 d\u00edas de clase.<\/p>\n","protected":false},"author":4,"featured_media":0,"comment_status":"open","ping_status":"open","sticky":false,"template":"","format":"standard","meta":{"_jetpack_newsletter_access":"","_jetpack_dont_email_post_to_subs":false,"_jetpack_newsletter_tier_id":0,"_jetpack_memberships_contains_paywalled_content":false,"_jetpack_memberships_contains_paid_content":false,"footnotes":""},"categories":[1],"tags":[],"class_list":["post-4121","post","type-post","status-publish","format-standard","hentry","category-sociedad"],"jetpack_featured_media_url":"","jetpack_shortlink":"https:\/\/wp.me\/p2JWE0-14t","jetpack-related-posts":[{"id":34340,"url":"https:\/\/www.24baires.com\/?p=34340","url_meta":{"origin":4121,"position":0},"title":"El 26 de febrero empezar\u00e1n las clases en todo el pa\u00eds","author":"GB","date":"29\/10\/2013","format":false,"excerpt":"El ministro de Educaci\u00f3n de la Naci\u00f3n, Alberto Sileoni -acompa\u00f1ado por los 24 titulares de las carteras educativas del pa\u00eds-, anunci\u00f3 que el ciclo lectivo 2014 comenzar\u00e1 el mi\u00e9rcoles 26 de febrero y concluir\u00e1 el 19 de diciembre. De esta manera se garantizan los 190 d\u00edas de clase establecidos por\u2026","rel":"","context":"En \u00abSociedad\u00bb","block_context":{"text":"Sociedad","link":"https:\/\/www.24baires.com\/?cat=1"},"img":{"alt_text":"clases","src":"https:\/\/i0.wp.com\/www.24baires.com\/wp-content\/uploads\/2013\/10\/clases-300x199.jpg?resize=350%2C200","width":350,"height":200},"classes":[]},{"id":34823,"url":"https:\/\/www.24baires.com\/?p=34823","url_meta":{"origin":4121,"position":1},"title":"\u00abScioli escucha a los intendentes\u00bb, asegur\u00f3 Paredi","author":"AF","date":"08\/11\/2013","format":false,"excerpt":"El intendente del municipio de Mar Chiquita, Jorge Paredi, elogi\u00f3 al gobernador Daniel Scioli \"por escuchar el reclamo de los intendentes\", luego de confirmarse desde la Casa de Gobierno provincial, que las clases comenzar\u00e1n en el mes de marzo. \u201cEs una muestra m\u00e1s de que este gobernador escucha a los\u2026","rel":"","context":"En \u00abPol\u00edtica\u00bb","block_context":{"text":"Pol\u00edtica","link":"https:\/\/www.24baires.com\/?cat=51"},"img":{"alt_text":"","src":"","width":0,"height":0},"classes":[]},{"id":51007,"url":"https:\/\/www.24baires.com\/?p=51007","url_meta":{"origin":4121,"position":2},"title":"\u00abNo hay derecho que prevalezca sobre el de los chicos a educarse\u00bb","author":"GB","date":"02\/08\/2014","format":false,"excerpt":"El ministro de Educaci\u00f3n, Alberto Sileoni, critic\u00f3 los paros docentes anunciados por los gremios bonaerenses y les pidi\u00f3 que busquen consensos \"sin interrumpir el servicio educativo\". El ministro de Educaci\u00f3n, Alberto Sileoni, critic\u00f3 a trav\u00e9s de la red social Twitter los paros docentes anunciados por los gremios bonaerenses, al afirmar\u2026","rel":"","context":"En \u00abSociedad\u00bb","block_context":{"text":"Sociedad","link":"https:\/\/www.24baires.com\/?cat=1"},"img":{"alt_text":"sileoni","src":"https:\/\/i0.wp.com\/www.24baires.com\/wp-content\/uploads\/2014\/08\/sileoni.jpg?resize=350%2C200","width":350,"height":200,"srcset":"https:\/\/i0.wp.com\/www.24baires.com\/wp-content\/uploads\/2014\/08\/sileoni.jpg?resize=350%2C200 1x, https:\/\/i0.wp.com\/www.24baires.com\/wp-content\/uploads\/2014\/08\/sileoni.jpg?resize=525%2C300 1.5x"},"classes":[]},{"id":16407,"url":"https:\/\/www.24baires.com\/?p=16407","url_meta":{"origin":4121,"position":3},"title":"Sileoni: \u00abllegar\u00e1 un d\u00eda en que estas discusiones las demos con m\u00e1s racionalidad\u00bb","author":"AF","date":"22\/02\/2013","format":false,"excerpt":"El ministro de Educaci\u00f3n se refiri\u00f3 a la decisi\u00f3n de los gremios UDA, AMET, CEA y Sadop, que anunciaron la realizaci\u00f3n de una medida de fuerza para el lunes, en rechazo al 22 por ciento de aumento otorgado por el gobierno nacional.\"Lamento el paro y espero que en los primeros\u2026","rel":"","context":"En \u00abSociedad\u00bb","block_context":{"text":"Sociedad","link":"https:\/\/www.24baires.com\/?cat=1"},"img":{"alt_text":"sileoni","src":"https:\/\/i0.wp.com\/www.24baires.com\/wp-content\/uploads\/2013\/02\/sileoni-300x171.jpg?resize=350%2C200","width":350,"height":200},"classes":[]},{"id":119387,"url":"https:\/\/www.24baires.com\/?p=119387","url_meta":{"origin":4121,"position":4},"title":"M\u00e1s de 650 escuelas sumar\u00e1n una hora de clases diaria y 261 tendr\u00e1n jornada completa","author":"AF","date":"26\/09\/2022","format":false,"excerpt":"La nueva disposici\u00f3n se da en el marco de un convenio firmado este lunes entre el gobernador bonaerense, Axel Kicillof, y el ministro de Educaci\u00f3n de la Naci\u00f3n, Jaime Perczyk, de modo que la provincia \"suma 110 mil horas semanales, equivalentes a m\u00e1s de 450 mil horas mensuales en sus\u2026","rel":"","context":"En \u00abProvincia\u00bb","block_context":{"text":"Provincia","link":"https:\/\/www.24baires.com\/?cat=40"},"img":{"alt_text":"","src":"https:\/\/i0.wp.com\/www.24baires.com\/wp-content\/uploads\/2022\/09\/kici.jpg?resize=350%2C200","width":350,"height":200,"srcset":"https:\/\/i0.wp.com\/www.24baires.com\/wp-content\/uploads\/2022\/09\/kici.jpg?resize=350%2C200 1x, https:\/\/i0.wp.com\/www.24baires.com\/wp-content\/uploads\/2022\/09\/kici.jpg?resize=525%2C300 1.5x, https:\/\/i0.wp.com\/www.24baires.com\/wp-content\/uploads\/2022\/09\/kici.jpg?resize=700%2C400 2x"},"classes":[]},{"id":119920,"url":"https:\/\/www.24baires.com\/?p=119920","url_meta":{"origin":4121,"position":5},"title":"Escuelas bonaerenses suman una hora m\u00e1s de clases por d\u00eda","author":"GB","date":"21\/03\/2023","format":false,"excerpt":"El ministro de Educaci\u00f3n de la Naci\u00f3n, Jaime Perczyk, junto al director general de Cultura y Educaci\u00f3n provincial, Alberto Sileoni, firmaron un acuerdo para que las escuelas bonaerenses tengan una hora m\u00e1s de clase. El director general de Cultura y Educaci\u00f3n bonaerense, Alberto Sileoni y el ministro de Educaci\u00f3n de\u2026","rel":"","context":"En \u00abProvincia\u00bb","block_context":{"text":"Provincia","link":"https:\/\/www.24baires.com\/?cat=40"},"img":{"alt_text":"","src":"https:\/\/i0.wp.com\/www.24baires.com\/wp-content\/uploads\/2023\/03\/52760171770_e83e4f8c09_o-1024x681-1.webp?resize=350%2C200","width":350,"height":200,"srcset":"https:\/\/i0.wp.com\/www.24baires.com\/wp-content\/uploads\/2023\/03\/52760171770_e83e4f8c09_o-1024x681-1.webp?resize=350%2C200 1x, https:\/\/i0.wp.com\/www.24baires.com\/wp-content\/uploads\/2023\/03\/52760171770_e83e4f8c09_o-1024x681-1.webp?resize=525%2C300 1.5x, https:\/\/i0.wp.com\/www.24baires.com\/wp-content\/uploads\/2023\/03\/52760171770_e83e4f8c09_o-1024x681-1.webp?resize=700%2C400 2x"},"classes":[]}],"jetpack_sharing_enabled":true,"jetpack_likes_enabled":true,"_links":{"self":[{"href":"https:\/\/www.24baires.com\/index.php?rest_route=\/wp\/v2\/posts\/4121","targetHints":{"allow":["GET"]}}],"collection":[{"href":"https:\/\/www.24baires.com\/index.php?rest_route=\/wp\/v2\/posts"}],"about":[{"href":"https:\/\/www.24baires.com\/index.php?rest_route=\/wp\/v2\/types\/post"}],"author":[{"embeddable":true,"href":"https:\/\/www.24baires.com\/index.php?rest_route=\/wp\/v2\/users\/4"}],"replies":[{"embeddable":true,"href":"https:\/\/www.24baires.com\/index.php?rest_route=%2Fwp%2Fv2%2Fcomments&post=4121"}],"version-history":[{"count":1,"href":"https:\/\/www.24baires.com\/index.php?rest_route=\/wp\/v2\/posts\/4121\/revisions"}],"predecessor-version":[{"id":4122,"href":"https:\/\/www.24baires.com\/index.php?rest_route=\/wp\/v2\/posts\/4121\/revisions\/4122"}],"wp:attachment":[{"href":"https:\/\/www.24baires.com\/index.php?rest_route=%2Fwp%2Fv2%2Fmedia&parent=4121"}],"wp:term":[{"taxonomy":"category","embeddable":true,"href":"https:\/\/www.24baires.com\/index.php?rest_route=%2Fwp%2Fv2%2Fcategories&post=4121"},{"taxonomy":"post_tag","embeddable":true,"href":"https:\/\/www.24baires.com\/index.php?rest_route=%2Fwp%2Fv2%2Ftags&post=4121"}],"curies":[{"name":"wp","href":"https:\/\/api.w.org\/{rel}","templated":true}]}}