{"id":4116,"date":"2012-11-01T20:33:12","date_gmt":"2012-11-01T23:33:12","guid":{"rendered":"http:\/\/www.24baires.com\/?p=4116"},"modified":"2012-11-01T20:33:12","modified_gmt":"2012-11-01T23:33:12","slug":"municipios-podran-comprar-maquinas-y-equipos-de-salud-a-traves-del-leasing","status":"publish","type":"post","link":"https:\/\/www.24baires.com\/?p=4116","title":{"rendered":"Municipios podr\u00e1n comprar m\u00e1quinas y equipos de salud a trav\u00e9s del &#8216;Leasing&#8217;"},"content":{"rendered":"<p><img data-recalc-dims=\"1\" loading=\"lazy\" decoding=\"async\" class=\"alignleft size-full wp-image-4117\" title=\"scioli leasing\" src=\"https:\/\/i0.wp.com\/www.24baires.com\/wp-content\/uploads\/2012\/11\/scioli-leasing.jpg?resize=250%2C175\" alt=\"\" width=\"250\" height=\"175\" \/>El gobernador Daniel Scioli particip\u00f3 este jueves de la firma de contratos de Leasing con intendentes de cinco municipios para la adquisici\u00f3n de m\u00f3viles y maquinarias que ser\u00e1n utilizadas por las administraciones locales de Jun\u00edn, Tornquist, Carmen de Areco, Guamin\u00ed y Nueve de Julio para mejorar servicios a sus habitantes.<!--more--><\/p>\n<p>Durante la actividad, que se realiz\u00f3 en el Sal\u00f3n de Acuerdos de la Casa de Gobierno, Scioli asegur\u00f3 que \u201cel Leasing es un sistema que nos viene dando la posibilidad de implementar mecanismos de asistencia para poder acompa\u00f1ar a municipios con equipamiento y acercarles soluciones a los vecinos\u201d.<\/p>\n<p>En la ocasi\u00f3n, se implement\u00f3 por primera vez su uso para la compra de instrumentaci\u00f3n m\u00e9dica, con la adquisici\u00f3n de una m\u00e1quina de anestesia para el hospital municipal de Guamin\u00ed, cuyos pacientes son derivados a centros de mayor complejidad.<\/p>\n<p>Estuvieron presentes la ministra de Gobierno, Cristina \u00c1lvarez Rodr\u00edguez; los intendentes Gustavo Trankels (Tornquist); Mario Meoni (Jun\u00edn); Walter Batistella (9 de julio); Marcelo Skansi (Carmen de Areco); Marcelo Racciatti (Lezama); y Hugo Corbata (Saavedra).<\/p>\n","protected":false},"excerpt":{"rendered":"<p>El gobernador Daniel Scioli particip\u00f3 este jueves de la firma de contratos de Leasing con intendentes de cinco municipios para la adquisici\u00f3n de m\u00f3viles y maquinarias que ser\u00e1n utilizadas por las administraciones locales de Jun\u00edn, Tornquist, Carmen de Areco, Guamin\u00ed y Nueve de Julio para mejorar servicios a sus habitantes.<\/p>\n","protected":false},"author":4,"featured_media":0,"comment_status":"open","ping_status":"open","sticky":false,"template":"","format":"standard","meta":{"_jetpack_newsletter_access":"","_jetpack_dont_email_post_to_subs":false,"_jetpack_newsletter_tier_id":0,"_jetpack_memberships_contains_paywalled_content":false,"_jetpack_memberships_contains_paid_content":false,"footnotes":""},"categories":[38],"tags":[],"class_list":["post-4116","post","type-post","status-publish","format-standard","hentry","category-locales"],"jetpack_featured_media_url":"","jetpack_shortlink":"https:\/\/wp.me\/p2JWE0-14o","jetpack-related-posts":[{"id":36559,"url":"https:\/\/www.24baires.com\/?p=36559","url_meta":{"origin":4116,"position":0},"title":"Villa Gesell: acuerdo para que empleados municipales tengan su 0km","author":"Grupo Sierra","date":"10\/12\/2013","format":false,"excerpt":"El Vicepresidente Ejecutivo del Grupo Provincia, Nicol\u00e1s Scioli, y el Intendente de Villa Gesell, Jorge Rodr\u00edguez Erneta, firmaron hoy un acuerdo para que los empleados comunales accedan a veh\u00edculos a trav\u00e9s de una l\u00ednea espec\u00edfica de Provincia Leasing. Nicol\u00e1s Scioli se\u00f1al\u00f3 que \u201cdesde Provincia Leasing les damos la oportunidad a\u2026","rel":"","context":"En \u00abLocales\u00bb","block_context":{"text":"Locales","link":"https:\/\/www.24baires.com\/?cat=38"},"img":{"alt_text":"","src":"","width":0,"height":0},"classes":[]},{"id":36894,"url":"https:\/\/www.24baires.com\/?p=36894","url_meta":{"origin":4116,"position":1},"title":"Realizan acuerdo para que empleados municipales accedan a un 0 km","author":"GB","date":"15\/12\/2013","format":false,"excerpt":"VILLA GESELL-\u00a0El Vicepresidente Ejecutivo del Grupo Provincia, Nicol\u00e1s Scioli, y el Intendente de Villa Gesell, Jorge Rodr\u00edguez Erneta, firmaron esta semana un acuerdo para que los empleados comunales accedan a veh\u00edculos a trav\u00e9s de una l\u00ednea espec\u00edfica de Provincia Leasing. Nicol\u00e1s Scioli se\u00f1al\u00f3 tras firmar el acuerdo que permite que\u2026","rel":"","context":"En \u00abLocales\u00bb","block_context":{"text":"Locales","link":"https:\/\/www.24baires.com\/?cat=38"},"img":{"alt_text":"muni villa gesell","src":"https:\/\/i0.wp.com\/www.24baires.com\/wp-content\/uploads\/2013\/12\/muni-villa-gesell-300x225.jpg?resize=350%2C200","width":350,"height":200},"classes":[]},{"id":14799,"url":"https:\/\/www.24baires.com\/?p=14799","url_meta":{"origin":4116,"position":2},"title":"A trav\u00e9s de un convenio con Provincia Leasing, el municipio de Azul comprar\u00e1 maquinaria vial","author":"AF","date":"06\/02\/2013","format":false,"excerpt":"El intendente de Azul, Jos\u00e9 Inza, firm\u00f3 con autoridades de Provincia Leasing un contrato para financiar la adquisici\u00f3n de maquinaria vial y veh\u00edculos por un monto total de $980.568. Co este acuerdo se le permitir\u00e1 al distrito de la compra de una gr\u00faa con camilla de auxilio, una camioneta, cuatro\u2026","rel":"","context":"En \u00abLocales\u00bb","block_context":{"text":"Locales","link":"https:\/\/www.24baires.com\/?cat=38"},"img":{"alt_text":"inza azul2","src":"https:\/\/i0.wp.com\/www.24baires.com\/wp-content\/uploads\/2013\/02\/inza-azul2.jpg?resize=350%2C200","width":350,"height":200},"classes":[]},{"id":13493,"url":"https:\/\/www.24baires.com\/?p=13493","url_meta":{"origin":4116,"position":3},"title":"Lezama comprar\u00e1 maquinaria vial con el sistema Provincia Leasing","author":"AF","date":"25\/01\/2013","format":false,"excerpt":"El intendente de Lezama, Marcelo Raciatti, se reuni\u00f3 con el gobernador Daniel Scioli y acordaron que el pr\u00f3ximo martes el municipio firmar\u00e1 un contrato de leasing con Provincia Leasing por 7 millones de pesos para la adquisici\u00f3n de maquinaria vial. Luego de la reuni\u00f3n del trabajo, el jefe comunal destac\u00f3\u2026","rel":"","context":"En \u00abLocales\u00bb","block_context":{"text":"Locales","link":"https:\/\/www.24baires.com\/?cat=38"},"img":{"alt_text":"","src":"","width":0,"height":0},"classes":[]},{"id":14005,"url":"https:\/\/www.24baires.com\/?p=14005","url_meta":{"origin":4116,"position":4},"title":"Lezama: financian la compra de equipamiento vial","author":"AF","date":"30\/01\/2013","format":false,"excerpt":"A trav\u00e9s de un convenio con Provincia Leasing, el intendente de Lezama, Marcelo Racciatti, podr\u00e1 adquirir herramientas y veh\u00edculos para la prestaci\u00f3n de los servicios p\u00fablicos, por el monto de siete millones de pesos. El jefe comunal del municipio de Lezama, Marcelo Racciatti, junto a la ministra de Gobierno, Cristina\u2026","rel":"","context":"En \u00abLocales\u00bb","block_context":{"text":"Locales","link":"https:\/\/www.24baires.com\/?cat=38"},"img":{"alt_text":"","src":"","width":0,"height":0},"classes":[]},{"id":9561,"url":"https:\/\/www.24baires.com\/?p=9561","url_meta":{"origin":4116,"position":5},"title":"Chivilcoy inaugur\u00f3 una planta para el tratamiento de residuos","author":"AF","date":"18\/12\/2012","format":false,"excerpt":"El intendente An\u00edbal Pitelli, junto y el vicepresidente ejecutivo del Grupo Banco Provincia, Nicol\u00e1s Scioli, firmaron un convenio por el cual la provincia financia planta para el tratamiento final de residuos en el distrito de Chivilcoy. Durante la r\u00fabrica, tambi\u00e9n estuvo presente el al gobernador Daniel Scioli, quien destac\u00f3 que\u2026","rel":"","context":"En \u00abLocales\u00bb","block_context":{"text":"Locales","link":"https:\/\/www.24baires.com\/?cat=38"},"img":{"alt_text":"","src":"","width":0,"height":0},"classes":[]}],"jetpack_sharing_enabled":true,"jetpack_likes_enabled":true,"_links":{"self":[{"href":"https:\/\/www.24baires.com\/index.php?rest_route=\/wp\/v2\/posts\/4116","targetHints":{"allow":["GET"]}}],"collection":[{"href":"https:\/\/www.24baires.com\/index.php?rest_route=\/wp\/v2\/posts"}],"about":[{"href":"https:\/\/www.24baires.com\/index.php?rest_route=\/wp\/v2\/types\/post"}],"author":[{"embeddable":true,"href":"https:\/\/www.24baires.com\/index.php?rest_route=\/wp\/v2\/users\/4"}],"replies":[{"embeddable":true,"href":"https:\/\/www.24baires.com\/index.php?rest_route=%2Fwp%2Fv2%2Fcomments&post=4116"}],"version-history":[{"count":1,"href":"https:\/\/www.24baires.com\/index.php?rest_route=\/wp\/v2\/posts\/4116\/revisions"}],"predecessor-version":[{"id":4118,"href":"https:\/\/www.24baires.com\/index.php?rest_route=\/wp\/v2\/posts\/4116\/revisions\/4118"}],"wp:attachment":[{"href":"https:\/\/www.24baires.com\/index.php?rest_route=%2Fwp%2Fv2%2Fmedia&parent=4116"}],"wp:term":[{"taxonomy":"category","embeddable":true,"href":"https:\/\/www.24baires.com\/index.php?rest_route=%2Fwp%2Fv2%2Fcategories&post=4116"},{"taxonomy":"post_tag","embeddable":true,"href":"https:\/\/www.24baires.com\/index.php?rest_route=%2Fwp%2Fv2%2Ftags&post=4116"}],"curies":[{"name":"wp","href":"https:\/\/api.w.org\/{rel}","templated":true}]}}