{"id":41101,"date":"2014-02-25T16:30:35","date_gmt":"2014-02-25T19:30:35","guid":{"rendered":"http:\/\/www.24baires.com\/?p=41101"},"modified":"2014-02-25T16:31:41","modified_gmt":"2014-02-25T19:31:41","slug":"un-debate-constante-estado-y-neutralidad-religiosa","status":"publish","type":"post","link":"https:\/\/www.24baires.com\/?p=41101","title":{"rendered":"Un debate constante: Estado y neutralidad religiosa"},"content":{"rendered":"<p><img data-recalc-dims=\"1\" loading=\"lazy\" decoding=\"async\" src=\"https:\/\/i0.wp.com\/www.24baires.com\/wp-content\/uploads\/2014\/02\/neutralidad.jpg?resize=551%2C367\" alt=\"neutralidad\" width=\"551\" height=\"367\" class=\"aligncenter size-full wp-image-41102\" srcset=\"https:\/\/i0.wp.com\/www.24baires.com\/wp-content\/uploads\/2014\/02\/neutralidad.jpg?w=551&amp;ssl=1 551w, https:\/\/i0.wp.com\/www.24baires.com\/wp-content\/uploads\/2014\/02\/neutralidad.jpg?resize=300%2C199&amp;ssl=1 300w\" sizes=\"auto, (max-width: 551px) 100vw, 551px\" \/>La Asociaci\u00f3n Pensamiento Penal (APP) y la Asociaci\u00f3n por los Derechos Civiles (ADC) lanzaron en el mes de septiembre de 2013 la Campa\u00f1a Nacional en favor de la Neutralidad Religiosa, con el objeto de promover los principios de laicidad estatal e imparcialidad en el ejercicio de la magistratura y el derecho de todas las personas a ser tratadas igualitariamente sin ning\u00fan tipo de discriminaci\u00f3n por motivos religiosos.<!--more--><\/p>\n<p>En l\u00edneas generales, la idea de neutralidad dice relaci\u00f3n con el prop\u00f3sito de conservar la confianza de todos los habitantes de la Rep\u00fablica en que recibir\u00e1n un trato respetuoso e igualitario en perfecta sinton\u00eda con los derechos consagrados nuestra Constituci\u00f3n.<\/p>\n<p>En el marco de la campa\u00f1a, vale la pena recordar que el Estado argentino es laico ya que nuestra Constituci\u00f3n no instaura un Estado confesional; es decir, no hay culto oficial en la Rep\u00fablica Argentina.<\/p>\n<p>En este sentido, el programa constitucional vinculado a la vida en democracia y la idea de igualdad y libertad de culto, junto a las mejores pr\u00e1cticas de tolerancia, imponen el mutuo respeto e igual trato a nivel religioso en todo espacio, correspondiendo al Estado garantizar dichos extremos en el \u00e1mbito p\u00fablico.<\/p>\n<p>Por su parte la Secretar\u00eda de Culto registra en la actualidad, aproximadamente, 2.500 cultos reconocidos en la Rep\u00fablica Argentina. Todos ellos deben convivir, y conviven, de forma pac\u00edfica y tolerante, brindando un terreno f\u00e9rtil para fomentar el di\u00e1logo interreligioso en condiciones reales que promuevan igualdad de oportunidades.<\/p>\n<p>As\u00ed entendidas las cosas, el Estado tiene vedado otorgar superioridad o prioridad a un credo en especial.<\/p>\n<p>A esta altura, es dable aclarar que si bien el art\u00edculo 2 de nuestra Carta magna establece que el Gobierno federal sostiene el culto cat\u00f3lico apost\u00f3lico romano, lo cierto es que el referido \u201csostenimiento\u201d se limita a un sost\u00e9n econ\u00f3mico a cargo del Gobierno federal -producto de los decretos\/leyes 21.950 y 21.540 dictados en el gobierno de facto- lo que no implica el financiamiento estatal del culto cat\u00f3lico apost\u00f3lico y romano ni que el Estado asuma un culto oficial.<\/p>\n<p>Por el contrario, merece ser reiterado, nuestra Constituci\u00f3n y los Tratados con jerarqu\u00eda constitucional establecen cl\u00e1usulas exigiendo igualdad en el trato en el plano religioso . <\/p>\n<p>Por lo dem\u00e1s, respecto de las menciones a Dios en nuestra Constituci\u00f3n nacional, tampoco pueden ser entendidas como parte de un reconocimiento de culto oficial alguno. As\u00ed, muchas constituciones del mundo, en la f\u00f3rmula t\u00edpica propia de la Constituci\u00f3n de los Estados Unidos de 1787, evocan en su pre\u00e1mbulo a Dios sin por ello volverse un Estado confesional.<\/p>\n<p>Volviendo a la campa\u00f1a, APP y ADC solicitaron a las Cortes provinciales y a los Tribunales Orales nacionales de la Ciudad de Buenos Aires que ordenen el retiro de las im\u00e1genes religiosas exhibidas en las salas donde se celebran audiencias p\u00fablicas. A los m\u00e1ximos tribunales provinciales tambi\u00e9n se les requiri\u00f3 el retiro de los s\u00edmbolos religiosos de los espacios p\u00fablicos de los edificios del Poder Judicial de la provincia respectiva. <\/p>\n<p>Esta petici\u00f3n no es antojadiza. Es que, la exhibici\u00f3n de im\u00e1genes religiosas en salas de audiencia p\u00fablica del Poder Judicial se contrapone con el principio de neutralidad religiosa que debe garantizar el Estado argentino; a la vez que contradice el derecho de todos los habitantes a ser tratados igualitariamente, sin ning\u00fan tipo de discriminaci\u00f3n religiosa.<\/p>\n<p>La obligaci\u00f3n de tratamiento igualitario, que proh\u00edbe cualquier tipo de toma de posici\u00f3n estatal a favor de un credo determinado, es particularmente imperativa en el ejercicio de la magistratura, puesto que se encuentra sometido al mandato de ejercer sus funciones de manera \u201cimparcial\u201d .<\/p>\n<p>Esta cuesti\u00f3n no es menor. Como precedente podemos mencionar el pedido de la diputada provincial santafesina Alicia Gutierrez quien, en calidad de testigo en el juicio oral y p\u00fablico por la causa \u201cGuerrieri II\u201d ante el TOF 1 de Rosario, solicit\u00f3 el retiro del s\u00edmbolo religioso que hab\u00eda en la sala de audiencias (era un crucifijo) para prestar declaraci\u00f3n.<\/p>\n<p>Tambi\u00e9n merece ser destacado que, previo a la puesta en marcha de la Campa\u00f1a Nacional en favor de la Neutralidad Religiosa, varios tribunales dispusieron el retiro de s\u00edmbolos religiosos de las salas de audiencias, como por ejemplo la C\u00e1mara Criminal de la provincia del Neuqu\u00e9n, en el mes de marzo de 2013.<\/p>\n<p>En los primeros meses de este a\u00f1o estamos transitando la segunda etapa de la Campa\u00f1a Nacional en favor de la Neutralidad Religiosa, consistente en la recopilar las respuestas de todos los tribunales requeridos.<\/p>\n<p>Los resultados de la primera etapa de la campa\u00f1a pueden ser consultados a trav\u00e9s de la web institucional de la Asociaci\u00f3n Pensamiento Penal<\/p>\n","protected":false},"excerpt":{"rendered":"<p>La Asociaci\u00f3n Pensamiento Penal (APP) y la Asociaci\u00f3n por los Derechos Civiles (ADC) lanzaron en el mes de septiembre de 2013 la Campa\u00f1a Nacional en favor de la Neutralidad Religiosa, con el objeto de promover los principios de laicidad estatal e imparcialidad en el ejercicio de la magistratura y el derecho de todas las personas a ser tratadas igualitariamente sin [&#8230;]<\/p>\n","protected":false},"author":11,"featured_media":0,"comment_status":"open","ping_status":"open","sticky":false,"template":"","format":"standard","meta":{"_jetpack_newsletter_access":"","_jetpack_dont_email_post_to_subs":false,"_jetpack_newsletter_tier_id":0,"_jetpack_memberships_contains_paywalled_content":false,"_jetpack_memberships_contains_paid_content":false,"footnotes":""},"categories":[64],"tags":[],"class_list":["post-41101","post","type-post","status-publish","format-standard","hentry","category-opinion"],"jetpack_featured_media_url":"","jetpack_shortlink":"https:\/\/wp.me\/p2JWE0-aGV","jetpack-related-posts":[{"id":32441,"url":"https:\/\/www.24baires.com\/?p=32441","url_meta":{"origin":41101,"position":0},"title":"Comienza la Campa\u00f1a Nacional a favor de la Neutralidad Religiosa en el Poder Judicial","author":"AF","date":"25\/09\/2013","format":false,"excerpt":"Dos organizaciones no gubernamentales plantean que la exhibici\u00f3n de im\u00e1genes religiosas en salas de audiencias y espacios p\u00fablicos del Poder Judicial se contrapone con el principio de neutralidad religiosa del Estado. Dos organizaciones no gubernamentales empezaron la Campa\u00f1a Nacional a favor de la Neutralidad Religiosa en el Poder Judicial. Pidieron\u2026","rel":"","context":"En \u00abSociedad\u00bb","block_context":{"text":"Sociedad","link":"https:\/\/www.24baires.com\/?cat=1"},"img":{"alt_text":"","src":"","width":0,"height":0},"classes":[]},{"id":99354,"url":"https:\/\/www.24baires.com\/?p=99354","url_meta":{"origin":41101,"position":1},"title":"La Corte dijo \u00abno\u00bb a la educaci\u00f3n religiosa en escuelas p\u00fablicas","author":"AF","date":"12\/12\/2017","format":false,"excerpt":"Tras una intensa puja judicial, el m\u00e1ximo tribunal declar\u00f3 inconstitucional la ley provincial de educaci\u00f3n sancionada en Salta, que integrala educaci\u00f3n religiosa en los planes de estudio. La Corte Suprema de Justicia de la Naci\u00f3n (con el voto de los jueces Ricardo Lorenzetti, Elena Highton de Nolasco y Juan Carlos\u2026","rel":"","context":"En \u00abSociedad\u00bb","block_context":{"text":"Sociedad","link":"https:\/\/www.24baires.com\/?cat=1"},"img":{"alt_text":"","src":"https:\/\/i0.wp.com\/www.24baires.com\/wp-content\/uploads\/2014\/06\/partido-argentina-escuela.jpg?resize=350%2C200","width":350,"height":200,"srcset":"https:\/\/i0.wp.com\/www.24baires.com\/wp-content\/uploads\/2014\/06\/partido-argentina-escuela.jpg?resize=350%2C200 1x, https:\/\/i0.wp.com\/www.24baires.com\/wp-content\/uploads\/2014\/06\/partido-argentina-escuela.jpg?resize=525%2C300 1.5x"},"classes":[]},{"id":95487,"url":"https:\/\/www.24baires.com\/?p=95487","url_meta":{"origin":41101,"position":2},"title":"Pol\u00e9mico: proyecto de Macri pone en peligro al matrimonio igualitario","author":"GB","date":"27\/06\/2017","format":false,"excerpt":"El Poder Ejecutivo present\u00f3 una iniciativa sobre las libertades religiosas que pone en vilo a la educaci\u00f3n sexual y a la uni\u00f3n civil entre dos personas del mismo sexo. El Poder Ejecutivo envi\u00f3 un proyecto sobre las libertades religiosas que pone en peligro a la educaci\u00f3n sexual y al matrimonio\u2026","rel":"","context":"En \u00abSociedad\u00bb","block_context":{"text":"Sociedad","link":"https:\/\/www.24baires.com\/?cat=1"},"img":{"alt_text":"","src":"https:\/\/i0.wp.com\/www.24baires.com\/wp-content\/uploads\/2014\/07\/matrimonio-igualitario.jpg?resize=350%2C200","width":350,"height":200,"srcset":"https:\/\/i0.wp.com\/www.24baires.com\/wp-content\/uploads\/2014\/07\/matrimonio-igualitario.jpg?resize=350%2C200 1x, https:\/\/i0.wp.com\/www.24baires.com\/wp-content\/uploads\/2014\/07\/matrimonio-igualitario.jpg?resize=525%2C300 1.5x"},"classes":[]},{"id":31462,"url":"https:\/\/www.24baires.com\/?p=31462","url_meta":{"origin":41101,"position":3},"title":"\u201cCopiar un CD tiene m\u00e1s pena que entrar a una disquer\u00eda, pegarle al vendedor y robar el disco\u201d","author":"AF","date":"07\/09\/2013","format":false,"excerpt":"Lo se\u00f1al\u00f3 Dami\u00e1n Loreti en una jornada que abord\u00f3 cruces entre internet y regulaci\u00f3n: la neutralidad de la red, la cuesti\u00f3n de los derechos de autor en el entorno digital y la llamada \u201cpirater\u00eda\u201d. Beatriz Busaniche sostuvo que la ley de propiedad Intelectual \"es la m\u00e1s incumplida de nuestro pa\u00eds\".\u2026","rel":"","context":"En \u00abJUDICIALES\u00bb","block_context":{"text":"JUDICIALES","link":"https:\/\/www.24baires.com\/?cat=68"},"img":{"alt_text":"","src":"","width":0,"height":0},"classes":[]},{"id":48709,"url":"https:\/\/www.24baires.com\/?p=48709","url_meta":{"origin":41101,"position":4},"title":"Sandra Mihanovich se presentar\u00e1 en La Plata en jornada por la diversidad","author":"GB","date":"25\/06\/2014","format":false,"excerpt":"La cantante Sandra Mihanovich actuar\u00e1 el pr\u00f3ximo domingo en la ciudad de La Plata, en el marco de una jornada por la inclusi\u00f3n y la no discriminaci\u00f3n organizada por la Asociaci\u00f3n Civil OTRANS. La jornada tendr\u00e1 como lema \"Para entender la diversidad hay que mirar a trav\u00e9s de los ojos\u2026","rel":"","context":"En \u00abEspectaculos\u00bb","block_context":{"text":"Espectaculos","link":"https:\/\/www.24baires.com\/?cat=41"},"img":{"alt_text":"sandra mihanovich","src":"https:\/\/i0.wp.com\/www.24baires.com\/wp-content\/uploads\/2014\/06\/sandra-mihanovich.jpg?resize=350%2C200","width":350,"height":200,"srcset":"https:\/\/i0.wp.com\/www.24baires.com\/wp-content\/uploads\/2014\/06\/sandra-mihanovich.jpg?resize=350%2C200 1x, https:\/\/i0.wp.com\/www.24baires.com\/wp-content\/uploads\/2014\/06\/sandra-mihanovich.jpg?resize=525%2C300 1.5x"},"classes":[]},{"id":34915,"url":"https:\/\/www.24baires.com\/?p=34915","url_meta":{"origin":41101,"position":5},"title":"Marcha del Orgullo con acento en la educaci\u00f3n sexual igualitaria, libre y laica","author":"Grupo Sierra","date":"09\/11\/2013","format":false,"excerpt":"La implementaci\u00f3n de la educaci\u00f3n sexual igualitaria, libre y laica, tal como lo establece la Ley de Educaci\u00f3n Sexual Integral, inspir\u00f3 la XXII Marcha para celebrar lo conquistado en m\u00e1s de dos d\u00e9cadas, afirm\u00f3 C\u00e9sar Cigliutti, presidente de CHA.\u00a0 Miles de personas participaron de la colorida manifestaci\u00f3n. \"Es una buena\u2026","rel":"","context":"En \u00abSociedad\u00bb","block_context":{"text":"Sociedad","link":"https:\/\/www.24baires.com\/?cat=1"},"img":{"alt_text":"orgullo 2013","src":"https:\/\/i0.wp.com\/www.24baires.com\/wp-content\/uploads\/2013\/11\/orgullo-2013.jpg?resize=350%2C200","width":350,"height":200,"srcset":"https:\/\/i0.wp.com\/www.24baires.com\/wp-content\/uploads\/2013\/11\/orgullo-2013.jpg?resize=350%2C200 1x, https:\/\/i0.wp.com\/www.24baires.com\/wp-content\/uploads\/2013\/11\/orgullo-2013.jpg?resize=525%2C300 1.5x"},"classes":[]}],"jetpack_sharing_enabled":true,"jetpack_likes_enabled":true,"_links":{"self":[{"href":"https:\/\/www.24baires.com\/index.php?rest_route=\/wp\/v2\/posts\/41101","targetHints":{"allow":["GET"]}}],"collection":[{"href":"https:\/\/www.24baires.com\/index.php?rest_route=\/wp\/v2\/posts"}],"about":[{"href":"https:\/\/www.24baires.com\/index.php?rest_route=\/wp\/v2\/types\/post"}],"author":[{"embeddable":true,"href":"https:\/\/www.24baires.com\/index.php?rest_route=\/wp\/v2\/users\/11"}],"replies":[{"embeddable":true,"href":"https:\/\/www.24baires.com\/index.php?rest_route=%2Fwp%2Fv2%2Fcomments&post=41101"}],"version-history":[{"count":1,"href":"https:\/\/www.24baires.com\/index.php?rest_route=\/wp\/v2\/posts\/41101\/revisions"}],"predecessor-version":[{"id":41103,"href":"https:\/\/www.24baires.com\/index.php?rest_route=\/wp\/v2\/posts\/41101\/revisions\/41103"}],"wp:attachment":[{"href":"https:\/\/www.24baires.com\/index.php?rest_route=%2Fwp%2Fv2%2Fmedia&parent=41101"}],"wp:term":[{"taxonomy":"category","embeddable":true,"href":"https:\/\/www.24baires.com\/index.php?rest_route=%2Fwp%2Fv2%2Fcategories&post=41101"},{"taxonomy":"post_tag","embeddable":true,"href":"https:\/\/www.24baires.com\/index.php?rest_route=%2Fwp%2Fv2%2Ftags&post=41101"}],"curies":[{"name":"wp","href":"https:\/\/api.w.org\/{rel}","templated":true}]}}