{"id":4110,"date":"2012-11-01T20:26:40","date_gmt":"2012-11-01T23:26:40","guid":{"rendered":"http:\/\/www.24baires.com\/?p=4110"},"modified":"2012-11-02T14:08:16","modified_gmt":"2012-11-02T17:08:16","slug":"bocanera-reconocio-que-a-tettamanti-lo-designaron-a-dedo","status":"publish","type":"post","link":"https:\/\/www.24baires.com\/?p=4110","title":{"rendered":"Bocanera reconoci\u00f3 que a Tettamanti lo designaron &#8216;a dedo&#8217;"},"content":{"rendered":"<p><img data-recalc-dims=\"1\" loading=\"lazy\" decoding=\"async\" class=\"alignleft size-medium wp-image-4113\" title=\"tettamanti\" src=\"https:\/\/i0.wp.com\/www.24baires.com\/wp-content\/uploads\/2012\/11\/tettamanti2.jpg?resize=300%2C193\" alt=\"\" width=\"300\" height=\"193\" srcset=\"https:\/\/i0.wp.com\/www.24baires.com\/wp-content\/uploads\/2012\/11\/tettamanti2.jpg?resize=300%2C193&amp;ssl=1 300w, https:\/\/i0.wp.com\/www.24baires.com\/wp-content\/uploads\/2012\/11\/tettamanti2.jpg?w=560&amp;ssl=1 560w\" sizes=\"auto, (max-width: 300px) 100vw, 300px\" \/>El secretario general del fuero Civil y Comercial ofreci\u00f3 su testimonio ante la Comisi\u00f3n de Disciplina y Acusaci\u00f3n del Consejo de la Magistratura. All\u00ed asegur\u00f3 que al juez, jubilado, Ra\u00fal Tettamanti lo designaron de forma manual.<!--more--><br \/>\nEl secretario general del la C\u00e1mara Civil y Comercial Federal, Gustavo Bocanera, quien prest\u00f3 hoy testimonio ante la Comisi\u00f3n de Disciplina y Acusaci\u00f3n del Consejo de la Magistratura, asegur\u00f3 que al juez jubilado Ra\u00fal Tettamanti lo designaron \u00abde manera manual\u00bb para cubrir la vacante del juzgado n\u00famero 1, que tramita el expediente del Grupo Clar\u00edn contra el art\u00edculo 161 de la Ley de medios.<\/p>\n<p>Bocanera, quien dio testimonio durante cuatro horas ante la Comisi\u00f3n de Disciplina, relat\u00f3 que en sus 34 a\u00f1os de carrera judicial le consta que las designaciones se hicieron siempre de manera inform\u00e1tica, pero que \u00abel sistema de designaci\u00f3n utilizado con los jueces (Ra\u00fal) Tettamanti y (Francisco de As\u00eds) Soto fue manual\u00bb.<\/p>\n<p>\u00abEl sistema utilizado para la designaci\u00f3n de Tettamanti y Soto fue extraordinario\u00bb, dijo el funcionario judicial, que luego relat\u00f3 que el sorteo se hizo utilizando dos recipientes, uno para cada juzgado, con dos papelitos en cada uno\u00bb, que conten\u00edan el nombre de Tettamanti y otro el de Soto.<\/p>\n<p>Tras graficar c\u00f3mo fue la votaci\u00f3n, que \u00e9l mismo presenci\u00f3, Bocanera dio precisiones respecto a c\u00f3mo fue el proceso de designaci\u00f3n de ambos jueces.<\/p>\n<p>Explic\u00f3 que primero se eligi\u00f3 al juez (jubilado) Tettamanti y a Soto, y que unos d\u00edas despu\u00e9s, m\u00e1s precisamente el 5 de septiembre, se realiz\u00f3 el sorteo de los expedientes para sentencia que \u00able iban a tocar a cada uno\u00bb, que result\u00f3 ser el n\u00famero 1 y el 7, respectivamente.<\/p>\n<p>En tanto, dijo que el resultado de este sorteo se oficializ\u00f3 reci\u00e9n el 11 de septiembre, con la \u00abacordada\u00bb que llev\u00f3 la firma del presidente y vicepresidente de la C\u00e1mara Nacional de Apelaciones del fuero Civil y Comercial, Mart\u00edn Farrel y Ricardo Recondo, respectivamente.<\/p>\n<p>Bocanera no se manifest\u00f3 sorprendido por la utilizaci\u00f3n de este m\u00e9todo manual de papelitos, si bien reiter\u00f3 en varias oportunidades que fue \u00abla \u00fanica vez que se us\u00f3\u00bb.<\/p>\n<p>\u00abFue un m\u00e9todo extraordinario que se utiliz\u00f3 para una situaci\u00f3n extraordinaria, ya que se necesitaba cubrir en forma urgente los juzgados\u00bb, justific\u00f3 Bocanera.<\/p>\n<p>Agreg\u00f3 que el sistema de subrogancias semanales que se estaba utilizando \u00abestaba en crisis\u00bb, que le constaba que \u00ablos camaristas estaban preocupados\u00bb porque recib\u00edan diariamente \u00abquejas de funcionarios, jueces y abogados\u00bb.<\/p>\n<p>Por otra parte, mencion\u00f3 tambi\u00e9n un dato relevante respecto a la actuaci\u00f3n de la Corte Suprema de Justicia en su funci\u00f3n de Superintendencia de Justicia, y dijo que en la \u00abacordada\u00bb en la que se design\u00f3 a Tettamanti y Soto, \u00abla Corte no dio su aval\u00bb, sino que dej\u00f3 la resoluci\u00f3n en manos de la C\u00e1mara.<\/p>\n<p>Tambi\u00e9n explic\u00f3 Bocanera que el 1 de octubre del 2009, cuando el grupo Clar\u00edn present\u00f3 su medida cautelar contra el art\u00edculo 161 de la Ley de Medios, funcionaba el sistema de juzgados de turnos, y era f\u00e1cil saber qu\u00e9 juzgado iba a tocar, es decir \u00abse pod\u00edan elegir los juzgados\u00bb.<\/p>\n<p>\u00abHab\u00eda un cronograma de juzgados de turnos para todo el a\u00f1o, y en todo el pa\u00eds\u00bb, precis\u00f3 Bocanera, que record\u00f3 que el 1 de octubre, cuando el Grupo Clar\u00edn present\u00f3 la medida cautelar contra el art\u00edculo 161 de la Ley de Medios, el juzgado n\u00famero 1 estaba de turno, y a cargo del juez Edmundo Carbone (el sistema de turnos dej\u00f3 de existir el 22 de octubre del 2009).<\/p>\n<p>La semana pasada, jueces de primera instancia que declararon en el mismo \u00e1mbito y en el marco del mismo expediente hab\u00edan informado en el mismo sentido que Bocanera.<\/p>\n<p>Bocanera tambi\u00e9n se refiri\u00f3 a la licencia pedida por el juez Francisco de las Carreras para asistir a un congreso en Miami, organizado por el Centro de Estudios para el Desarrollo de las Telecomunicaciones y Acceso a la Sociedad de Informaci\u00f3n de Am\u00e9rica latina (Certal), donde fue invitado por el Grupo Clar\u00edn, a trav\u00e9s de su empresa Cablevisi\u00f3n.<\/p>\n<p>Si bien no pudo dar precisiones respecto a las fechas entre las cuales se extendi\u00f3 la licencia solicitada por De las Carreras, afirm\u00f3 que le constaba que s\u00ed la hab\u00eda pedido, y agreg\u00f3 que \u00abhab\u00eda m\u00e1s de un camarista\u00bb que tambi\u00e9n pidi\u00f3 permiso para ausentarse en esa fecha.<\/p>\n<p>Seg\u00fan dijo, los cincos camaristas fueron: Francisco De las Carreras, Alfredo Gusman, Santiago Kiernan, Ricardo Guarinoni y Ricardo Recondo, este \u00faltimo adem\u00e1s integrante del Consejo de la Magistratura.<\/p>\n<p>Al ser consultado sobre si era habitual que cinco camaristas sobre un total de ocho viajaran todos juntos para asistir a un Congreso, dijo: \u00abno me consta\u00bb.<\/p>\n<p>La reuni\u00f3n de la Comisi\u00f3n de Disciplina y Acusaciones del Consejo comenz\u00f3 a las 12 en la sala de reuniones del piso segundo del edificio de Libertad al 700, con el objetivo de reanudar el cuarto intermedio al que pasaron el lunes.<\/p>\n<p>Asistieron a la reuni\u00f3n el presidente de la Comisi\u00f3n, Carlos Moreno; el representante del Poder Ejecutivo, Hern\u00e1n Ordiales; la diputada kirchnerista Stella Maris C\u00f3rdoba, el presidente del Consejo y representante acad\u00e9mico, Manuel Urriza, el representante de los abogados de la Ciudad de Buenos Aires, Alejandro Fargosi; el representante de los abogados de las provincias, Daniel Ostropolsky; el senador radical Oscar Aguad; el juez Mario Fera; y el senador Mario Cimadevilla, con la presencia del secretario N\u00e9stor Smith.<\/p>\n<p>Antes de escuchar la declaraci\u00f3n testimonial bajo juramento del secretario general de la C\u00e1mara Nacional de Apelaciones del fuero Civil y Comercial, el presidente del Consejo de la Magistratura, Manuel Urriza recibi\u00f3 a las Madres del Dolor, que sumaron su denuncia contra el juez Axel L\u00f3pez, a la ya presentada el lunes \u00faltimo por Alejandro Fagosi, y que instruir\u00e1 el pleno de la Comisi\u00f3n de Disciplina y Acusaci\u00f3n del Consejo.<\/p>\n<p>En tanto, se espera el descargo de los camaristas del fuero Civil y Comercial, que deber\u00e1n responder un interrogatorio por escrito para esclarecer c\u00f3mo funcionaba el sistema de subrogancias rotativas semanales que se ven\u00eda implementando para cubrir juzgados vacantes.<\/p>\n<p>Tambi\u00e9n est\u00e1 pendiente el descargo por escrito del juez Francisco de las Carreras respecto a qui\u00e9n financi\u00f3 el viaje a Miami para asistir a un Congreso que auspiciaba Cablevisi\u00f3n, adem\u00e1s de otras empresas.<\/p>\n","protected":false},"excerpt":{"rendered":"<p>El secretario general del fuero Civil y Comercial ofreci\u00f3 su testimonio ante la Comisi\u00f3n de Disciplina y Acusaci\u00f3n del Consejo de la Magistratura. All\u00ed asegur\u00f3 que al juez, jubilado, Ra\u00fal Tettamanti lo designaron de forma manual.<\/p>\n","protected":false},"author":4,"featured_media":0,"comment_status":"open","ping_status":"open","sticky":false,"template":"","format":"standard","meta":{"_jetpack_newsletter_access":"","_jetpack_dont_email_post_to_subs":false,"_jetpack_newsletter_tier_id":0,"_jetpack_memberships_contains_paywalled_content":false,"_jetpack_memberships_contains_paid_content":false,"footnotes":""},"categories":[54],"tags":[],"class_list":["post-4110","post","type-post","status-publish","format-standard","hentry","category-medios"],"jetpack_featured_media_url":"","jetpack_shortlink":"https:\/\/wp.me\/p2JWE0-14i","jetpack-related-posts":[{"id":3121,"url":"https:\/\/www.24baires.com\/?p=3121","url_meta":{"origin":4110,"position":0},"title":"Por las denuncias de irregularidades, declaran varios jueces en el Consejo de la Magistratura","author":"Grupo Sierra","date":"24\/10\/2012","format":false,"excerpt":"La Comisi\u00f3n de Disciplina y Acusaci\u00f3n escuchar\u00e1 este jueves, a ocho jueces y a un magistrado jubilado, en el marco de la denuncia por irregularidades en designaciones en el juzgado que tramita la Ley de Medios. En una comunicaci\u00f3n oficial, el Consejo de la Magistratura inform\u00f3 que a partir de\u2026","rel":"","context":"En \u00abMedios\u00bb","block_context":{"text":"Medios","link":"https:\/\/www.24baires.com\/?cat=54"},"img":{"alt_text":"","src":"https:\/\/i0.wp.com\/www.24baires.com\/wp-content\/uploads\/2012\/10\/consejo-magistratura.jpg?resize=350%2C200","width":350,"height":200,"srcset":"https:\/\/i0.wp.com\/www.24baires.com\/wp-content\/uploads\/2012\/10\/consejo-magistratura.jpg?resize=350%2C200 1x, https:\/\/i0.wp.com\/www.24baires.com\/wp-content\/uploads\/2012\/10\/consejo-magistratura.jpg?resize=525%2C300 1.5x"},"classes":[]},{"id":1409,"url":"https:\/\/www.24baires.com\/?p=1409","url_meta":{"origin":4110,"position":1},"title":"\u00abEl nuevo Carbone se llama Tettamanti\u00bb","author":"AF","date":"08\/10\/2012","format":false,"excerpt":"Julio Alak asegur\u00f3 que el magistrado designado en el juzgado en el que radica la presentaci\u00f3n del Grupo Clar\u00edn por el art\u00edculo de desinversi\u00f3n de la Ley de Medios, Ra\u00fal Tettamanti, es \"el nuevo Carbone\", en alusi\u00f3n al juez que dio la cautelar que mantuvo m\u00e1s de dos a\u00f1os congelada\u2026","rel":"","context":"En \u00abMedios\u00bb","block_context":{"text":"Medios","link":"https:\/\/www.24baires.com\/?cat=54"},"img":{"alt_text":"","src":"https:\/\/i0.wp.com\/www.24baires.com\/wp-content\/uploads\/2012\/10\/alak.jpg?resize=350%2C200","width":350,"height":200,"srcset":"https:\/\/i0.wp.com\/www.24baires.com\/wp-content\/uploads\/2012\/10\/alak.jpg?resize=350%2C200 1x, https:\/\/i0.wp.com\/www.24baires.com\/wp-content\/uploads\/2012\/10\/alak.jpg?resize=525%2C300 1.5x"},"classes":[]},{"id":1278,"url":"https:\/\/www.24baires.com\/?p=1278","url_meta":{"origin":4110,"position":2},"title":"Denuncian por supuesto fraude con acciones de Telecom al juez que definir\u00e1 sobre el art\u00edculo 161 de la Ley de Medios","author":"Grupo Sierra","date":"07\/10\/2012","format":false,"excerpt":"El juez Ra\u00fal Tettamanti, designado de manera transitoria en el tribunal que deber\u00e1 definir la constitucionalidad del art\u00edculo 161 de la Ley de Servicios de Comunicaci\u00f3n Audiovisual, objetado por el grupo Clar\u00edn, fue denunciado por supuesto fraude con acciones de Telecom y pidieron su juicio pol\u00edtico. A trav\u00e9s de un\u2026","rel":"","context":"En \u00abMedios\u00bb","block_context":{"text":"Medios","link":"https:\/\/www.24baires.com\/?cat=54"},"img":{"alt_text":"","src":"","width":0,"height":0},"classes":[]},{"id":1757,"url":"https:\/\/www.24baires.com\/?p=1757","url_meta":{"origin":4110,"position":3},"title":"Alak pide \u00abjueces naturales\u00bb y cuestion\u00f3 a los miembros de la oposici\u00f3n en la Magistratura","author":"Grupo Sierra","date":"12\/10\/2012","format":false,"excerpt":"El ministro de Justicia, Julio Alak, cuestion\u00f3 a los miembros de la oposici\u00f3n en el Consejo de la Magistratura y los acus\u00f3 de \"privar a los argentinos de tener un juez natural\". Los cuestionamientos fueron dirigidos a los miembros de la oposici\u00f3n en el Consejo de la Magistratura que ayer\u2026","rel":"","context":"En \u00abMedios\u00bb","block_context":{"text":"Medios","link":"https:\/\/www.24baires.com\/?cat=54"},"img":{"alt_text":"","src":"https:\/\/i0.wp.com\/www.24baires.com\/wp-content\/uploads\/2012\/10\/alak.jpg?resize=350%2C200","width":350,"height":200,"srcset":"https:\/\/i0.wp.com\/www.24baires.com\/wp-content\/uploads\/2012\/10\/alak.jpg?resize=350%2C200 1x, https:\/\/i0.wp.com\/www.24baires.com\/wp-content\/uploads\/2012\/10\/alak.jpg?resize=525%2C300 1.5x"},"classes":[]},{"id":1102,"url":"https:\/\/www.24baires.com\/?p=1102","url_meta":{"origin":4110,"position":4},"title":"Alak denunci\u00f3 maniobras \u00abfuncionales al Grupo Clar\u00edn\u00bb contra la vigencia plena de la Ley de Medios","author":"Grupo Sierra","date":"05\/10\/2012","format":false,"excerpt":"El ministro de Justicia se\u00a0refiri\u00f3\u00a0a la decisi\u00f3n de cinco integrantes de la Magistratura de bloquear la designaci\u00f3n del juez titular que deber\u00e1 fallar sobre la cl\u00e1usula que obliga al grupo Clar\u00edn a desinvertir. Alak advirti\u00f3 sobre una \"maniobra que apunta a tener en suspenso el art\u00edculo 161 de la ley\u2026","rel":"","context":"En \u00abMedios\u00bb","block_context":{"text":"Medios","link":"https:\/\/www.24baires.com\/?cat=54"},"img":{"alt_text":"","src":"","width":0,"height":0},"classes":[]},{"id":1539,"url":"https:\/\/www.24baires.com\/?p=1539","url_meta":{"origin":4110,"position":5},"title":"Renunci\u00f3 Tettamanti, el juez recusado por el Gobierno","author":"AF","date":"09\/10\/2012","format":false,"excerpt":"El ministro de Justicia, Julio Alak, hab\u00eda anunciado la semana pasada que objetar\u00eda la designaci\u00f3n del juez jubilado Ra\u00fal Tettamanti, convocado como subrogante para resolver sobre la cl\u00e1usula que obliga al Grupo Clar\u00edn a desinvertir a partir del 7 de diciembre, y hab\u00eda afirmado que exist\u00edan indicios de que el\u2026","rel":"","context":"En \u00abMedios\u00bb","block_context":{"text":"Medios","link":"https:\/\/www.24baires.com\/?cat=54"},"img":{"alt_text":"","src":"","width":0,"height":0},"classes":[]}],"jetpack_sharing_enabled":true,"jetpack_likes_enabled":true,"_links":{"self":[{"href":"https:\/\/www.24baires.com\/index.php?rest_route=\/wp\/v2\/posts\/4110","targetHints":{"allow":["GET"]}}],"collection":[{"href":"https:\/\/www.24baires.com\/index.php?rest_route=\/wp\/v2\/posts"}],"about":[{"href":"https:\/\/www.24baires.com\/index.php?rest_route=\/wp\/v2\/types\/post"}],"author":[{"embeddable":true,"href":"https:\/\/www.24baires.com\/index.php?rest_route=\/wp\/v2\/users\/4"}],"replies":[{"embeddable":true,"href":"https:\/\/www.24baires.com\/index.php?rest_route=%2Fwp%2Fv2%2Fcomments&post=4110"}],"version-history":[{"count":3,"href":"https:\/\/www.24baires.com\/index.php?rest_route=\/wp\/v2\/posts\/4110\/revisions"}],"predecessor-version":[{"id":4166,"href":"https:\/\/www.24baires.com\/index.php?rest_route=\/wp\/v2\/posts\/4110\/revisions\/4166"}],"wp:attachment":[{"href":"https:\/\/www.24baires.com\/index.php?rest_route=%2Fwp%2Fv2%2Fmedia&parent=4110"}],"wp:term":[{"taxonomy":"category","embeddable":true,"href":"https:\/\/www.24baires.com\/index.php?rest_route=%2Fwp%2Fv2%2Fcategories&post=4110"},{"taxonomy":"post_tag","embeddable":true,"href":"https:\/\/www.24baires.com\/index.php?rest_route=%2Fwp%2Fv2%2Ftags&post=4110"}],"curies":[{"name":"wp","href":"https:\/\/api.w.org\/{rel}","templated":true}]}}