{"id":40985,"date":"2014-02-23T20:13:02","date_gmt":"2014-02-23T23:13:02","guid":{"rendered":"http:\/\/www.24baires.com\/?p=40985"},"modified":"2014-02-23T20:13:56","modified_gmt":"2014-02-23T23:13:56","slug":"ju5t1cia-1","status":"publish","type":"post","link":"https:\/\/www.24baires.com\/?p=40985","title":{"rendered":"JU5T1CIA + 1"},"content":{"rendered":"<p><img data-recalc-dims=\"1\" loading=\"lazy\" decoding=\"async\" class=\"aligncenter size-full wp-image-34330\" alt=\"tragedia once\" src=\"https:\/\/i0.wp.com\/www.24baires.com\/wp-content\/uploads\/2013\/10\/tragedia-once.jpg?resize=560%2C307\" width=\"560\" height=\"307\" srcset=\"https:\/\/i0.wp.com\/www.24baires.com\/wp-content\/uploads\/2013\/10\/tragedia-once.jpg?w=560&amp;ssl=1 560w, https:\/\/i0.wp.com\/www.24baires.com\/wp-content\/uploads\/2013\/10\/tragedia-once.jpg?resize=300%2C164&amp;ssl=1 300w\" sizes=\"auto, (max-width: 560px) 100vw, 560px\" \/><\/p>\n<p>Pocas cosas tan inolvidables como las tragedias. Llamamos as\u00ed aqu\u00ed a todas esas circunstancias de la vida que ocurren a las personas y las dejan marcadas por el dolor, la p\u00e9rdida, las dejan signadas por la desaz\u00f3n de la ausencia irreparable, de la angustia permanente. Al menos as\u00ed se me ocurre que podemos llamar a la tragedia: lo irreparable, lo que no puede volver a ser como era aunque dediquemos nuestra vida a intentarlo. Saber de esa imposibilidad constituye otra tragedia.<!--more--><br \/>\nEso es lo que ocurri\u00f3 hace dos a\u00f1os en la estaci\u00f3n de trenes de Once, donde 52 personas perdieron la vida en una colisi\u00f3n a la que no le quitaremos importancia llam\u00e1ndola \u2018accidente\u2019, ni le faltaremos el respeto a la memoria de las v\u00edctimas y sus familiares tild\u00e1ndola de tal cosa, pues si se puede evitar, no es un accidente: es otra cosa.<br \/>\nEl 22 de febrero a las 8.32, en el and\u00e9n 2 de la estaci\u00f3n de Once, una formaci\u00f3n del tren de la l\u00ednea Sarmiento impact\u00f3 contra la valla de contenci\u00f3n y caus\u00f3 la muerte de 52 personas e hiri\u00f3 a m\u00e1s de 800. Este 18 de marzo comenzar\u00e1 el juicio para los 29 imputados por esta tragedia, donde se buscar\u00e1 hacer justicia poniendo en el banquillo de los acusados a los ex secretarios de Transportes Juan Pablo Schiavi y Ricardo Jaime, as\u00ed como a los empresarios Sergio, Mario y Roque Cirigliano. Tambi\u00e9n el exsubsecretario de Transporte Ferroviario Antonio Luna, los extitulares de la CNRT Pedro Ochoa y Eduardo S\u00edcaro, y el maquinista de la formaci\u00f3n que choc\u00f3, Marcos C\u00f3rdoba, adem\u00e1s de varios directivos de TBA. En la causa se investigan los delitos de descarrilamiento culposo, agravado por muerte, y defraudaci\u00f3n, en perjuicio de las 52 v\u00edctimas mortales y los 800 heridos.<br \/>\nSobre los exfuncionarios nacionales Schiavi, Jaime y Luna pesa la acusaci\u00f3n de no haber controlado las condiciones de funcionamiento y utilizaci\u00f3n del material rodante, de la infraestructura, personal transferido y la aplicaci\u00f3n de fondos p\u00fablicos que el Estado Nacional puso a disposici\u00f3n de TBA, pues ese accionar (o la falta de) pudo haber causado el siniestro. Adem\u00e1s, la justicia resolvi\u00f3 que el Estado Nacional no podr\u00e1 ser querellante, pues est\u00e1 en discusi\u00f3n su eventual responsabilidad, penal y civil.<br \/>\nComo m\u00e1s arriba definimos, digamos, de entre casa el t\u00e9rmino tragedia, podr\u00edamos hacer el intento con el vocablo justicia, pero caer\u00edamos en facilismos y en opiniones personales que no nos acercar\u00edan m\u00e1s a una definici\u00f3n que a un deseo individual y lo que ocurri\u00f3 hace dos a\u00f1os en la estaci\u00f3n de Once es algo mucho m\u00e1s que un deseo personal de Justicia, trasciende, como todas aquellas tragedias que han apu\u00f1alado nuestro pa\u00eds, como la Embajada, AMIA, hace d\u00e9cadas, o la inundaci\u00f3n de CABA y La Plata de hace casi un a\u00f1o, la explosi\u00f3n en Rosario, el alud en Catamarca, por citar las m\u00e1s recientes, y nos tienen que encontrar unidos y firmes para exigir que todo aquello que puede evitarse con responsabilidad, capacidad y aptitud, no sea reemplazado con irresponsabilidad homicida, negligencia y corrupci\u00f3n. Justicia por las v\u00edctimas, justicia para que no vuelva a pasar.<\/p>\n","protected":false},"excerpt":{"rendered":"<p>Pocas cosas tan inolvidables como las tragedias. Llamamos as\u00ed aqu\u00ed a todas esas circunstancias de la vida que ocurren a las personas y las dejan marcadas por el dolor, la p\u00e9rdida, las dejan signadas por la desaz\u00f3n de la ausencia irreparable, de la angustia permanente. Al menos as\u00ed se me ocurre que podemos llamar a la tragedia: lo irreparable, lo [&#8230;]<\/p>\n","protected":false},"author":11,"featured_media":0,"comment_status":"open","ping_status":"open","sticky":false,"template":"","format":"standard","meta":{"_jetpack_newsletter_access":"","_jetpack_dont_email_post_to_subs":false,"_jetpack_newsletter_tier_id":0,"_jetpack_memberships_contains_paywalled_content":false,"_jetpack_memberships_contains_paid_content":false,"footnotes":""},"categories":[64],"tags":[],"class_list":["post-40985","post","type-post","status-publish","format-standard","hentry","category-opinion"],"jetpack_featured_media_url":"","jetpack_shortlink":"https:\/\/wp.me\/p2JWE0-aF3","jetpack-related-posts":[{"id":16343,"url":"https:\/\/www.24baires.com\/?p=16343","url_meta":{"origin":40985,"position":0},"title":"Cristina: \u201cQuiero rendir un homenaje a las v\u00edctimas de la tragedia de Once\u201d","author":"AF","date":"21\/02\/2013","format":false,"excerpt":"La Presidenta record\u00f3 a las v\u00edctimas y envi\u00f3 un \"abrazo solidario\" a sus familias. \"S\u00e9 que la p\u00e9rdida de un ser querido es irreparable, pero ah\u00ed est\u00e1 la Justicia para determinar responsabilidades\". Cristina Fern\u00e1ndez de Kirchner record\u00f3 a las v\u00edctimas de la tragedia de Once y envi\u00f3 un \"abrazo solidario\"\u2026","rel":"","context":"En \u00abSociedad\u00bb","block_context":{"text":"Sociedad","link":"https:\/\/www.24baires.com\/?cat=1"},"img":{"alt_text":"cristina_tecnopolis6_39090","src":"https:\/\/i0.wp.com\/www.24baires.com\/wp-content\/uploads\/2013\/02\/cristina_tecnopolis6_39090.jpg?resize=350%2C200","width":350,"height":200,"srcset":"https:\/\/i0.wp.com\/www.24baires.com\/wp-content\/uploads\/2013\/02\/cristina_tecnopolis6_39090.jpg?resize=350%2C200 1x, https:\/\/i0.wp.com\/www.24baires.com\/wp-content\/uploads\/2013\/02\/cristina_tecnopolis6_39090.jpg?resize=525%2C300 1.5x"},"classes":[]},{"id":61827,"url":"https:\/\/www.24baires.com\/?p=61827","url_meta":{"origin":40985,"position":1},"title":"Scioli ofreci\u00f3 recursos para los damnificados por el temporal de C\u00f3rdoba","author":"GB","date":"16\/02\/2015","format":false,"excerpt":"El gobernador bonaerense, ofreci\u00f3 al gobierno de esa provincia \"recursos humanos y materiales\" para paliar la tragedia. El mandatario bonaerense y precandidato presidencial tambi\u00e9n salud\u00f3 especialmente a bomberos, personal de Defensa Civil, m\u00e9dicos, enfermeros y polic\u00edas \"que con valor llevan adelante las tareas de rescate\". \"Pongo tambi\u00e9n a disposici\u00f3n del\u2026","rel":"","context":"En \u00abPol\u00edtica\u00bb","block_context":{"text":"Pol\u00edtica","link":"https:\/\/www.24baires.com\/?cat=51"},"img":{"alt_text":"temporan codoba","src":"https:\/\/i0.wp.com\/www.24baires.com\/wp-content\/uploads\/2015\/02\/temporan-codoba.jpg?resize=350%2C200","width":350,"height":200,"srcset":"https:\/\/i0.wp.com\/www.24baires.com\/wp-content\/uploads\/2015\/02\/temporan-codoba.jpg?resize=350%2C200 1x, https:\/\/i0.wp.com\/www.24baires.com\/wp-content\/uploads\/2015\/02\/temporan-codoba.jpg?resize=525%2C300 1.5x"},"classes":[]},{"id":31688,"url":"https:\/\/www.24baires.com\/?p=31688","url_meta":{"origin":40985,"position":2},"title":"Tragedia de Once: \u00abFue un error humano\u00bb enfatiz\u00f3 el abogado que representa a las v\u00edctimas","author":"GB","date":"11\/09\/2013","format":false,"excerpt":"El abogado Gregorio Dalb\u00f3n, que representa a la mayor\u00eda de las v\u00edctimas de las tragedias ferroviarias de Once y Castelar, dijo que en ambos casos \"el error fue humano\" y sostuvo que \"hay que ser franco ante la gente, porque la verdad siempre surge\". \"Este tipo de tragedias suceden en\u2026","rel":"","context":"En \u00abSociedad\u00bb","block_context":{"text":"Sociedad","link":"https:\/\/www.24baires.com\/?cat=1"},"img":{"alt_text":"","src":"","width":0,"height":0},"classes":[]},{"id":26005,"url":"https:\/\/www.24baires.com\/?p=26005","url_meta":{"origin":40985,"position":3},"title":"Diputados pide por el esclarecimiento de la muerte del hincha de Lan\u00fas","author":"AF","date":"15\/06\/2013","format":false,"excerpt":"La C\u00e1mara de Diputados bonaerense repudi\u00f3 el asesinato del simpatizante del Club Atl\u00e9tico Lan\u00fas Daniel Gerez en las inmediaciones del Estadio Ciudad de La Plata en circunstancias que involucrar\u00edan a efectivos de la Polic\u00eda bonaerense y aprob\u00f3 una iniciativa para pedir el esclarecimiento del hecho. En tal sentido, apoy\u00f3 una\u2026","rel":"","context":"En \u00abSociedad\u00bb","block_context":{"text":"Sociedad","link":"https:\/\/www.24baires.com\/?cat=1"},"img":{"alt_text":"","src":"","width":0,"height":0},"classes":[]},{"id":45341,"url":"https:\/\/www.24baires.com\/?p=45341","url_meta":{"origin":40985,"position":4},"title":"Tragedia de Once: autorizaron a Jaime a no presenciar las declaraciones de las v\u00edctimas","author":"GB","date":"05\/05\/2014","format":false,"excerpt":"Con el testimonio de v\u00edctimas y testigos comenz\u00f3 la 11\u00b0 audiencia del juicio contra 29 imputados por el accidente que hace m\u00e1s de dos a\u00f1os le cost\u00f3 la vida a 51 personas. El permiso otorgado a Jaime tambi\u00e9n alcanza al ex titular de la CNRT. En el inicio de una\u2026","rel":"","context":"En \u00abJUDICIALES\u00bb","block_context":{"text":"JUDICIALES","link":"https:\/\/www.24baires.com\/?cat=68"},"img":{"alt_text":"Jaime","src":"https:\/\/i0.wp.com\/www.24baires.com\/wp-content\/uploads\/2013\/08\/Jaime.jpg?resize=350%2C200","width":350,"height":200},"classes":[]},{"id":45848,"url":"https:\/\/www.24baires.com\/?p=45848","url_meta":{"origin":40985,"position":5},"title":"Tragedia de Castelar: el conductor del tren ir\u00e1 a juicio","author":"Grupo Sierra","date":"12\/05\/2014","format":false,"excerpt":"El juez elev\u00f3 a proceso la causa por el choque de trenes en el que murieron 3 personas. Acusan al motorman de \"estrago culposo\". La causa por el accidente ferroviario de Castelar, en el que tres personas murieron y varias resultaron heridas cuando un tren choc\u00f3 a otro, el 13\u2026","rel":"","context":"En \u00abJUDICIALES\u00bb","block_context":{"text":"JUDICIALES","link":"https:\/\/www.24baires.com\/?cat=68"},"img":{"alt_text":"tragedia castelar","src":"https:\/\/i0.wp.com\/www.24baires.com\/wp-content\/uploads\/2014\/05\/tragedia-castelar.jpg?resize=350%2C200","width":350,"height":200,"srcset":"https:\/\/i0.wp.com\/www.24baires.com\/wp-content\/uploads\/2014\/05\/tragedia-castelar.jpg?resize=350%2C200 1x, https:\/\/i0.wp.com\/www.24baires.com\/wp-content\/uploads\/2014\/05\/tragedia-castelar.jpg?resize=525%2C300 1.5x"},"classes":[]}],"jetpack_sharing_enabled":true,"jetpack_likes_enabled":true,"_links":{"self":[{"href":"https:\/\/www.24baires.com\/index.php?rest_route=\/wp\/v2\/posts\/40985","targetHints":{"allow":["GET"]}}],"collection":[{"href":"https:\/\/www.24baires.com\/index.php?rest_route=\/wp\/v2\/posts"}],"about":[{"href":"https:\/\/www.24baires.com\/index.php?rest_route=\/wp\/v2\/types\/post"}],"author":[{"embeddable":true,"href":"https:\/\/www.24baires.com\/index.php?rest_route=\/wp\/v2\/users\/11"}],"replies":[{"embeddable":true,"href":"https:\/\/www.24baires.com\/index.php?rest_route=%2Fwp%2Fv2%2Fcomments&post=40985"}],"version-history":[{"count":1,"href":"https:\/\/www.24baires.com\/index.php?rest_route=\/wp\/v2\/posts\/40985\/revisions"}],"predecessor-version":[{"id":40986,"href":"https:\/\/www.24baires.com\/index.php?rest_route=\/wp\/v2\/posts\/40985\/revisions\/40986"}],"wp:attachment":[{"href":"https:\/\/www.24baires.com\/index.php?rest_route=%2Fwp%2Fv2%2Fmedia&parent=40985"}],"wp:term":[{"taxonomy":"category","embeddable":true,"href":"https:\/\/www.24baires.com\/index.php?rest_route=%2Fwp%2Fv2%2Fcategories&post=40985"},{"taxonomy":"post_tag","embeddable":true,"href":"https:\/\/www.24baires.com\/index.php?rest_route=%2Fwp%2Fv2%2Ftags&post=40985"}],"curies":[{"name":"wp","href":"https:\/\/api.w.org\/{rel}","templated":true}]}}