{"id":4094,"date":"2012-11-01T14:10:13","date_gmt":"2012-11-01T17:10:13","guid":{"rendered":"http:\/\/www.24baires.com\/?p=4094"},"modified":"2012-11-01T14:53:28","modified_gmt":"2012-11-01T17:53:28","slug":"cristina-no-voy-a-tomar-una-sola-decision-que-perjudique-al-pais","status":"publish","type":"post","link":"https:\/\/www.24baires.com\/?p=4094","title":{"rendered":"Cristina: \u00abNo voy a tomar una sola decisi\u00f3n que perjudique al pa\u00eds\u00bb"},"content":{"rendered":"<p><img data-recalc-dims=\"1\" loading=\"lazy\" decoding=\"async\" class=\"size-full wp-image-4097 aligncenter\" title=\"cristina\" src=\"https:\/\/i0.wp.com\/www.24baires.com\/wp-content\/uploads\/2012\/11\/cristina2.jpg?resize=560%2C335\" alt=\"\" width=\"560\" height=\"335\" srcset=\"https:\/\/i0.wp.com\/www.24baires.com\/wp-content\/uploads\/2012\/11\/cristina2.jpg?w=560&amp;ssl=1 560w, https:\/\/i0.wp.com\/www.24baires.com\/wp-content\/uploads\/2012\/11\/cristina2.jpg?resize=300%2C179&amp;ssl=1 300w\" sizes=\"auto, (max-width: 560px) 100vw, 560px\" \/>Cristina dijo que los compromisos correspondientes al Bonar y al Cup\u00f3n PBI \u00abse van a pagar tal cual est\u00e1 estipulado, en d\u00f3lares\u00bb, pese a que \u00abhay una campa\u00f1a orquestada para que no paguemos\u00bb.<!--more--><\/p>\n<p>\u00abTanto el Bonar como los bonos del cup\u00f3n de crecimiento se van a pagar tal cual est\u00e1 estipulado en su emisi\u00f3n, en d\u00f3lares, como hemos venido cumpliendo rigurosamente nuestros compromisos\u00bb, dijo la Cristina Fern\u00e1ndez de Kirchner, al encabezar este jueves el acto de entrega del Documento Nacional de Identidad (DNI) n\u00famero 20 millones.<\/p>\n<p>Desde el Sal\u00f3n de las Mujeres Argentinas del Bicentenario, en la Casa de Gobierno, record\u00f3 las dudas que se hab\u00edan difundido sobre el Boden 2012, que finalmente se cancel\u00f3 en d\u00f3lares, y dijo que \u00abahora est\u00e1n haciendo lo mismo con los bonos de cup\u00f3n de crecimiento\u00bb.<\/p>\n<p>\u00abCon el Boden les dijeron que nunca lo \u00edbamos a pagar, la gente se desprend\u00eda por chauchas y palos y perdieron plata, los tenedores lo cobraron \u00edntegramente\u00bb, record\u00f3.<\/p>\n<p>Asegur\u00f3 que entre el Bonar y los cupones atados al crecimiento se pagar\u00e1n 4 mil millones de d\u00f3lares \u00abc\u00f3mo estaba estipulado y como hemos venido cumpliendo desde 2005 en adelante\u00bb.<\/p>\n<p>En este contexto, dijo que \u00abhay una campa\u00f1a antiargentina llevada a cabo por los fondos buitre; hay una campa\u00f1a orquestada para que no paguemos\u00bb.<\/p>\n<p>\u00abSi nosotros pagamos, como vamos a pagar, en d\u00f3lares, porque los tenemos, porque hemos acumulado reservas, \u00bfqu\u00e9 ejemplo es para el mundo un pa\u00eds que haciendo exactamente lo contrario de lo que dicen que hay que hacer?. Paga sus deudas, genera consumo, genera trabajo, somos un mal ejemplo\u00bb, argument\u00f3.<\/p>\n<p>Dijo que \u00ablos bancos pensaron que en alg\u00fan momento no \u00edbamos a poder pagar\u00bb, y remarc\u00f3: \u00abEl negocio es que no paguemos, pero les tengo una muy mala noticia: vamos a pagar, con d\u00f3lares; si nos comprometimos y emitimos t\u00edtulos de deuda es porque sab\u00edamos que lo \u00edbamos a pagar; vamos a honrar el nombre de la Argentina\u00bb.<\/p>\n<p>\u00abSo\u00f1aban con que se nos acabara la plata o con que yo no pudiera ser reelecta como presidenta de los argentinos, porque cada vez que a los argentinos se les acab\u00f3 la plata, que la Argentina quebr\u00f3, ellos, muy poquitos, se llenaron de oro y de plata a costa de la miseria de los argentinos\u00bb, afirm\u00f3.<\/p>\n<p>Seg\u00fan la Presidenta, \u00ablas crisis le ha convenido a sectores ultraminoritarios en Argentina\u00bb y esto \u00abno hace sentir rabia, sino dolor, porque me pregunto: \u00bfqu\u00e9 m\u00e1s quieren? \u00bfqu\u00e9 es lo que quieren hacer en este pa\u00eds?\u00bb.<\/p>\n<p>Record\u00f3 que en Argentina se hizo \u00abla reestructuraci\u00f3n de deuda m\u00e1s grande de que se tenga memoria\u00bb y que hay una \u00abcampa\u00f1a antiargentina, llevada a cabo por fondos buitres, los mismos que embargaron ilegalmente la Fragata Libertad\u00bb.<\/p>\n<p>Tambi\u00e9n cuestion\u00f3 el fallo de \u00abC\u00e1mara Federal de Apelaciones de Nueva York, que raramente saca un fallo donde desconoce su propia legislaci\u00f3n\u00bb cuando \u00abdel 93 por ciento de nuestros acreedores hay una buena parte de estadounidenses\u00bb.<\/p>\n<p>\u00abLos fondos buitre, que ni siquiera tributan en Estados Unidos, son los que quieren ser favorecidos, porque aportan a campa\u00f1as de pol\u00edticos\u00bb, asegur\u00f3.<\/p>\n<p>La mandataria dijo que \u00abla campa\u00f1a antiargentina es producto del \u00e9xito que ha tenido nuestro patr\u00f3n de acumulaci\u00f3n, pese a que nos criticaron desde adentro y desde afuera lo que est\u00e1bamos haciendo, especialmente los organismos multilaterales\u00bb.<\/p>\n<p>Detall\u00f3 que \u00aben concepto de remisi\u00f3n de utilidades, las compa\u00f1\u00edas extranjeras en 2012, durante nuestro modelo de desarrollo, giraron 41.093 millones de d\u00f3lares, un promedio de 4.566 millones anual, que representa 1,7 por ciento del PBI\u00bb.<\/p>\n<p>En cambio, \u00aben los `90 se remitieron 15.686 millones de d\u00f3lares, 0,7 por ciento de aquel PBI, contra 1,7 por ciento de este PBI, que es much\u00edsimo m\u00e1s alto\u00bb.<\/p>\n<p>\u00abEl patr\u00f3n de los `90, que era hacer prevalecer lo financiero sobre la industria, es el patr\u00f3n de acumulaci\u00f3n que hoy produjo la crisis m\u00e1s formidable de los pa\u00edses desarrollados\u00bb, agreg\u00f3.<\/p>\n<p>\u00abNosotros -contin\u00fao- lo sustituimos por el patr\u00f3n de acumulaci\u00f3n del mercado interno, administraci\u00f3n del comercio, del tipo de cambio, todo lo que nos han criticado hasta la fecha\u00bb.<\/p>\n<p>En ese sentido, pidi\u00f3 \u00abmayor seriedad en las cifras, mayor profesionalismo\u00bb por parte de economistas y quienes critican al modelo, ya que \u00abser\u00eda bueno que dijeran las cifras, porque es lo que pasa\u00bb.<\/p>\n","protected":false},"excerpt":{"rendered":"<p>Cristina dijo que los compromisos correspondientes al Bonar y al Cup\u00f3n PBI \u00abse van a pagar tal cual est\u00e1 estipulado, en d\u00f3lares\u00bb, pese a que \u00abhay una campa\u00f1a orquestada para que no paguemos\u00bb.<\/p>\n","protected":false},"author":4,"featured_media":0,"comment_status":"open","ping_status":"open","sticky":false,"template":"","format":"standard","meta":{"_jetpack_newsletter_access":"","_jetpack_dont_email_post_to_subs":false,"_jetpack_newsletter_tier_id":0,"_jetpack_memberships_contains_paywalled_content":false,"_jetpack_memberships_contains_paid_content":false,"footnotes":""},"categories":[51],"tags":[],"class_list":["post-4094","post","type-post","status-publish","format-standard","hentry","category-politica"],"jetpack_featured_media_url":"","jetpack_shortlink":"https:\/\/wp.me\/p2JWE0-142","jetpack-related-posts":[{"id":106348,"url":"https:\/\/www.24baires.com\/?p=106348","url_meta":{"origin":4094,"position":0},"title":"Presentaron una demanda contra Argentina por 83,7 millones de d\u00f3lares","author":"AF","date":"14\/01\/2019","format":false,"excerpt":"Aurelius Capital Management LP, uno de los holdouts a los que el gobierno de Macri les pag\u00f3 en 2016, demand\u00f3 otra vez al pa\u00eds ante la justicia de Nueva York. Reclama la supuesta falta de pago de los cupones atados a la evoluci\u00f3n del PBI. A pesar de que en\u2026","rel":"","context":"En \u00abEconom\u00eda\u00bb","block_context":{"text":"Econom\u00eda","link":"https:\/\/www.24baires.com\/?cat=45"},"img":{"alt_text":"","src":"https:\/\/i0.wp.com\/www.24baires.com\/wp-content\/uploads\/2018\/02\/pe%C3%B1a-macri.jpg?resize=350%2C200","width":350,"height":200,"srcset":"https:\/\/i0.wp.com\/www.24baires.com\/wp-content\/uploads\/2018\/02\/pe%C3%B1a-macri.jpg?resize=350%2C200 1x, https:\/\/i0.wp.com\/www.24baires.com\/wp-content\/uploads\/2018\/02\/pe%C3%B1a-macri.jpg?resize=525%2C300 1.5x"},"classes":[]},{"id":11577,"url":"https:\/\/www.24baires.com\/?p=11577","url_meta":{"origin":4094,"position":1},"title":"El Merval cerr\u00f3 casi un uno por ciento arriba y super\u00f3 la barrera de los tres mil puntos","author":"Grupo Sierra","date":"08\/01\/2013","format":false,"excerpt":"La Bolsa porte\u00f1a tuvo un alza de 0,82 por ciento y el \u00edndice Merval alcanz\u00f3 las 3.018 unidades, una zona que no reconoc\u00eda desde principios de agosto de 2011. Los bonos, en cambio, no lograron levantar cabeza y acumularon nuevas desmejoras, con los rojos m\u00e1s pronunciados cuando se trat\u00f3 de\u2026","rel":"","context":"En \u00abEconom\u00eda\u00bb","block_context":{"text":"Econom\u00eda","link":"https:\/\/www.24baires.com\/?cat=45"},"img":{"alt_text":"","src":"","width":0,"height":0},"classes":[]},{"id":114772,"url":"https:\/\/www.24baires.com\/?p=114772","url_meta":{"origin":4094,"position":2},"title":"Kicillof presenta la oferta para reestructurar la deuda","author":"GB","date":"21\/04\/2020","format":false,"excerpt":"La propuesta va en la misma l\u00ednea que la realizada por el Gobierno nacional. El gobernador bonaerense, Axel Kicillof, ultima con su ministro de Hacienda los detalles para la presentarle a los bonistas, en la jornada de hoy, la propuesta de reestructuraci\u00f3n de la deuda provincial por m\u00e1s de 7.100\u2026","rel":"","context":"En \u00abProvincia\u00bb","block_context":{"text":"Provincia","link":"https:\/\/www.24baires.com\/?cat=40"},"img":{"alt_text":"","src":"https:\/\/i0.wp.com\/www.24baires.com\/wp-content\/uploads\/2020\/04\/kicillof.jpg?resize=350%2C200","width":350,"height":200,"srcset":"https:\/\/i0.wp.com\/www.24baires.com\/wp-content\/uploads\/2020\/04\/kicillof.jpg?resize=350%2C200 1x, https:\/\/i0.wp.com\/www.24baires.com\/wp-content\/uploads\/2020\/04\/kicillof.jpg?resize=525%2C300 1.5x"},"classes":[]},{"id":115096,"url":"https:\/\/www.24baires.com\/?p=115096","url_meta":{"origin":4094,"position":3},"title":"Argentina extendi\u00f3 10 d\u00edas el plazo de negociaci\u00f3n con los acreedores","author":"AF","date":"21\/05\/2020","format":false,"excerpt":"Con las negociaciones avanzadas Argentina caer\u00e1 en un \"default temporal\" que se espera culminar\u00e1 cuando las partes alcancen un acuerdo en los pr\u00f3ximos d\u00edas. La Argentina prorrog\u00f3 otros 10 d\u00edas el plazo de negociaci\u00f3n con los acreedores y avanza hacia un default temporal que le permitir\u00e1 seguir negociando de modo\u2026","rel":"","context":"En \u00abEconom\u00eda\u00bb","block_context":{"text":"Econom\u00eda","link":"https:\/\/www.24baires.com\/?cat=45"},"img":{"alt_text":"","src":"https:\/\/i0.wp.com\/www.24baires.com\/wp-content\/uploads\/2020\/05\/guzman-1.jpg?resize=350%2C200","width":350,"height":200,"srcset":"https:\/\/i0.wp.com\/www.24baires.com\/wp-content\/uploads\/2020\/05\/guzman-1.jpg?resize=350%2C200 1x, https:\/\/i0.wp.com\/www.24baires.com\/wp-content\/uploads\/2020\/05\/guzman-1.jpg?resize=525%2C300 1.5x"},"classes":[]},{"id":114843,"url":"https:\/\/www.24baires.com\/?p=114843","url_meta":{"origin":4094,"position":4},"title":"Un grupo de acreedores rechaz\u00f3 la oferta de canje de Kicillof","author":"AF","date":"27\/04\/2020","format":false,"excerpt":"El 40% de los tenedores de deuda rechaz\u00f3 la propuesta del gobierno bonaerense.\"No representa la verdadera capacidad de pago\u201d de la Provincia, aseguraron. Un grupo de acreedores de la provincia de Buenos Aires rechaz\u00f3 la propuesta de renegociaci\u00f3n de la deuda que present\u00f3 la semana pasada el gobierno de Axel\u2026","rel":"","context":"En \u00abEconom\u00eda\u00bb","block_context":{"text":"Econom\u00eda","link":"https:\/\/www.24baires.com\/?cat=45"},"img":{"alt_text":"","src":"https:\/\/i0.wp.com\/www.24baires.com\/wp-content\/uploads\/2018\/07\/d%C3%B3lar.jpg?resize=350%2C200","width":350,"height":200,"srcset":"https:\/\/i0.wp.com\/www.24baires.com\/wp-content\/uploads\/2018\/07\/d%C3%B3lar.jpg?resize=350%2C200 1x, https:\/\/i0.wp.com\/www.24baires.com\/wp-content\/uploads\/2018\/07\/d%C3%B3lar.jpg?resize=525%2C300 1.5x"},"classes":[]},{"id":73042,"url":"https:\/\/www.24baires.com\/?p=73042","url_meta":{"origin":4094,"position":5},"title":"Kicillof ratific\u00f3 el pago del Boden 2015 y anunci\u00f3 la emisi\u00f3n de un nuevo bono","author":"GB","date":"02\/10\/2015","format":false,"excerpt":"El Gobierno pagar\u00e1 el lunes los 5.900 millones de d\u00f3lares correspondientes al vencimiento del Boden 2015, al tiempo que el martes se concretar\u00e1 la licitaci\u00f3n de un nuevo t\u00edtulo en d\u00f3lares, el Bonar 2020. El ministro de Econom\u00eda, Axel Kicillof, ratific\u00f3 que el Gobierno pagar\u00e1 el lunes la totalidad de\u2026","rel":"","context":"En \u00abEconom\u00eda\u00bb","block_context":{"text":"Econom\u00eda","link":"https:\/\/www.24baires.com\/?cat=45"},"img":{"alt_text":"kicillof","src":"https:\/\/i0.wp.com\/www.24baires.com\/wp-content\/uploads\/2014\/07\/kicillof.jpg?resize=350%2C200","width":350,"height":200,"srcset":"https:\/\/i0.wp.com\/www.24baires.com\/wp-content\/uploads\/2014\/07\/kicillof.jpg?resize=350%2C200 1x, https:\/\/i0.wp.com\/www.24baires.com\/wp-content\/uploads\/2014\/07\/kicillof.jpg?resize=525%2C300 1.5x"},"classes":[]}],"jetpack_sharing_enabled":true,"jetpack_likes_enabled":true,"_links":{"self":[{"href":"https:\/\/www.24baires.com\/index.php?rest_route=\/wp\/v2\/posts\/4094","targetHints":{"allow":["GET"]}}],"collection":[{"href":"https:\/\/www.24baires.com\/index.php?rest_route=\/wp\/v2\/posts"}],"about":[{"href":"https:\/\/www.24baires.com\/index.php?rest_route=\/wp\/v2\/types\/post"}],"author":[{"embeddable":true,"href":"https:\/\/www.24baires.com\/index.php?rest_route=\/wp\/v2\/users\/4"}],"replies":[{"embeddable":true,"href":"https:\/\/www.24baires.com\/index.php?rest_route=%2Fwp%2Fv2%2Fcomments&post=4094"}],"version-history":[{"count":3,"href":"https:\/\/www.24baires.com\/index.php?rest_route=\/wp\/v2\/posts\/4094\/revisions"}],"predecessor-version":[{"id":4100,"href":"https:\/\/www.24baires.com\/index.php?rest_route=\/wp\/v2\/posts\/4094\/revisions\/4100"}],"wp:attachment":[{"href":"https:\/\/www.24baires.com\/index.php?rest_route=%2Fwp%2Fv2%2Fmedia&parent=4094"}],"wp:term":[{"taxonomy":"category","embeddable":true,"href":"https:\/\/www.24baires.com\/index.php?rest_route=%2Fwp%2Fv2%2Fcategories&post=4094"},{"taxonomy":"post_tag","embeddable":true,"href":"https:\/\/www.24baires.com\/index.php?rest_route=%2Fwp%2Fv2%2Ftags&post=4094"}],"curies":[{"name":"wp","href":"https:\/\/api.w.org\/{rel}","templated":true}]}}