{"id":4085,"date":"2012-11-01T14:05:40","date_gmt":"2012-11-01T17:05:40","guid":{"rendered":"http:\/\/www.24baires.com\/?p=4085"},"modified":"2012-11-01T14:05:40","modified_gmt":"2012-11-01T17:05:40","slug":"lanzan-concurso-provincial-de-arquitectos-para-construir-parque-publico-en-quilmes","status":"publish","type":"post","link":"https:\/\/www.24baires.com\/?p=4085","title":{"rendered":"Lanzan concurso provincial de arquitectos para construir parque p\u00fablico en Quilmes"},"content":{"rendered":"<p>El intendente de Quilmes, Francisco Guti\u00e9rrez, y la presidenta del Colegio de Arquitectos de la Provincia, distrito II, Adela Mart\u00ednez, firmaron el llamado a concurso de ideas para la construcci\u00f3n de un espacio p\u00fablico que se realizar\u00e1 en 52.000 m2 del frente del controvertido y multidenunciado barrio privado Nuevo Quilmes.<!--more--><\/p>\n<p>\u201cApuntamos a que haya una integraci\u00f3n social y que, m\u00e1s all\u00e1 de que sea un barrio privado, tenga tambi\u00e9n una conectividad a trav\u00e9s de un espacio p\u00fablico parquizado, recreativo y deportivo que todos puedan utilizar\u201d, afirm\u00f3 el jefe comunal.<br \/>\nSobre el desarrollo, Guti\u00e9rrez asegur\u00f3 que \u201cse har\u00e1 un parque p\u00fablico, que es lo que en su momento exigimos al barrio privado, que deb\u00eda hacer la cesi\u00f3n de tierras. Queremos que tenga un buen dise\u00f1o para que sea disfrutado por todos los vecinos del barrio, no s\u00f3lo del privado sino tambi\u00e9n del barrio de enfrente\u201d.<br \/>\nPor su parte, la secretaria de Planeamiento Estrat\u00e9gico, Obras, Gesti\u00f3n P\u00fablica, Tierras y Viviendas, Roxana Gonz\u00e1lez, dio precisiones sobre la propuesta arquitect\u00f3nica para el lugar cedido por Nuevo Quilmes y la integraci\u00f3n del barrio.<br \/>\n\u201cPara ese espacio p\u00fablico queremos que haya un concurso de ideas, por eso hicimos este convenio con el Colegio de Abogados. Sabemos que son m\u00e1s de 52 mil metros cuadrados, un espacio muy importante que tendr\u00e1 un nexo de articulaci\u00f3n con lo que ser\u00e1 la construcci\u00f3n del Nuevo Quilmes. Por esto nos pareci\u00f3 importante hacer un llamado a concurso a nivel provincial, para abrir la posibilidad de que se presenten varios arquitectos y tener as\u00ed varias propuestas para definir de qu\u00e9 manera encaramos el proyecto\u201d, dijo Gonz\u00e1lez.<br \/>\nLa presidenta del Colegio de Arquitectos de la provincia de Buenos Aires, Adela Mart\u00ednez, dio precisiones sobre el concurso arquitect\u00f3nico. \u201cLas bases est\u00e1n disponibles en la web del Colegio y se difundir\u00e1n por toda la Provincia porque es un concurso provincial, lo cual implica que habr\u00e1 participaci\u00f3n de arquitectos de toda la provincia de Buenos Aires. Es lo que nos interesa al Colegio: mostrarle al Municipio que podemos trabajar juntos en propuestas urbanas para mejorar la ciudad\u201d, indic\u00f3 Mart\u00ednez y agreg\u00f3 que en el encuentro con el Intendente dialogaron sobre otras iniciativas en Solano, Bernal o \u201cla posibilidad de gestionar un concurso de ideas para los accesos al partido de Quilmes\u201d, expres\u00f3.<\/p>\n","protected":false},"excerpt":{"rendered":"<p>El intendente de Quilmes, Francisco Guti\u00e9rrez, y la presidenta del Colegio de Arquitectos de la Provincia, distrito II, Adela Mart\u00ednez, firmaron el llamado a concurso de ideas para la construcci\u00f3n de un espacio p\u00fablico que se realizar\u00e1 en 52.000 m2 del frente del controvertido y multidenunciado barrio privado Nuevo Quilmes.<\/p>\n","protected":false},"author":4,"featured_media":0,"comment_status":"open","ping_status":"open","sticky":false,"template":"","format":"standard","meta":{"_jetpack_newsletter_access":"","_jetpack_dont_email_post_to_subs":false,"_jetpack_newsletter_tier_id":0,"_jetpack_memberships_contains_paywalled_content":false,"_jetpack_memberships_contains_paid_content":false,"footnotes":""},"categories":[38],"tags":[],"class_list":["post-4085","post","type-post","status-publish","format-standard","hentry","category-locales"],"jetpack_featured_media_url":"","jetpack_shortlink":"https:\/\/wp.me\/p2JWE0-13T","jetpack-related-posts":[{"id":102503,"url":"https:\/\/www.24baires.com\/?p=102503","url_meta":{"origin":4085,"position":0},"title":"En un country de Quilmes detectaron m\u00e1s de 50 domicilios colgados de la luz","author":"GB","date":"02\/06\/2018","format":false,"excerpt":"Se trata del barrio privado Nuevo Quilmes, donde hay aproximadamente 500 casas. Edesur identific\u00f3 a 57 casas que se abastec\u00edan de manera clandestina. Parece que el aumento de las tarifas no conoce de clases sociales. Esta semana se conoci\u00f3 que en el barrio privado \u201cNuevo Quilmes\u201d, de la hom\u00f3nima ciudad,\u2026","rel":"","context":"En \u00abLocales\u00bb","block_context":{"text":"Locales","link":"https:\/\/www.24baires.com\/?cat=38"},"img":{"alt_text":"","src":"https:\/\/i0.wp.com\/www.24baires.com\/wp-content\/uploads\/2018\/06\/cuntry-quilmes.jpg?resize=350%2C200","width":350,"height":200,"srcset":"https:\/\/i0.wp.com\/www.24baires.com\/wp-content\/uploads\/2018\/06\/cuntry-quilmes.jpg?resize=350%2C200 1x, https:\/\/i0.wp.com\/www.24baires.com\/wp-content\/uploads\/2018\/06\/cuntry-quilmes.jpg?resize=525%2C300 1.5x"},"classes":[]},{"id":29181,"url":"https:\/\/www.24baires.com\/?p=29181","url_meta":{"origin":4085,"position":1},"title":"Pintan murales en espacios p\u00fablicos en Quilmes","author":"AF","date":"30\/07\/2013","format":false,"excerpt":"Tras recorrer los trabajos de embellecimiento y pintura de murales en un predio de Quilmes Oeste, donde hab\u00eda un basural, el intendente local Francisco Guti\u00e9rrez, destac\u00f3 las tareas realizadas y solicit\u00f3 a las fuerzas pol\u00edticas utilizar los lugares permitidos para publicidad y no pegar carteles y paleros en el espacio\u2026","rel":"","context":"En \u00abLocales\u00bb","block_context":{"text":"Locales","link":"https:\/\/www.24baires.com\/?cat=38"},"img":{"alt_text":"mural quilmes","src":"https:\/\/i0.wp.com\/www.24baires.com\/wp-content\/uploads\/2013\/07\/mural-quilmes.jpg?resize=350%2C200","width":350,"height":200},"classes":[]},{"id":34448,"url":"https:\/\/www.24baires.com\/?p=34448","url_meta":{"origin":4085,"position":2},"title":"Avanza en Quilmes la construcci\u00f3n del microestadio \u00abN\u00e9stor Kirchner\u00bb","author":"AF","date":"01\/11\/2013","format":false,"excerpt":"El intendente de Quilmes, Francisco Guti\u00e9rrez, recorri\u00f3 los trabajos que se est\u00e1n desarrollando en la construcci\u00f3n del microestadio \u201cN\u00e9stor Kirchner\u201d, el cual se est\u00e1 realizando dentro del Polideportivo Municipal. \u201cEstamos viendo las bases de las columnas, para iniciar la pr\u00f3xima etapa que es mucho m\u00e1s r\u00e1pida. Estamos muy contentos de\u2026","rel":"","context":"En \u00abLocales\u00bb","block_context":{"text":"Locales","link":"https:\/\/www.24baires.com\/?cat=38"},"img":{"alt_text":"francisco guti\u00e9rrez quilmes","src":"https:\/\/i0.wp.com\/www.24baires.com\/wp-content\/uploads\/2013\/11\/francisco-guti%C3%A9rrez-quilmes.jpg?resize=350%2C200","width":350,"height":200},"classes":[]},{"id":2857,"url":"https:\/\/www.24baires.com\/?p=2857","url_meta":{"origin":4085,"position":3},"title":"Vecinos autoconvocados volvieron a defender un espacio p\u00fablico en Mar del Plata","author":"Grupo Sierra","date":"21\/10\/2012","format":false,"excerpt":"Alrededor de 700 personas se congregaron en torno al monolito emplazado en las manzanas delimitada por las calles Florisbelo Acosta, M\u00e1rmol, L\u00f3pez de Gomara y R. Guti\u00e9rrez, -m\u00e1s conocidas como \u201cCanchita de los Bomberos\u201d- en donde quedar\u00e1 en exhibici\u00f3n un modelo 3D del anteproyecto presentado por los vecinos para el\u2026","rel":"","context":"En \u00abLocales\u00bb","block_context":{"text":"Locales","link":"https:\/\/www.24baires.com\/?cat=38"},"img":{"alt_text":"","src":"https:\/\/i0.wp.com\/www.24baires.com\/wp-content\/uploads\/2012\/10\/MDP-Abrazo-Solidario-2-610x510.jpg?resize=350%2C200","width":350,"height":200,"srcset":"https:\/\/i0.wp.com\/www.24baires.com\/wp-content\/uploads\/2012\/10\/MDP-Abrazo-Solidario-2-610x510.jpg?resize=350%2C200 1x, https:\/\/i0.wp.com\/www.24baires.com\/wp-content\/uploads\/2012\/10\/MDP-Abrazo-Solidario-2-610x510.jpg?resize=525%2C300 1.5x"},"classes":[]},{"id":13348,"url":"https:\/\/www.24baires.com\/?p=13348","url_meta":{"origin":4085,"position":4},"title":"&#8216;Barba&#8217; Guti\u00e9rrez se reuni\u00f3 con Scioli y Arl\u00eda","author":"Grupo Sierra","date":"23\/01\/2013","format":false,"excerpt":"QUILMES.- El Intendente Francisco 'Barba' Guti\u00e9rez estuvo hoy con el Ministro de Infraestructura bonaerense, para darle detalles a las obras programadas en ese distrito. El intendente de Quilmes, Francisco Guti\u00e9rrez, se reuni\u00f3 esta ma\u00f1ana con el gobernador Daniel Scioli en la sede gubernamental de La Plata, con qui\u00e9n abord\u00f3 diversos\u2026","rel":"","context":"En \u00abMunicipios\u00bb","block_context":{"text":"Municipios","link":"https:\/\/www.24baires.com\/?cat=44"},"img":{"alt_text":"gutierrez barba","src":"https:\/\/i0.wp.com\/www.24baires.com\/wp-content\/uploads\/2013\/01\/gutierrez-barba.jpg?resize=350%2C200","width":350,"height":200,"srcset":"https:\/\/i0.wp.com\/www.24baires.com\/wp-content\/uploads\/2013\/01\/gutierrez-barba.jpg?resize=350%2C200 1x, https:\/\/i0.wp.com\/www.24baires.com\/wp-content\/uploads\/2013\/01\/gutierrez-barba.jpg?resize=525%2C300 1.5x"},"classes":[]},{"id":21129,"url":"https:\/\/www.24baires.com\/?p=21129","url_meta":{"origin":4085,"position":5},"title":"Avanza la obra \u201cEstaci\u00f3n Elevadora N\u00ba 4\u201d de Quilmes","author":"AF","date":"16\/04\/2013","format":false,"excerpt":"El intendente de Quilmes, Francisco Guti\u00e9rrez, acompa\u00f1ado por el secretario de Agua, Cloacas y Saneamiento H\u00eddrico del distrito, Manuel Carracelas, supervis\u00f3 el avance de la obra \u201cEstaci\u00f3n Elevadora N\u00ba 4\u201d, la que corresponde a un troncal que nace en la esquina de las calles Rep\u00fablica del L\u00edbano y Ribere\u00f1a del\u2026","rel":"","context":"En \u00abLocales\u00bb","block_context":{"text":"Locales","link":"https:\/\/www.24baires.com\/?cat=38"},"img":{"alt_text":"gutierrez quilmes","src":"https:\/\/i0.wp.com\/www.24baires.com\/wp-content\/uploads\/2013\/04\/gutierrez-quilmes.jpg?resize=350%2C200","width":350,"height":200},"classes":[]}],"jetpack_sharing_enabled":true,"jetpack_likes_enabled":true,"_links":{"self":[{"href":"https:\/\/www.24baires.com\/index.php?rest_route=\/wp\/v2\/posts\/4085","targetHints":{"allow":["GET"]}}],"collection":[{"href":"https:\/\/www.24baires.com\/index.php?rest_route=\/wp\/v2\/posts"}],"about":[{"href":"https:\/\/www.24baires.com\/index.php?rest_route=\/wp\/v2\/types\/post"}],"author":[{"embeddable":true,"href":"https:\/\/www.24baires.com\/index.php?rest_route=\/wp\/v2\/users\/4"}],"replies":[{"embeddable":true,"href":"https:\/\/www.24baires.com\/index.php?rest_route=%2Fwp%2Fv2%2Fcomments&post=4085"}],"version-history":[{"count":1,"href":"https:\/\/www.24baires.com\/index.php?rest_route=\/wp\/v2\/posts\/4085\/revisions"}],"predecessor-version":[{"id":4086,"href":"https:\/\/www.24baires.com\/index.php?rest_route=\/wp\/v2\/posts\/4085\/revisions\/4086"}],"wp:attachment":[{"href":"https:\/\/www.24baires.com\/index.php?rest_route=%2Fwp%2Fv2%2Fmedia&parent=4085"}],"wp:term":[{"taxonomy":"category","embeddable":true,"href":"https:\/\/www.24baires.com\/index.php?rest_route=%2Fwp%2Fv2%2Fcategories&post=4085"},{"taxonomy":"post_tag","embeddable":true,"href":"https:\/\/www.24baires.com\/index.php?rest_route=%2Fwp%2Fv2%2Ftags&post=4085"}],"curies":[{"name":"wp","href":"https:\/\/api.w.org\/{rel}","templated":true}]}}