{"id":40797,"date":"2014-02-20T16:30:56","date_gmt":"2014-02-20T19:30:56","guid":{"rendered":"http:\/\/www.24baires.com\/?p=40797"},"modified":"2014-02-20T16:41:45","modified_gmt":"2014-02-20T19:41:45","slug":"mar-del-plata-capital-nacional-de-la-falta-de-trabajo","status":"publish","type":"post","link":"https:\/\/www.24baires.com\/?p=40797","title":{"rendered":"Mar del Plata, Capital Nacional de la falta de trabajo"},"content":{"rendered":"<p><img data-recalc-dims=\"1\" loading=\"lazy\" decoding=\"async\" class=\"aligncenter size-full wp-image-40798\" alt=\"trabajo\" src=\"https:\/\/i0.wp.com\/www.24baires.com\/wp-content\/uploads\/2014\/02\/trabajo.jpg?resize=560%2C320\" width=\"560\" height=\"320\" srcset=\"https:\/\/i0.wp.com\/www.24baires.com\/wp-content\/uploads\/2014\/02\/trabajo.jpg?w=560&amp;ssl=1 560w, https:\/\/i0.wp.com\/www.24baires.com\/wp-content\/uploads\/2014\/02\/trabajo.jpg?resize=300%2C171&amp;ssl=1 300w\" sizes=\"auto, (max-width: 560px) 100vw, 560px\" \/>De esto ya hemos hablado, pero que la realidad no cambie o que, incluso, logre empeorar, es se\u00f1al de que se debe volver sobre determinado t\u00f3pico y analizarlo. Seg\u00fan datos recientes del INDEC, en la Rep\u00fablica Argentina la desocupaci\u00f3n baj\u00f3 casi medio punto en el \u00faltimo trimestre del pasado 2013 con respecto al trimestre anterior de dicho a\u00f1o: del 6,8 al 6,4 %. Esta merma tambi\u00e9n se replic\u00f3 en el nivel de actividad, que cay\u00f3 de 46,1 al 45,6 % y en la tasa de empleo, del 42,9 al 42,7.<!--more--><\/p>\n<p>Otro dato relevante que se desprende de estos n\u00fameros es que la tasa de desempleo lleva 29 trimestres ininterrumpidos arrojando resultados de un solo d\u00edgito. Esto a nivel nacional, pero cuando bajamos a la provincia de Buenos Aires y m\u00e1s espec\u00edficamente a las ciudades de Mar del Plata y Bat\u00e1n, las cifras no son para nada halag\u00fce\u00f1as: al cierre del 2013 se registr\u00f3 en esta \u00e1rea un 11,7% de desocupaci\u00f3n. La cifra m\u00e1s alta en toda la Argentina, otra vez, en la ciudad que gobierna Gustavo Pulti desde el 2007.<\/p>\n<p>Con respecto al mismo per\u00edodo del a\u00f1o 2012, hay un 2,2% m\u00e1s de desempleados, seg\u00fan datos del Indec. Esta es, tambi\u00e9n, la \u00fanica ciudad que llega a los dos d\u00edgitos en todo el territorio nacional, seguida de lejos por C\u00f3rdoba (8,8%), La Plata (8,7%) y Salta (8%).<\/p>\n<p>Y nadie que viva en Mar del Plata puede negar esto, todos podemos ver como se han ido cerrando comercios peque\u00f1os y medianos, como se han colgado carteles de \u201cSe alquila\u201d en infinidad de locales c\u00e9ntricos y no tanto.<\/p>\n<p>Y, entonces, debemos volver a preguntarnos por qu\u00e9 en un pa\u00eds donde con esfuerzo pol\u00edtico, econ\u00f3mico y con fuerte apuesta social desciende la desocupaci\u00f3n, y en Mar del Plata crece y sigue encabezando tristemente este ranking. Por qu\u00e9 a\u00f1o tras a\u00f1o se deteriora la calidad del trabajo en la ciudad, se emplean en negro y se pierden lisa y llanamente tantos puestos de trabajo a comparaci\u00f3n de las dem\u00e1s ciudades y provincias argentinas.<\/p>\n<p>La respuesta posee una simpleza que puede inducir al error de apreciaci\u00f3n y a su posterior descarte como explicaci\u00f3n: es porque todo lo que se ha hecho a nivel nacional para retrotraer el desempleo, es decir, para generar puestos genuinos de trabajo, para sostener las econom\u00edas locales, para fomentar la inversi\u00f3n, para contener a los sectores m\u00e1s vulnerables, no se ha hecho en Mar del Plata. Ese crecimiento no ha llegado, se ha quedado a las puertas o pasado de largo.<\/p>\n<p>Por desinter\u00e9s, por desconocimiento, por inoperancia o por incapacidad, en Mar del Plata no se logra salir del pozo del desempleo. \u00bfLas pol\u00edticas p\u00fablicas del Estado Nacional no se implementan en esta ciudad? Claro que si. Entonces, \u00bfpor qu\u00e9 no se logra avanzar y achicar la brecha entre los que tienen trabajo y los que buscan y buscan sin \u00e9xito? Evidentemente, Pulti, transitando su sexto a\u00f1o como Intendente, no le ha encontrado la vuelta. La concepci\u00f3n pol\u00edtica de Mar del Plata como mera ciudad tur\u00edstica y el crecimiento demogr\u00e1fico en los \u00faltimos a\u00f1os como otra variable a tener en cuenta, ha afectado la econom\u00eda local.<\/p>\n<p>En su discurso original, Pulti hablaba de \u201cuna ciudad 12 meses\u201d, aunque en su gobierno el \u00fanico beneficiado es el sector tur\u00edstico, que ocupa la \u00e9poca estival, condonando impuestos a los grandes hoteles, haciendo obra p\u00fablica en la costa, (asfalto nuevo sobre asfalto nuevo) en detrimento de los barrios perif\u00e9ricos, por citar alg\u00fan ejemplo. La necesidad de diversificar la matriz productiva de la ciudad es acuciante, pues esa es la \u00fanica forma de generar empleo, industrializarse sin perder el turismo que ya ha agotado lo que pod\u00eda ofrecer. si no se generan m\u00e1s puestos de empleo sino siempre los mismos en una ciudad en la que cada vez vive m\u00e1s gente, estamos en problemas.<\/p>\n<p>Aunque Pulti se ha esforzado por disimular esta obvia realidad ampliado el meg\u00e1fono medi\u00e1tico con el que relata su gesti\u00f3n para s\u00f3lo dar a conocer la informaci\u00f3n que lo beneficia, lo que se vive en la calle es otra cosa. Que no salga en las tapas de los diarios no quiere decir que no pase.<\/p>\n","protected":false},"excerpt":{"rendered":"<p>De esto ya hemos hablado, pero que la realidad no cambie o que, incluso, logre empeorar, es se\u00f1al de que se debe volver sobre determinado t\u00f3pico y analizarlo. Seg\u00fan datos recientes del INDEC, en la Rep\u00fablica Argentina la desocupaci\u00f3n baj\u00f3 casi medio punto en el \u00faltimo trimestre del pasado 2013 con respecto al trimestre anterior de dicho a\u00f1o: del 6,8 [&#8230;]<\/p>\n","protected":false},"author":11,"featured_media":0,"comment_status":"open","ping_status":"open","sticky":false,"template":"","format":"standard","meta":{"_jetpack_newsletter_access":"","_jetpack_dont_email_post_to_subs":false,"_jetpack_newsletter_tier_id":0,"_jetpack_memberships_contains_paywalled_content":false,"_jetpack_memberships_contains_paid_content":false,"footnotes":""},"categories":[64],"tags":[],"class_list":["post-40797","post","type-post","status-publish","format-standard","hentry","category-opinion"],"jetpack_featured_media_url":"","jetpack_shortlink":"https:\/\/wp.me\/p2JWE0-aC1","jetpack-related-posts":[{"id":119374,"url":"https:\/\/www.24baires.com\/?p=119374","url_meta":{"origin":40797,"position":0},"title":"Seg\u00fan el Indec, el desempleo baj\u00f3 un 6,9%","author":"AF","date":"21\/09\/2022","format":false,"excerpt":"Los datos relevados por el Instituto Nacional de Estad\u00edstica y Censos se\u00f1alan un descenso de 2,7% respecto al mismo per\u00edodo de 2021, y el valor se encuentra 0,1% por debajo de lo registrado en el primer trimestre. La tasa de desocupaci\u00f3n en el segundo trimestre del a\u00f1o baj\u00f3 al 6,9%,\u2026","rel":"","context":"En \u00abEconom\u00eda\u00bb","block_context":{"text":"Econom\u00eda","link":"https:\/\/www.24baires.com\/?cat=45"},"img":{"alt_text":"","src":"https:\/\/i0.wp.com\/www.24baires.com\/wp-content\/uploads\/2021\/08\/industria-pandemia.jpg?resize=350%2C200","width":350,"height":200,"srcset":"https:\/\/i0.wp.com\/www.24baires.com\/wp-content\/uploads\/2021\/08\/industria-pandemia.jpg?resize=350%2C200 1x, https:\/\/i0.wp.com\/www.24baires.com\/wp-content\/uploads\/2021\/08\/industria-pandemia.jpg?resize=525%2C300 1.5x, https:\/\/i0.wp.com\/www.24baires.com\/wp-content\/uploads\/2021\/08\/industria-pandemia.jpg?resize=700%2C400 2x"},"classes":[]},{"id":40748,"url":"https:\/\/www.24baires.com\/?p=40748","url_meta":{"origin":40797,"position":1},"title":"Mar del Plata y Bah\u00eda Blanca en el podio de las ciudades con m\u00e1s desocupaci\u00f3n del pa\u00eds","author":"GB","date":"19\/02\/2014","format":false,"excerpt":"Seg\u00fan datos revelados por el Indec, el \u00cdndice de Desocupaci\u00f3n en el conglomerado Mar del Plata \u2013 Bat\u00e1n fue del 11,7% al t\u00e9rmino del cuarto trimestre del a\u00f1o, ubic\u00e1ndose as\u00ed como la ciudad con mayor desempleo del pa\u00eds. Pero no es la \u00fanica regi\u00f3n bonaerense en liderar el ranking, sino\u2026","rel":"","context":"En \u00abEconom\u00eda\u00bb","block_context":{"text":"Econom\u00eda","link":"https:\/\/www.24baires.com\/?cat=45"},"img":{"alt_text":"desempleo","src":"https:\/\/i0.wp.com\/www.24baires.com\/wp-content\/uploads\/2014\/02\/desempleo.jpg?resize=350%2C200","width":350,"height":200,"srcset":"https:\/\/i0.wp.com\/www.24baires.com\/wp-content\/uploads\/2014\/02\/desempleo.jpg?resize=350%2C200 1x, https:\/\/i0.wp.com\/www.24baires.com\/wp-content\/uploads\/2014\/02\/desempleo.jpg?resize=525%2C300 1.5x"},"classes":[]},{"id":118042,"url":"https:\/\/www.24baires.com\/?p=118042","url_meta":{"origin":40797,"position":2},"title":"El \u00edndice de desocupaci\u00f3n baj\u00f3 al 9,6%","author":"AF","date":"23\/09\/2021","format":false,"excerpt":"Seg\u00fan inform\u00f3 el Instituto Nacional de Estad\u00edstica y Censos (Indec), la sub ocupaci\u00f3n demandante, que comprende a la gente que trabaja menos de 35 horas semanales, aument\u00f3 al 8,5% contra el 5% del segundo trimestre del a\u00f1o pasado. El \u00edndice de desempleo se ubic\u00f3 en el 9,6% al cierre del\u2026","rel":"","context":"En \u00abSociedad\u00bb","block_context":{"text":"Sociedad","link":"https:\/\/www.24baires.com\/?cat=1"},"img":{"alt_text":"","src":"https:\/\/i0.wp.com\/www.24baires.com\/wp-content\/uploads\/2021\/08\/industria-pandemia.jpg?resize=350%2C200","width":350,"height":200,"srcset":"https:\/\/i0.wp.com\/www.24baires.com\/wp-content\/uploads\/2021\/08\/industria-pandemia.jpg?resize=350%2C200 1x, https:\/\/i0.wp.com\/www.24baires.com\/wp-content\/uploads\/2021\/08\/industria-pandemia.jpg?resize=525%2C300 1.5x"},"classes":[]},{"id":95205,"url":"https:\/\/www.24baires.com\/?p=95205","url_meta":{"origin":40797,"position":3},"title":"Crece la desocupaci\u00f3n: Seg\u00fan el INDEC lleg\u00f3 al 9,2% y super\u00f3 el registro de 2016","author":"GB","date":"14\/06\/2017","format":false,"excerpt":"En el primer trimestre ya registr\u00f3 dos puntos m\u00e1s por sobre lo que se estim\u00f3 en todo 2016. En la provincia, Bah\u00eda Blanca, Mar del Plata y el Conurbano son las zonas m\u00e1s afectadas. Seg\u00fan el Instituto Nacional de Estad\u00edstica y Censos (Indec), la tasa de desempleo de Argentina trep\u00f3\u2026","rel":"","context":"En \u00abSociedad\u00bb","block_context":{"text":"Sociedad","link":"https:\/\/www.24baires.com\/?cat=1"},"img":{"alt_text":"","src":"https:\/\/i0.wp.com\/www.24baires.com\/wp-content\/uploads\/2017\/04\/despidos.jpg?resize=350%2C200","width":350,"height":200,"srcset":"https:\/\/i0.wp.com\/www.24baires.com\/wp-content\/uploads\/2017\/04\/despidos.jpg?resize=350%2C200 1x, https:\/\/i0.wp.com\/www.24baires.com\/wp-content\/uploads\/2017\/04\/despidos.jpg?resize=525%2C300 1.5x"},"classes":[]},{"id":105997,"url":"https:\/\/www.24baires.com\/?p=105997","url_meta":{"origin":40797,"position":4},"title":"La infeliz: aument\u00f3 el desempleo en Mar del Plata y hay 36 mil desocupados","author":"GB","date":"19\/12\/2018","format":false,"excerpt":"La desocupaci\u00f3n trep\u00f3 al 11,8% en el tercer trimestre del a\u00f1o. La ciudad qued\u00f3 en el segundo lugar del ranking nacional. La desocupaci\u00f3n subi\u00f3 en Mar del Plata y trep\u00f3 al 11,8% en el tercer trimestre del a\u00f1o, seg\u00fan cifras difundidas este martes por el Indec (Instituto Nacional de Estad\u00edsticas\u2026","rel":"","context":"En \u00abMunicipios\u00bb","block_context":{"text":"Municipios","link":"https:\/\/www.24baires.com\/?cat=44"},"img":{"alt_text":"","src":"https:\/\/i0.wp.com\/www.24baires.com\/wp-content\/uploads\/2014\/11\/busca-trabajo-desempleo.jpg?resize=350%2C200","width":350,"height":200,"srcset":"https:\/\/i0.wp.com\/www.24baires.com\/wp-content\/uploads\/2014\/11\/busca-trabajo-desempleo.jpg?resize=350%2C200 1x, https:\/\/i0.wp.com\/www.24baires.com\/wp-content\/uploads\/2014\/11\/busca-trabajo-desempleo.jpg?resize=525%2C300 1.5x"},"classes":[]},{"id":101189,"url":"https:\/\/www.24baires.com\/?p=101189","url_meta":{"origin":40797,"position":5},"title":"Mar del Plata, la ciudad con mayor \u00edndice de desempleo del pa\u00eds","author":"GB","date":"21\/03\/2018","format":false,"excerpt":"La tasa de desocupaci\u00f3n de la ciudad balnearia es mayor que la del Gran Buenos Aires, revel\u00f3 el INDEC. Mientras el intendente Carlos Arroyo piensa en su reelecci\u00f3n en 2019, el INDEC revel\u00f3 en un informe sobre la situaci\u00f3n laboral que Mar del Plata es la ciudad con mayor \u00edndice\u2026","rel":"","context":"En \u00abPol\u00edtica\u00bb","block_context":{"text":"Pol\u00edtica","link":"https:\/\/www.24baires.com\/?cat=51"},"img":{"alt_text":"","src":"https:\/\/i0.wp.com\/www.24baires.com\/wp-content\/uploads\/2014\/11\/busca-trabajo-desempleo.jpg?resize=350%2C200","width":350,"height":200,"srcset":"https:\/\/i0.wp.com\/www.24baires.com\/wp-content\/uploads\/2014\/11\/busca-trabajo-desempleo.jpg?resize=350%2C200 1x, https:\/\/i0.wp.com\/www.24baires.com\/wp-content\/uploads\/2014\/11\/busca-trabajo-desempleo.jpg?resize=525%2C300 1.5x"},"classes":[]}],"jetpack_sharing_enabled":true,"jetpack_likes_enabled":true,"_links":{"self":[{"href":"https:\/\/www.24baires.com\/index.php?rest_route=\/wp\/v2\/posts\/40797","targetHints":{"allow":["GET"]}}],"collection":[{"href":"https:\/\/www.24baires.com\/index.php?rest_route=\/wp\/v2\/posts"}],"about":[{"href":"https:\/\/www.24baires.com\/index.php?rest_route=\/wp\/v2\/types\/post"}],"author":[{"embeddable":true,"href":"https:\/\/www.24baires.com\/index.php?rest_route=\/wp\/v2\/users\/11"}],"replies":[{"embeddable":true,"href":"https:\/\/www.24baires.com\/index.php?rest_route=%2Fwp%2Fv2%2Fcomments&post=40797"}],"version-history":[{"count":1,"href":"https:\/\/www.24baires.com\/index.php?rest_route=\/wp\/v2\/posts\/40797\/revisions"}],"predecessor-version":[{"id":40799,"href":"https:\/\/www.24baires.com\/index.php?rest_route=\/wp\/v2\/posts\/40797\/revisions\/40799"}],"wp:attachment":[{"href":"https:\/\/www.24baires.com\/index.php?rest_route=%2Fwp%2Fv2%2Fmedia&parent=40797"}],"wp:term":[{"taxonomy":"category","embeddable":true,"href":"https:\/\/www.24baires.com\/index.php?rest_route=%2Fwp%2Fv2%2Fcategories&post=40797"},{"taxonomy":"post_tag","embeddable":true,"href":"https:\/\/www.24baires.com\/index.php?rest_route=%2Fwp%2Fv2%2Ftags&post=40797"}],"curies":[{"name":"wp","href":"https:\/\/api.w.org\/{rel}","templated":true}]}}