{"id":4079,"date":"2012-11-01T12:24:10","date_gmt":"2012-11-01T15:24:10","guid":{"rendered":"http:\/\/www.24baires.com\/?p=4079"},"modified":"2012-11-01T12:24:10","modified_gmt":"2012-11-01T15:24:10","slug":"feria-sobre-industria-y-medio-ambiente-en-ensenada","status":"publish","type":"post","link":"https:\/\/www.24baires.com\/?p=4079","title":{"rendered":"Feria sobre industria y medio ambiente en Ensenada"},"content":{"rendered":"<p><img data-recalc-dims=\"1\" loading=\"lazy\" decoding=\"async\" class=\"alignleft size-full wp-image-4080\" title=\"feria ensenada\" src=\"https:\/\/i0.wp.com\/www.24baires.com\/wp-content\/uploads\/2012\/11\/feria-ensenada.jpg?resize=300%2C200\" alt=\"\" width=\"300\" height=\"200\" \/>Se realiza hasta el domingo en el Centro Cultural la Vieja Estaci\u00f3n. Es organizada por la Municipalidad y la UNLP. Habr\u00e1 debates entre cient\u00edficos y empresarios.<!--more--><\/p>\n<p>Hasta el domingo pr\u00f3ximo se realiza en el Centro Cultural la Vieja Estaci\u00f3n de Ensenada la Primera Feria Ambiental de la Regi\u00f3n.<br \/>\nSeg\u00fan el presidente de la Universidad Nacional de La Plata, Fernando Tauber, cient\u00edficos especialistas y representantes de industrias de la zona, debatir\u00e1n cuestiones vinculadas con la producci\u00f3n y el cuidado del medio ambiente. El funcionario dijo por Radio Provincia que Ensenada tiene una \u201cfuerte connotaci\u00f3n simb\u00f3lica en este sentido porque es un municipio que concentra el 90% de la industria de la regi\u00f3n\u201d. No obstante, puntualiz\u00f3 que \u201cla problem\u00e1tica ambiental tiene que estar muy bien custodiada\u201d para garantizar \u201cla calidad de vida en nuestro territorio\u201d.La feria es organizada por la Municipalidad de Ensenada y la Universidad Nacional de La Plata.<\/p>\n","protected":false},"excerpt":{"rendered":"<p>Se realiza hasta el domingo en el Centro Cultural la Vieja Estaci\u00f3n. Es organizada por la Municipalidad y la UNLP. Habr\u00e1 debates entre cient\u00edficos y empresarios.<\/p>\n","protected":false},"author":4,"featured_media":0,"comment_status":"open","ping_status":"open","sticky":false,"template":"","format":"standard","meta":{"_jetpack_newsletter_access":"","_jetpack_dont_email_post_to_subs":false,"_jetpack_newsletter_tier_id":0,"_jetpack_memberships_contains_paywalled_content":false,"_jetpack_memberships_contains_paid_content":false,"footnotes":""},"categories":[38],"tags":[],"class_list":["post-4079","post","type-post","status-publish","format-standard","hentry","category-locales"],"jetpack_featured_media_url":"","jetpack_shortlink":"https:\/\/wp.me\/p2JWE0-13N","jetpack-related-posts":[{"id":22160,"url":"https:\/\/www.24baires.com\/?p=22160","url_meta":{"origin":4079,"position":0},"title":"Ensenada se prepara para festejar su 212\u00ba aniversario","author":"AF","date":"29\/04\/2013","format":false,"excerpt":"Con un show musical de Karina \"La Princesita\" y la tradicional exposici\u00f3n de colectividades, Ensenada se prepara para la celebraci\u00f3n del 212\u00ba Aniversario de su fundaci\u00f3n con un cronograma de actividades libres y gratuitas. Los festejos comenzar\u00e1n el viernes con el solemne Tedeum en la Parroquia Nuestra Se\u00f1ora de La\u2026","rel":"","context":"En \u00abLocales\u00bb","block_context":{"text":"Locales","link":"https:\/\/www.24baires.com\/?cat=38"},"img":{"alt_text":"","src":"","width":0,"height":0},"classes":[]},{"id":16015,"url":"https:\/\/www.24baires.com\/?p=16015","url_meta":{"origin":4079,"position":1},"title":"Preparan los festejos por el aniversario del Parque Pereyra Iraola","author":"Grupo Sierra","date":"18\/02\/2013","format":false,"excerpt":"LA PLATA.- El Ministerio de Asuntos Agrarios organiza una serie de actividades para la semana pr\u00f3xima con motivo de la celebraci\u00f3n del 63\u00ba aniversario de la inauguraci\u00f3n de Parque de los Derechos de la Ancianidad, hoy Parque Pereyra Iraola. El jueves 1\u00ba de marzo el ministro Gustavo Arrieta encabezar\u00e1 un\u2026","rel":"","context":"En \u00abLocales\u00bb","block_context":{"text":"Locales","link":"https:\/\/www.24baires.com\/?cat=38"},"img":{"alt_text":"","src":"","width":0,"height":0},"classes":[]},{"id":45067,"url":"https:\/\/www.24baires.com\/?p=45067","url_meta":{"origin":4079,"position":2},"title":"Baile y alegr\u00eda con los Aut\u00e9nticos Decadentes en los 213 a\u00f1os de Ensenada","author":"Grupo Sierra","date":"30\/04\/2014","format":false,"excerpt":"El grupo participar\u00e1 de los festejos por el aniversario de fundaci\u00f3n de la ciudad bonaerense con un festival que se las trae. Este 5 de mayo se dar\u00e1 un programa de actividades libres y gratuitas. Las actividades conmemorativas dar\u00e1n inicio por la ma\u00f1ana, con el izamiento de la bandera en\u2026","rel":"","context":"En \u00abLocales\u00bb","block_context":{"text":"Locales","link":"https:\/\/www.24baires.com\/?cat=38"},"img":{"alt_text":"ensenada","src":"https:\/\/i0.wp.com\/www.24baires.com\/wp-content\/uploads\/2014\/04\/ensenada1-300x193.jpg?resize=350%2C200","width":350,"height":200},"classes":[]},{"id":28296,"url":"https:\/\/www.24baires.com\/?p=28296","url_meta":{"origin":4079,"position":3},"title":"Advierten la paralizaci\u00f3n de obras en la planta de residuos de Ensenada","author":"AF","date":"15\/07\/2013","format":false,"excerpt":"Desde hace 90 d\u00edas, los trabajos se suspendieron por supuestos tironeos en cuanto al financiamiento, disputado entre el Municipio y el Gobierno bonaerense. En tanto, ambientalistas y vecinos reclaman su r\u00e1pida construcci\u00f3n, ya que la infraestructura servir\u00eda para tratar la basura de distintos municipios de la Regi\u00f3n Capital que al\u2026","rel":"","context":"En \u00abLocales\u00bb","block_context":{"text":"Locales","link":"https:\/\/www.24baires.com\/?cat=38"},"img":{"alt_text":"","src":"","width":0,"height":0},"classes":[]},{"id":42454,"url":"https:\/\/www.24baires.com\/?p=42454","url_meta":{"origin":4079,"position":4},"title":"La \u00abConciencia Latinoamericana\u00bb late en el Teatro Argentino","author":"Grupo Sierra","date":"19\/03\/2014","format":false,"excerpt":"El fot\u00f3grafo, \u00c1ngel De Pascali, explic\u00f3 que 55 profesionales y aficionados de Ensenada, Berisso, City Bell, Tolosa y toda la regi\u00f3n exponen cerca de 180 trabajos En la Sala Emilio Pettoruti, ubicada en el primer subsuelo del Teatro Argentino de La Plata, dependiente del Instituto Cultural de la Provincia de\u2026","rel":"","context":"En \u00abLocales\u00bb","block_context":{"text":"Locales","link":"https:\/\/www.24baires.com\/?cat=38"},"img":{"alt_text":"teatro","src":"https:\/\/i0.wp.com\/www.24baires.com\/wp-content\/uploads\/2014\/03\/teatro.jpg?resize=350%2C200","width":350,"height":200},"classes":[]},{"id":112363,"url":"https:\/\/www.24baires.com\/?p=112363","url_meta":{"origin":4079,"position":5},"title":"Comienza la 15\u00ba Feria del Libro Mar del Plata Puerto de Lectura","author":"GB","date":"04\/10\/2019","format":false,"excerpt":"Se desarrollar\u00e1 hasta el 20 de octubre en el Centro Cultural Estaci\u00f3n Terminal Sur Comienza la 15\u00ba Feria del Libro Mar del Plata Puerto de Lectura Comienza hoy la 15\u00ba edici\u00f3n de la Feria del Libro Mar del Plata Puerto de Lectura y se desarrollar\u00e1 hasta el 20 de octubre\u2026","rel":"","context":"En \u00abMunicipios\u00bb","block_context":{"text":"Municipios","link":"https:\/\/www.24baires.com\/?cat=44"},"img":{"alt_text":"","src":"https:\/\/i0.wp.com\/www.24baires.com\/wp-content\/uploads\/2015\/04\/feria-del-libro2.jpg?resize=350%2C200","width":350,"height":200,"srcset":"https:\/\/i0.wp.com\/www.24baires.com\/wp-content\/uploads\/2015\/04\/feria-del-libro2.jpg?resize=350%2C200 1x, https:\/\/i0.wp.com\/www.24baires.com\/wp-content\/uploads\/2015\/04\/feria-del-libro2.jpg?resize=525%2C300 1.5x"},"classes":[]}],"jetpack_sharing_enabled":true,"jetpack_likes_enabled":true,"_links":{"self":[{"href":"https:\/\/www.24baires.com\/index.php?rest_route=\/wp\/v2\/posts\/4079","targetHints":{"allow":["GET"]}}],"collection":[{"href":"https:\/\/www.24baires.com\/index.php?rest_route=\/wp\/v2\/posts"}],"about":[{"href":"https:\/\/www.24baires.com\/index.php?rest_route=\/wp\/v2\/types\/post"}],"author":[{"embeddable":true,"href":"https:\/\/www.24baires.com\/index.php?rest_route=\/wp\/v2\/users\/4"}],"replies":[{"embeddable":true,"href":"https:\/\/www.24baires.com\/index.php?rest_route=%2Fwp%2Fv2%2Fcomments&post=4079"}],"version-history":[{"count":2,"href":"https:\/\/www.24baires.com\/index.php?rest_route=\/wp\/v2\/posts\/4079\/revisions"}],"predecessor-version":[{"id":4082,"href":"https:\/\/www.24baires.com\/index.php?rest_route=\/wp\/v2\/posts\/4079\/revisions\/4082"}],"wp:attachment":[{"href":"https:\/\/www.24baires.com\/index.php?rest_route=%2Fwp%2Fv2%2Fmedia&parent=4079"}],"wp:term":[{"taxonomy":"category","embeddable":true,"href":"https:\/\/www.24baires.com\/index.php?rest_route=%2Fwp%2Fv2%2Fcategories&post=4079"},{"taxonomy":"post_tag","embeddable":true,"href":"https:\/\/www.24baires.com\/index.php?rest_route=%2Fwp%2Fv2%2Ftags&post=4079"}],"curies":[{"name":"wp","href":"https:\/\/api.w.org\/{rel}","templated":true}]}}