{"id":4071,"date":"2012-11-01T20:15:16","date_gmt":"2012-11-01T23:15:16","guid":{"rendered":"http:\/\/www.24baires.com\/?p=4071"},"modified":"2012-11-02T11:46:28","modified_gmt":"2012-11-02T14:46:28","slug":"esta-en-manos-de-scioli-y-de-nora-de-lucia-resolver-este-conflicto","status":"publish","type":"post","link":"https:\/\/www.24baires.com\/?p=4071","title":{"rendered":"\u201cEst\u00e1 en manos de Scioli y de Nora de Luc\u00eda resolver este conflicto\u201d"},"content":{"rendered":"<p><img data-recalc-dims=\"1\" loading=\"lazy\" decoding=\"async\" class=\"alignleft size-medium wp-image-4072\" title=\"scioli de luc\u00eda\" src=\"https:\/\/i0.wp.com\/www.24baires.com\/wp-content\/uploads\/2012\/11\/scioli-de-luc%C3%ADa.jpg?resize=300%2C252\" alt=\"\" width=\"300\" height=\"252\" srcset=\"https:\/\/i0.wp.com\/www.24baires.com\/wp-content\/uploads\/2012\/11\/scioli-de-luc%C3%ADa.jpg?resize=300%2C252&amp;ssl=1 300w, https:\/\/i0.wp.com\/www.24baires.com\/wp-content\/uploads\/2012\/11\/scioli-de-luc%C3%ADa.jpg?w=472&amp;ssl=1 472w\" sizes=\"auto, (max-width: 300px) 100vw, 300px\" \/>La secretaria Gremial de Suteba, Mar\u00eda Laura Torre, confirm\u00f3 que ante la falta de respuesta a sus demandas por parte del gobierno provincial y la Direcci\u00f3n General de Escuelas, desde el gremio esperar\u00e1n hasta la \u00faltima hora del viernes y en caso de no tener novedades, convocar\u00e1n a un plenario de Secretarios Generales para resolver la continuidad de las medidas de fuerza.<!--more--><\/p>\n<p>Tras la gran adhesi\u00f3n que tuvo el paro de 48 horas convocado por el Frente Gremial Docente (FGDB) la semana pasada, los diferentes gremios que lo integran (Suteba; FEB; UDA; AMET y SADOP) estudian los pasos a seguir tras la falta de respuestas de la Direcci\u00f3n General de Cultura y Educaci\u00f3n que conduce Nora De Luc\u00eda.<\/p>\n<p>En ese sentido, la secretaria Gremial de Suteba, Mar\u00eda Laura Torre, cont\u00f3 que \u201cvamos a esperar hasta ma\u00f1ana viernes para realizar la convocatoria a un plenario de Secretarios Generales para resolver la continuidad de las medidas de fuerza en el marco del FGDB\u00bb.<\/p>\n<p>Por otra parte, agreg\u00f3 que \u201ccomo hab\u00edamos dicho ya en la movilizaci\u00f3n que hicimos a Gobernaci\u00f3n y como ya lo expres\u00f3 Roberto Baradel, estuvimos esperando en el transcurso de esta semana que la Direcci\u00f3n General de Escuelas nos convoque en funci\u00f3n de poner en acto el di\u00e1logo nuevamente para poder resolver los problemas que estamos planteando. Pero no tuvimos ning\u00fan tipo de convocatoria\u201d.<\/p>\n<p>Adem\u00e1s la referente de Suteba se\u00f1al\u00f3 que \u201cpedimos que se lleve adelante la convocatoria a comisiones de paritarias\u201d, aunque indic\u00f3 que \u201cya nos han llamado a la segunda mesa de cogesti\u00f3n\u201d.<\/p>\n<p>\u201cOtro de los tema fundamentales es poder resolver la totalidad de los cobros de los sueldos de los compa\u00f1eros hasta el \u00faltimo peso que se les debe, que si bien ya ha avanzado, todav\u00eda tenemos un remanente de compa\u00f1eros que aun no han percibido sus salarios en su totalidad\u201d dijo y agreg\u00f3 que hay que sumar \u201cel tema de las asignaciones familiares que para nosotros es un tema muy sentido\u201d.<\/p>\n<p>Por \u00faltimo Torre enfatiz\u00f3 que \u201choy est\u00e1 en manos de la Direcci\u00f3n General de Escuelas y del gobierno de la provincia de Buenos Aires poder resolver parte de este conflicto, porque para nosotros es importante poder sentarnos a una mesa de di\u00e1logo, en tanto y en cu\u00e1nto haya resoluci\u00f3n de los problemas\u201d.<\/p>\n<p>\u201cCreemos que estamos en el camino correcto, las organizaciones sindicales planteando que los problemas se puedan resolver. Poder sentarnos a discutir y que la Direcci\u00f3n de Escuelas nos convoque seria el piso necesario para una finalizaci\u00f3n del a\u00f1o para llegar preparados al a\u00f1o 2013\u201d, concluy\u00f3 la secretaria Gremial de Suteba.<\/p>\n<p>La docentes exigen que se los convoque a las tres comisiones t\u00e9cnicas paritarias, resolviendo la situaci\u00f3n de los docentes que hace meses no cobran y que se resuelva aquello en lo que Naci\u00f3n ya avanz\u00f3, en relaci\u00f3n a las asignaciones familiares para todos los docentes y la garant\u00eda en el pago de comedores escolares y los transportes para alumnos rurales.<\/p>\n","protected":false},"excerpt":{"rendered":"<p>La secretaria Gremial de Suteba, Mar\u00eda Laura Torre, confirm\u00f3 que ante la falta de respuesta a sus demandas por parte del gobierno provincial y la Direcci\u00f3n General de Escuelas, desde el gremio esperar\u00e1n hasta la \u00faltima hora del viernes y en caso de no tener novedades, convocar\u00e1n a un plenario de Secretarios Generales para resolver la continuidad de las medidas [&#8230;]<\/p>\n","protected":false},"author":4,"featured_media":0,"comment_status":"open","ping_status":"open","sticky":false,"template":"","format":"standard","meta":{"_jetpack_newsletter_access":"","_jetpack_dont_email_post_to_subs":false,"_jetpack_newsletter_tier_id":0,"_jetpack_memberships_contains_paywalled_content":false,"_jetpack_memberships_contains_paid_content":false,"footnotes":""},"categories":[1],"tags":[],"class_list":["post-4071","post","type-post","status-publish","format-standard","hentry","category-sociedad"],"jetpack_featured_media_url":"","jetpack_shortlink":"https:\/\/wp.me\/p2JWE0-13F","jetpack-related-posts":[{"id":4468,"url":"https:\/\/www.24baires.com\/?p=4468","url_meta":{"origin":4071,"position":0},"title":"El Frente Gremial Docente se reunir\u00e1 este martes con Nora de Luc\u00eda","author":"AF","date":"05\/11\/2012","format":false,"excerpt":"Lo confirm\u00f3 el titular de Suteba, Roberto Baradel, quien adelant\u00f3 que \u201ccreemos que la convocatoria es un paso positivo para comenzar a resolver este conflicto\u201d, que ya lleva varias semanas. El encuentro ser\u00e1 a las 18 en la Direcci\u00f3n de Escuelas y se espera que finalmente De Luc\u00eda atienda los\u2026","rel":"","context":"En \u00abSociedad\u00bb","block_context":{"text":"Sociedad","link":"https:\/\/www.24baires.com\/?cat=1"},"img":{"alt_text":"","src":"","width":0,"height":0},"classes":[]},{"id":16976,"url":"https:\/\/www.24baires.com\/?p=16976","url_meta":{"origin":4071,"position":1},"title":"SUTEBA se moviliza y pone fecha a un paro de 48 horas para la pr\u00f3xima semana","author":"AF","date":"28\/02\/2013","format":false,"excerpt":"As\u00ed lo confirm\u00f3 Mar\u00eda Laura Torre, secretaria gremial de SUTEBA, luego del fracaso de la paritaria con el Ejecutivo bonaerense. Tambi\u00e9n ratific\u00f3 la movilizaci\u00f3n de este jueves y consider\u00f3 que Scioli \u201cdeber\u00e1 rever la propuesta del 17,8 por ciento\u201d si quiere resolver el conflicto.\u201cRatificamos la marcha y, obviamente, vamos a\u2026","rel":"","context":"En \u00abSociedad\u00bb","block_context":{"text":"Sociedad","link":"https:\/\/www.24baires.com\/?cat=1"},"img":{"alt_text":"","src":"","width":0,"height":0},"classes":[]},{"id":100554,"url":"https:\/\/www.24baires.com\/?p=100554","url_meta":{"origin":4071,"position":2},"title":"Suteba pidi\u00f3 una nueva reuni\u00f3n con una oferta superadora","author":"GB","date":"16\/02\/2018","format":false,"excerpt":"Mar\u00eda Laura Torre, secretaria general adjunta del gremio, dijo que \"las propias consultoras del Gobierno admiten una inflaci\u00f3n superior al 20 por ciento\". La secretaria general adjunta de Suteba, Mar\u00eda Laura Torre, pidi\u00f3 que el Gobierno bonaerense convoque a una nueva reuni\u00f3n paritaria y que lleve a la mesa de\u2026","rel":"","context":"En \u00abProvincia\u00bb","block_context":{"text":"Provincia","link":"https:\/\/www.24baires.com\/?cat=40"},"img":{"alt_text":"","src":"https:\/\/i0.wp.com\/www.24baires.com\/wp-content\/uploads\/2017\/10\/docentes-prov.jpg?resize=350%2C200","width":350,"height":200,"srcset":"https:\/\/i0.wp.com\/www.24baires.com\/wp-content\/uploads\/2017\/10\/docentes-prov.jpg?resize=350%2C200 1x, https:\/\/i0.wp.com\/www.24baires.com\/wp-content\/uploads\/2017\/10\/docentes-prov.jpg?resize=525%2C300 1.5x"},"classes":[]},{"id":803,"url":"https:\/\/www.24baires.com\/?p=803","url_meta":{"origin":4071,"position":3},"title":"De Luc\u00eda volvi\u00f3 a tratar de \u201cviolentos\u201d a los trabajadores de Educaci\u00f3n","author":"Grupo Sierra","date":"01\/10\/2012","format":false,"excerpt":"La ministra bonaerense aclar\u00f3 que \u201cno hay personal docente involucrado\u201d en la toma que ya lleva una semana y garantiz\u00f3 el pago de los salarios de los maestros. Sin embargo, mientras se agudiza el conflicto con los empleados de la cartera, el Frente Gremial Docente prepara una marcha contra la\u2026","rel":"","context":"En \u00abProvincia\u00bb","block_context":{"text":"Provincia","link":"https:\/\/www.24baires.com\/?cat=40"},"img":{"alt_text":"","src":"","width":0,"height":0},"classes":[]},{"id":94164,"url":"https:\/\/www.24baires.com\/?p=94164","url_meta":{"origin":4071,"position":4},"title":"Suteba anticipa que mantiene la \u00abexpectativa de que se pueda resolver la paritaria\u00bb","author":"AF","date":"28\/04\/2017","format":false,"excerpt":"\"Estamos llegando a mayo y no tenemos un acuerdo\", dijo la secretaria gremial del Sindicato Unificado de Trabajadores de la Educaci\u00f3n de Buenos Aires, Mar\u00eda Laura Torre. La gobernadora Vidal convoc\u00f3 a los gremios docentes a una reuni\u00f3n el martes. La secretaria gremial del Sindicato Unificado de Trabajadores de la\u2026","rel":"","context":"En \u00abSociedad\u00bb","block_context":{"text":"Sociedad","link":"https:\/\/www.24baires.com\/?cat=1"},"img":{"alt_text":"","src":"https:\/\/i0.wp.com\/www.24baires.com\/wp-content\/uploads\/2017\/04\/baradel-suteba.jpg?resize=350%2C200","width":350,"height":200,"srcset":"https:\/\/i0.wp.com\/www.24baires.com\/wp-content\/uploads\/2017\/04\/baradel-suteba.jpg?resize=350%2C200 1x, https:\/\/i0.wp.com\/www.24baires.com\/wp-content\/uploads\/2017\/04\/baradel-suteba.jpg?resize=525%2C300 1.5x"},"classes":[]},{"id":99957,"url":"https:\/\/www.24baires.com\/?p=99957","url_meta":{"origin":4071,"position":5},"title":"Desde Provincia, invitaron a los maestros a desafiliarse","author":"GB","date":"15\/01\/2018","format":false,"excerpt":"Desde Suteba denunciaron que se trata de una nueva forma de amedrentamiento y persecuci\u00f3n sindical. Por su parte, el Frente de Unidad Docente presentar\u00e1 una denuncia formal contra la gobernadora. Los docentes de la provincia de Buenos Aires recibieron el viernes junto a su recibo de sueldo una notificaci\u00f3n con\u2026","rel":"","context":"En \u00abProvincia\u00bb","block_context":{"text":"Provincia","link":"https:\/\/www.24baires.com\/?cat=40"},"img":{"alt_text":"","src":"https:\/\/i0.wp.com\/www.24baires.com\/wp-content\/uploads\/2017\/05\/vidal-1.jpg?resize=350%2C200","width":350,"height":200,"srcset":"https:\/\/i0.wp.com\/www.24baires.com\/wp-content\/uploads\/2017\/05\/vidal-1.jpg?resize=350%2C200 1x, https:\/\/i0.wp.com\/www.24baires.com\/wp-content\/uploads\/2017\/05\/vidal-1.jpg?resize=525%2C300 1.5x"},"classes":[]}],"jetpack_sharing_enabled":true,"jetpack_likes_enabled":true,"_links":{"self":[{"href":"https:\/\/www.24baires.com\/index.php?rest_route=\/wp\/v2\/posts\/4071","targetHints":{"allow":["GET"]}}],"collection":[{"href":"https:\/\/www.24baires.com\/index.php?rest_route=\/wp\/v2\/posts"}],"about":[{"href":"https:\/\/www.24baires.com\/index.php?rest_route=\/wp\/v2\/types\/post"}],"author":[{"embeddable":true,"href":"https:\/\/www.24baires.com\/index.php?rest_route=\/wp\/v2\/users\/4"}],"replies":[{"embeddable":true,"href":"https:\/\/www.24baires.com\/index.php?rest_route=%2Fwp%2Fv2%2Fcomments&post=4071"}],"version-history":[{"count":3,"href":"https:\/\/www.24baires.com\/index.php?rest_route=\/wp\/v2\/posts\/4071\/revisions"}],"predecessor-version":[{"id":4154,"href":"https:\/\/www.24baires.com\/index.php?rest_route=\/wp\/v2\/posts\/4071\/revisions\/4154"}],"wp:attachment":[{"href":"https:\/\/www.24baires.com\/index.php?rest_route=%2Fwp%2Fv2%2Fmedia&parent=4071"}],"wp:term":[{"taxonomy":"category","embeddable":true,"href":"https:\/\/www.24baires.com\/index.php?rest_route=%2Fwp%2Fv2%2Fcategories&post=4071"},{"taxonomy":"post_tag","embeddable":true,"href":"https:\/\/www.24baires.com\/index.php?rest_route=%2Fwp%2Fv2%2Ftags&post=4071"}],"curies":[{"name":"wp","href":"https:\/\/api.w.org\/{rel}","templated":true}]}}