{"id":4066,"date":"2012-11-01T11:38:33","date_gmt":"2012-11-01T14:38:33","guid":{"rendered":"http:\/\/www.24baires.com\/?p=4066"},"modified":"2012-11-01T11:39:02","modified_gmt":"2012-11-01T14:39:02","slug":"bossio-los-resultados-del-censo-reflejan-una-argentina-con-mas-derechos-e-inclusion","status":"publish","type":"post","link":"https:\/\/www.24baires.com\/?p=4066","title":{"rendered":"Bossio: \u00abLos resultados del censo reflejan una Argentina con m\u00e1s derechos e inclusi\u00f3n\u00bb"},"content":{"rendered":"<p><img data-recalc-dims=\"1\" loading=\"lazy\" decoding=\"async\" class=\"alignleft size-medium wp-image-4067\" title=\"bossio\" src=\"https:\/\/i0.wp.com\/www.24baires.com\/wp-content\/uploads\/2012\/11\/bossio.jpg?resize=300%2C225\" alt=\"\" width=\"300\" height=\"225\" srcset=\"https:\/\/i0.wp.com\/www.24baires.com\/wp-content\/uploads\/2012\/11\/bossio.jpg?resize=300%2C225&amp;ssl=1 300w, https:\/\/i0.wp.com\/www.24baires.com\/wp-content\/uploads\/2012\/11\/bossio.jpg?w=500&amp;ssl=1 500w\" sizes=\"auto, (max-width: 300px) 100vw, 300px\" \/>El director ejecutivo de la ANSeS, Diego Bossio, particip\u00f3 de una disertaci\u00f3n sobre los resultados que arroj\u00f3 el relevamiento realizado por el Indec hace dos a\u00f1os. El panel de debate fue integrado tambi\u00e9n por el ministro de Educaci\u00f3n, Alberto Sileoni.<!--more--><\/p>\n<p>En el marco de la jornada internacional \u201cLa Poblaci\u00f3n en Argentina y el mundo: an\u00e1lisis y prospectiva\u201d, llevada a cabo por el Instituto Nacional de Estad\u00edstica y Censos (Indec), el director ejecutivo de la ANSeS, Diego Bossio, integr\u00f3 este mi\u00e9rcoles un panel de debate sobre los resultados que arroj\u00f3 el Censo realizado en 2010.<\/p>\n<p>En su exposici\u00f3n, destac\u00f3 que \u201clos resultados del Censo 2010 reflejan una Argentina cada vez m\u00e1s inclusiva con ampliaci\u00f3n de derechos para todos y demuestran que, desde 2003 a la fecha, el tiempo no pas\u00f3 por pasar sino que pas\u00f3 con transformaciones profundas\u201d.<\/p>\n<p>Adem\u00e1s, el funcionario subray\u00f3 que \u201csiempre decimos que gobernar es priorizar y, viendo los datos que arroja el censo, podemos ver que se ha priorizado la inclusi\u00f3n sobre los privilegios. No es otra Argentina la que asoma atr\u00e1s de los datos del censo, es la Argentina que siempre fuimos y que est\u00e1 volviendo a renacer\u201d.<\/p>\n<p>Tambi\u00e9n sostuvo que \u201cnuestro pa\u00eds hab\u00eda tenido hist\u00f3ricamente una educaci\u00f3n p\u00fablica de alt\u00edsimo nivel y hoy la estamos recuperando con Conectar Igualdad, entre otras pol\u00edticas p\u00fablicas en ese sentido\u201d.<\/p>\n<p>El titular de la ANSeS particip\u00f3 en la mesa redonda junto al ministro de Educaci\u00f3n, Alberto Sileoni; la directora del Indec, Ana Mar\u00eda Edwin; el secretario t\u00e9cnico y acad\u00e9mico de la Comisi\u00f3n de Planificaci\u00f3n y Coordinaci\u00f3n Estrat\u00e9gica del Plan Nacional de Telecomunicaciones Argentina Conectada, Emmanuel Jaffrot; la directora nacional de Adultos y Mayores del Ministerio de Desarrollo Social, M\u00f3nica Roque; y el director ejecutivo de PAMI, Luciano Di Cesare.<\/p>\n<p>Por su parte, Edwin inform\u00f3 que \u201cel Censo nos est\u00e1 diciendo que hay mayor expectativa de vida en la Argentina, que pr\u00e1cticamente todos los chicos de entre 6 y 11 a\u00f1os est\u00e1n concurriendo a la escuela en la actualidad. Y gracias a la expansi\u00f3n del mercado laboral, hay m\u00e1s de seis millones de personas que se incorporaron a la cobertura de salud por obras sociales y prepagas\u201d.<\/p>\n<p>La jornada, llevada a cabo en el Centro de Convenciones del Hotel Sheraton de la localidad bonaerense de Pilar, cont\u00f3 con un total de seis paneles y la participaci\u00f3n de reconocidos dem\u00f3grafos y acad\u00e9micos del \u00e1mbito internacional. Se trabajaron diversos ejes como evoluci\u00f3n socio-econ\u00f3mica, perspectivas de g\u00e9nero, tendencias mundiales, sector privado, entre otros.<\/p>\n","protected":false},"excerpt":{"rendered":"<p>El director ejecutivo de la ANSeS, Diego Bossio, particip\u00f3 de una disertaci\u00f3n sobre los resultados que arroj\u00f3 el relevamiento realizado por el Indec hace dos a\u00f1os. El panel de debate fue integrado tambi\u00e9n por el ministro de Educaci\u00f3n, Alberto Sileoni.<\/p>\n","protected":false},"author":4,"featured_media":0,"comment_status":"open","ping_status":"open","sticky":false,"template":"","format":"standard","meta":{"_jetpack_newsletter_access":"","_jetpack_dont_email_post_to_subs":false,"_jetpack_newsletter_tier_id":0,"_jetpack_memberships_contains_paywalled_content":false,"_jetpack_memberships_contains_paid_content":false,"footnotes":""},"categories":[1],"tags":[],"class_list":["post-4066","post","type-post","status-publish","format-standard","hentry","category-sociedad"],"jetpack_featured_media_url":"","jetpack_shortlink":"https:\/\/wp.me\/p2JWE0-13A","jetpack-related-posts":[{"id":35773,"url":"https:\/\/www.24baires.com\/?p=35773","url_meta":{"origin":4066,"position":0},"title":"\u201cCon Procrear superaremos este a\u00f1o las 80.000 viviendas\u00bb asegur\u00f3 Bossio","author":"GB","date":"26\/11\/2013","format":false,"excerpt":"El director Ejecutivo de la Anses, Diego Bossio, sostuvo que a trav\u00e9s del programa de cr\u00e9ditos Procrear este a\u00f1o se construir\u00e1n m\u00e1s de 80.000 viviendas y en el 2014 se cumplir\u00e1 \"con la meta de las 100.000\". \u201cEn los \u00faltimos 15 meses, 558.000 familias se anotaron para solicitar un cr\u00e9dito\u2026","rel":"","context":"En \u00abEconom\u00eda\u00bb","block_context":{"text":"Econom\u00eda","link":"https:\/\/www.24baires.com\/?cat=45"},"img":{"alt_text":"bossio procrear","src":"https:\/\/i0.wp.com\/www.24baires.com\/wp-content\/uploads\/2013\/11\/bossio-procrear-300x199.jpg?resize=350%2C200","width":350,"height":200},"classes":[]},{"id":69466,"url":"https:\/\/www.24baires.com\/?p=69466","url_meta":{"origin":4066,"position":1},"title":"Bossio: \u00abEstamos pagando los juicios que Massa gener\u00f3 cuando estuvo en la ANSES\u00bb","author":"Grupo Sierra","date":"23\/07\/2015","format":false,"excerpt":"El actual titular de ANSES Diego Bossio se despach\u00f3 contra su antecesor y hoy opositor Sergio Massa luego que este prometiera asignar el 82 por ciento m\u00f3vil a los jubilados. El director ejecutivo de Anses, Diego Bossio, critic\u00f3 al precandidato presidencial del Frente Renovador, Sergio Massa, quien prometi\u00f3 que de\u2026","rel":"","context":"En \u00abPol\u00edtica\u00bb","block_context":{"text":"Pol\u00edtica","link":"https:\/\/www.24baires.com\/?cat=51"},"img":{"alt_text":"diego-bossio-anses","src":"https:\/\/i0.wp.com\/www.24baires.com\/wp-content\/uploads\/2014\/07\/diego-bossio-anses.jpg?resize=350%2C200","width":350,"height":200,"srcset":"https:\/\/i0.wp.com\/www.24baires.com\/wp-content\/uploads\/2014\/07\/diego-bossio-anses.jpg?resize=350%2C200 1x, https:\/\/i0.wp.com\/www.24baires.com\/wp-content\/uploads\/2014\/07\/diego-bossio-anses.jpg?resize=525%2C300 1.5x"},"classes":[]},{"id":43425,"url":"https:\/\/www.24baires.com\/?p=43425","url_meta":{"origin":4066,"position":2},"title":"Lincoln ya tiene su sede principal de ANSES","author":"Grupo Sierra","date":"07\/04\/2014","format":false,"excerpt":"El director Ejecutivo de la ANSES, Diego Bossio, visit\u00f3 Lincoln para presentar el nuevo espacio del organismo nacional. En ese marco, el funcionario asegur\u00f3 que \"existe un antes y un despu\u00e9s (de la aplicaci\u00f3n del plan) Conectar Igualdad en las aulas de nuestro pa\u00eds\". El director Ejecutivo de la ANSES,\u2026","rel":"","context":"En \u00abLocales\u00bb","block_context":{"text":"Locales","link":"https:\/\/www.24baires.com\/?cat=38"},"img":{"alt_text":"bossio procrear","src":"https:\/\/i0.wp.com\/www.24baires.com\/wp-content\/uploads\/2013\/11\/bossio-procrear-300x199.jpg?resize=350%2C200","width":350,"height":200},"classes":[]},{"id":39468,"url":"https:\/\/www.24baires.com\/?p=39468","url_meta":{"origin":4066,"position":3},"title":"Bossio se reuni\u00f3 con intendentes por los precios de Procrear","author":"GB","date":"29\/01\/2014","format":false,"excerpt":"El titular de la Anses, Diego Bossio, mantuvo un encuentro con intendentes bonaerenses tras la denuncia realizada sobre los aumentos especulativos en los precios de materiales para la construcci\u00f3n de viviendas a trav\u00e9s del Programa de Cr\u00e9dito Argentino (Procrear). Tambi\u00e9n, abordaron el impacto y la implementaci\u00f3n del plan Progresar, de\u2026","rel":"","context":"En \u00abEconom\u00eda\u00bb","block_context":{"text":"Econom\u00eda","link":"https:\/\/www.24baires.com\/?cat=45"},"img":{"alt_text":"","src":"","width":0,"height":0},"classes":[]},{"id":59253,"url":"https:\/\/www.24baires.com\/?p=59253","url_meta":{"origin":4066,"position":4},"title":"Bossio: \u00abSi Massa quiere hacer m\u00e1s casas, que empiece por ceder m\u00e1s terrenos en Tigre\u00bb","author":"GB","date":"28\/12\/2014","format":false,"excerpt":"El director ejecutivo de Anses, Diego Bossio, respondi\u00f3 a las cr\u00edticas que el precandidato presidencial del Frente Renovador hizo sobre el programa Procrear, que desde su lanzamiento ya avanz\u00f3 sobre 114.445 soluciones de viviendas. \"Lo que uno espera de un candidato a Presidente es que no sea meramente descriptivo, sino\u2026","rel":"","context":"En \u00abPol\u00edtica\u00bb","block_context":{"text":"Pol\u00edtica","link":"https:\/\/www.24baires.com\/?cat=51"},"img":{"alt_text":"diego-bossio-anses","src":"https:\/\/i0.wp.com\/www.24baires.com\/wp-content\/uploads\/2014\/07\/diego-bossio-anses.jpg?resize=350%2C200","width":350,"height":200,"srcset":"https:\/\/i0.wp.com\/www.24baires.com\/wp-content\/uploads\/2014\/07\/diego-bossio-anses.jpg?resize=350%2C200 1x, https:\/\/i0.wp.com\/www.24baires.com\/wp-content\/uploads\/2014\/07\/diego-bossio-anses.jpg?resize=525%2C300 1.5x"},"classes":[]},{"id":39263,"url":"https:\/\/www.24baires.com\/?p=39263","url_meta":{"origin":4066,"position":5},"title":"Bossio sobre Progresar: \u00abva m\u00e1s all\u00e1 de los ni-ni\u00bb","author":"GB","date":"26\/01\/2014","format":false,"excerpt":"El director ejecutivo de Anses afirm\u00f3 que el plan anunciado por la Presidenta es \"un nuevo derecho que va mucho m\u00e1s all\u00e1 de los j\u00f3venes que no trabajan ni estudian\". \"Progresar abarcar\u00e1 a 1.555.817 chicos de entre 18 y 24 a\u00f1os, la franja etaria con mayor \u00edndice de desempleo\", explic\u00f3\u2026","rel":"","context":"En \u00abPol\u00edtica\u00bb","block_context":{"text":"Pol\u00edtica","link":"https:\/\/www.24baires.com\/?cat=51"},"img":{"alt_text":"","src":"","width":0,"height":0},"classes":[]}],"jetpack_sharing_enabled":true,"jetpack_likes_enabled":true,"_links":{"self":[{"href":"https:\/\/www.24baires.com\/index.php?rest_route=\/wp\/v2\/posts\/4066","targetHints":{"allow":["GET"]}}],"collection":[{"href":"https:\/\/www.24baires.com\/index.php?rest_route=\/wp\/v2\/posts"}],"about":[{"href":"https:\/\/www.24baires.com\/index.php?rest_route=\/wp\/v2\/types\/post"}],"author":[{"embeddable":true,"href":"https:\/\/www.24baires.com\/index.php?rest_route=\/wp\/v2\/users\/4"}],"replies":[{"embeddable":true,"href":"https:\/\/www.24baires.com\/index.php?rest_route=%2Fwp%2Fv2%2Fcomments&post=4066"}],"version-history":[{"count":3,"href":"https:\/\/www.24baires.com\/index.php?rest_route=\/wp\/v2\/posts\/4066\/revisions"}],"predecessor-version":[{"id":4070,"href":"https:\/\/www.24baires.com\/index.php?rest_route=\/wp\/v2\/posts\/4066\/revisions\/4070"}],"wp:attachment":[{"href":"https:\/\/www.24baires.com\/index.php?rest_route=%2Fwp%2Fv2%2Fmedia&parent=4066"}],"wp:term":[{"taxonomy":"category","embeddable":true,"href":"https:\/\/www.24baires.com\/index.php?rest_route=%2Fwp%2Fv2%2Fcategories&post=4066"},{"taxonomy":"post_tag","embeddable":true,"href":"https:\/\/www.24baires.com\/index.php?rest_route=%2Fwp%2Fv2%2Ftags&post=4066"}],"curies":[{"name":"wp","href":"https:\/\/api.w.org\/{rel}","templated":true}]}}