{"id":40594,"date":"2014-02-17T17:30:41","date_gmt":"2014-02-17T20:30:41","guid":{"rendered":"http:\/\/www.24baires.com\/?p=40594"},"modified":"2014-02-17T17:10:51","modified_gmt":"2014-02-17T20:10:51","slug":"nacer-y-morir-en-la-sombra","status":"publish","type":"post","link":"https:\/\/www.24baires.com\/?p=40594","title":{"rendered":"Nacer y morir en la sombra"},"content":{"rendered":"<p><img data-recalc-dims=\"1\" loading=\"lazy\" decoding=\"async\" class=\"aligncenter size-full wp-image-40595\" alt=\"c\u00e1rcel\" src=\"https:\/\/i0.wp.com\/www.24baires.com\/wp-content\/uploads\/2014\/02\/c%C3%A1rcel.jpg?resize=560%2C419\" width=\"560\" height=\"419\" srcset=\"https:\/\/i0.wp.com\/www.24baires.com\/wp-content\/uploads\/2014\/02\/c%C3%A1rcel.jpg?w=560&amp;ssl=1 560w, https:\/\/i0.wp.com\/www.24baires.com\/wp-content\/uploads\/2014\/02\/c%C3%A1rcel.jpg?resize=300%2C224&amp;ssl=1 300w\" sizes=\"auto, (max-width: 560px) 100vw, 560px\" \/>La muerte de un beb\u00e9 siempre causa estupor. Pero cuando esa muerte se produce en un lugar que el Estado debe garantizar \u201csano y limpio\u201d; donde lo que debiera ser, no es; donde la vida solo se limita al transcurrir de los d\u00edas y m\u00e1s oscuras noches, aquella muerte ocurrida en una c\u00e1rcel nos arroja a la cara una realidad que se silencia y como sociedad no queremos ver. <!--more--><\/p>\n<p>Santino Villalba de tan solo 21 d\u00edas de vida, encarcelado junto a su madre, muri\u00f3 en la unidad N\u00ba 33 sita en Los Hornos, Provincia de Buenos Aires el pasado 4 de febrero. Existen versiones encontradas sobre la causa de la muerte. Sobre lo que no caben dudas es sobre lo que falt\u00f3 en ese momento: asistencia m\u00e9dica, ayuda.<\/p>\n<p>Las mujeres privadas de su libertad en la Unidad N\u00ba 33 se manifestaron en repudio. Mediante dos petitorios solicitaron a las autoridades lo que por derecho nacional e internacional les corresponde. \u00bfExigen libertad o privilegios especiales? No, piden salud. Profesionales de la salud capaces de asistirlas a ellas y a sus hijos e hijas. Pediatras, obstetras, personal id\u00f3neo para manejar una ambulancia. Medicamentos. Auxilio.<\/p>\n<p>Pero, \u00bfqui\u00e9nes son esas mujeres madres?, \u00bfpor qu\u00e9 comparten con sus ni\u00f1os(as) ese destino sombr\u00edo, en celdas fr\u00edas y h\u00famedas, detr\u00e1s de rejas, miedo y violencia?<br \/>\nSon mujeres que al igual que la poblaci\u00f3n privada de su libertad en general, provienen de los sectores m\u00e1s vulnerables de la sociedad, siendo muchas veces el \u00fanico sost\u00e9n afectivo y econ\u00f3mico de la familia. Son jefas de hogares monoparentales, en promedio madres de tres hijos(as), la mayor parte de ellos menores de 18 a\u00f1os (CELS, PPN, DGN, 2011).<\/p>\n<p>En su mayor\u00eda, a la espera de ser juzgadas \u2013procesadas-, acusadas de cometer delitos conocidos como \u201cde supervivencia\u201d \u2013hechos relacionados con estupefacientes, por ejemplo- se las encarcela sin tener en cuenta la vida de esos ni\u00f1os y ni\u00f1as que solo dependen de ellas y que padecer\u00e1n su ausencia fuera de los muros.<\/p>\n<p>Cuando esos ni\u00f1os y ni\u00f1as tienen menos de cuatro a\u00f1os pueden convivir con ellas en los establecimientos penales supuestamente aptos para albergarlos(as). Muchas mujeres acceden a esta convivencia porque no tienen, producto del contexto de vulnerabilidad de donde provienen, quien pueda cuidarlos(as) o bien porque no quieren recargar a sus familiares que se hacen cargo de los otros hijos e hijas.<\/p>\n<p>Lo cierto es que dentro de los muros esos ni\u00f1os y ni\u00f1as sufren las mismas privaciones que toda persona presa: falta de asistencia m\u00e9dica, mala alimentaci\u00f3n e higiene, requisas, traslados arbitrarios, violencia intracarcelaria, etc.<\/p>\n<p>Pensando en esos ni\u00f1os y ni\u00f1as diversos instrumentos internacionales, nacionales y provinciales contemplan la prisi\u00f3n domiciliaria de la mujer embarazada o madre de un ni\u00f1o o ni\u00f1a menor de cinco a\u00f1os. Esto implica que la mujer espere su juicio o, en su caso, cumpla su condena en su propia casa. En otros t\u00e9rminos, la persona acusada o condenada seguir\u00e1 privada de su libertad pero sin que ella misma o sus hijos e hijas sufran las privaciones carcelarias.<\/p>\n<p>Ahora bien, encontr\u00e1ndose prevista legalmente la prisi\u00f3n domiciliaria \u00bfpor qu\u00e9 ni\u00f1os y ni\u00f1as contin\u00faan viviendo en c\u00e1rceles?, \u00bfpor qu\u00e9 la mayor parte sufren fuera de los muros la ausencia de la madre y el ser desperdigados entre familiares o instituciones?<\/p>\n<p>La respuesta se encuentra en el modo en que interpretan la prisi\u00f3n domiciliaria las personas que deciden disponerla \u2013jueces y juezas- y quienes contribuyen a esa decisi\u00f3n \u2013personal penitenciario-, pues, entienden que se trata de una facultad judicial \u2013que queda a criterio de cada magistrado(a)- y no la conciben como lo que es, un derecho de la mujer.<\/p>\n<p>Adem\u00e1s, sin que las leyes lo requieran, a la hora de disponer o no la prisi\u00f3n domiciliaria se juzga a la mujer como \u201cbuena\u201d o \u201cmala\u201d madre en base a los par\u00e1metros que los jueces y juezas trazan desde sus despachos sobre lo que eso significa. Ello sin tener en cuenta el impacto que sobre esas mujeres produce no poder cumplir con la pauta social de continuar criando a sus hijos(as) y sin valorar el sufrimiento de familias enteras.<\/p>\n<p>Estas pr\u00e1cticas judiciales y penitenciarias de interpretar a los derechos como facultades y de juzgar cuestiones morales restringen los derechos que las normas ampliaron para todo el colectivo femenino, pero sobre todo a favor de los ni\u00f1os y ni\u00f1as.<\/p>\n<p>Se trata de un retroceso en materia de derechos humanos respecto del cual resulta imperativo avanzar, valorando que cuando se encarcela a una mujer debe tenerse en cuenta que, generalmente, tambi\u00e9n se est\u00e1 privando de la libertad a una madre a cargo de sus hijos e hijas. Ni\u00f1os y ni\u00f1as que merecen salud, asistencia y la vigencia plena de sus derechos. Ni\u00f1os y ni\u00f1as que merecen luz y no nacer y morir en la sombra.<\/p>\n","protected":false},"excerpt":{"rendered":"<p>La muerte de un beb\u00e9 siempre causa estupor. Pero cuando esa muerte se produce en un lugar que el Estado debe garantizar \u201csano y limpio\u201d; donde lo que debiera ser, no es; donde la vida solo se limita al transcurrir de los d\u00edas y m\u00e1s oscuras noches, aquella muerte ocurrida en una c\u00e1rcel nos arroja a la cara una realidad [&#8230;]<\/p>\n","protected":false},"author":11,"featured_media":0,"comment_status":"open","ping_status":"open","sticky":false,"template":"","format":"standard","meta":{"_jetpack_newsletter_access":"","_jetpack_dont_email_post_to_subs":false,"_jetpack_newsletter_tier_id":0,"_jetpack_memberships_contains_paywalled_content":false,"_jetpack_memberships_contains_paid_content":false,"footnotes":""},"categories":[64],"tags":[],"class_list":["post-40594","post","type-post","status-publish","format-standard","hentry","category-opinion"],"jetpack_featured_media_url":"","jetpack_shortlink":"https:\/\/wp.me\/p2JWE0-ayK","jetpack-related-posts":[{"id":100466,"url":"https:\/\/www.24baires.com\/?p=100466","url_meta":{"origin":40594,"position":0},"title":"La CPM tild\u00f3 de \u201cvergonzoso\u201d y \u201cescandaloso\u201d el fallo por la Masacre de Magdalena","author":"GB","date":"09\/02\/2018","format":false,"excerpt":"Su titular, Roberto Cipriano, advirti\u00f3 que el fallo que conden\u00f3 a 3 imputados y absolvi\u00f3 a otros 14, constituye una \u201cmala se\u00f1al\u201d hacia la sociedad. \u201cGenera impunidad\u201d, advirti\u00f3. La abogada de las v\u00edctimas adelant\u00f3 que apelar\u00e1n a Casaci\u00f3n. La Comisi\u00f3n Provincial por la Memoria repudi\u00f3 este mediod\u00eda el fallo que\u2026","rel":"","context":"En \u00abPoliciales\u00bb","block_context":{"text":"Policiales","link":"https:\/\/www.24baires.com\/?cat=49"},"img":{"alt_text":"","src":"https:\/\/i0.wp.com\/www.24baires.com\/wp-content\/uploads\/2018\/02\/unidad-penal-de-magdalena-300x200.jpg?resize=350%2C200","width":350,"height":200},"classes":[]},{"id":100001,"url":"https:\/\/www.24baires.com\/?p=100001","url_meta":{"origin":40594,"position":1},"title":"Investigan la muerte de un cabo en un confuso episodio en la Escuela Naval Militar R\u00edo Santiago","author":"GB","date":"17\/01\/2018","format":false,"excerpt":"ENSENADA-El cuerpo fue hallado sin vida dentro de un galp\u00f3n del establecimiento colgado del cuello por una soga y con sus manos enredadas. Interviene la fiscal\u00eda a cargo de Marcelo Romero luego de que la justicia federal se declarara incompetente. Un misterioso hecho se produjo en la Escuela Naval Militar\u2026","rel":"","context":"En \u00abPoliciales\u00bb","block_context":{"text":"Policiales","link":"https:\/\/www.24baires.com\/?cat=49"},"img":{"alt_text":"","src":"https:\/\/i0.wp.com\/www.24baires.com\/wp-content\/uploads\/2018\/01\/rio-santiago.jpg?resize=350%2C200","width":350,"height":200,"srcset":"https:\/\/i0.wp.com\/www.24baires.com\/wp-content\/uploads\/2018\/01\/rio-santiago.jpg?resize=350%2C200 1x, https:\/\/i0.wp.com\/www.24baires.com\/wp-content\/uploads\/2018\/01\/rio-santiago.jpg?resize=525%2C300 1.5x"},"classes":[]},{"id":91408,"url":"https:\/\/www.24baires.com\/?p=91408","url_meta":{"origin":40594,"position":2},"title":"Otros 33 presos murieron en un mot\u00edn en Brasil","author":"AF","date":"06\/01\/2017","format":false,"excerpt":"Al menos 33 reos han muerto en una penitenciar\u00eda en el estado norte\u00f1o de Roraima, informaron las autoridades el viernes. Estas muertes se suman a 60 denunciadas en otras prisiones. La secretar\u00eda de Justicia dijo en un comunicado que los reos murieron durante la noche en la Penitenciar\u00eda Agraria de\u2026","rel":"","context":"En \u00abInternacionales\u00bb","block_context":{"text":"Internacionales","link":"https:\/\/www.24baires.com\/?cat=73"},"img":{"alt_text":"","src":"https:\/\/i0.wp.com\/www.24baires.com\/wp-content\/uploads\/2013\/06\/c%C3%A1rcel.jpg?resize=350%2C200","width":350,"height":200,"srcset":"https:\/\/i0.wp.com\/www.24baires.com\/wp-content\/uploads\/2013\/06\/c%C3%A1rcel.jpg?resize=350%2C200 1x, https:\/\/i0.wp.com\/www.24baires.com\/wp-content\/uploads\/2013\/06\/c%C3%A1rcel.jpg?resize=525%2C300 1.5x"},"classes":[]},{"id":106439,"url":"https:\/\/www.24baires.com\/?p=106439","url_meta":{"origin":40594,"position":3},"title":"Advierten sobre la letalidad de las Taser","author":"AF","date":"18\/01\/2019","format":false,"excerpt":"Diversos estudios dan cuenta de las muertes que provoca el uso sin control de las armas que el Gobierno decidi\u00f3 que empiecen a usar fuerzas de seguridad federales y tambi\u00e9n polic\u00edas de la Ciudad y bonaerenses. El CELS cit\u00f3 esas investigaciones en pedidos de informe que realiz\u00f3 acerca de c\u00f3mo\u2026","rel":"","context":"En \u00abSociedad\u00bb","block_context":{"text":"Sociedad","link":"https:\/\/www.24baires.com\/?cat=1"},"img":{"alt_text":"","src":"https:\/\/i0.wp.com\/www.24baires.com\/wp-content\/uploads\/2019\/01\/taser.jpg?resize=350%2C200","width":350,"height":200,"srcset":"https:\/\/i0.wp.com\/www.24baires.com\/wp-content\/uploads\/2019\/01\/taser.jpg?resize=350%2C200 1x, https:\/\/i0.wp.com\/www.24baires.com\/wp-content\/uploads\/2019\/01\/taser.jpg?resize=525%2C300 1.5x"},"classes":[]},{"id":105952,"url":"https:\/\/www.24baires.com\/?p=105952","url_meta":{"origin":40594,"position":4},"title":"Docentes volvieron a denunciar que se retira documentaci\u00f3n desde el Consejo Escolar","author":"GB","date":"16\/12\/2018","format":false,"excerpt":"MORENO-Los docentes de la localidad de Moreno volvieron a advertir que ignorados retiraron cajas con documentos desde la sede del Consejo Escolar. Temen que busquen eliminar alg\u00fan tipo de informaci\u00f3n sensible luego de la explosi\u00f3n que caus\u00f3 la muerte de dos docentes el pasado mes de agosto. A pocos d\u00edas\u2026","rel":"","context":"En \u00abProvincia\u00bb","block_context":{"text":"Provincia","link":"https:\/\/www.24baires.com\/?cat=40"},"img":{"alt_text":"","src":"https:\/\/i0.wp.com\/www.24baires.com\/wp-content\/uploads\/2018\/12\/consejo-escolar-moreno.jpg?resize=350%2C200","width":350,"height":200,"srcset":"https:\/\/i0.wp.com\/www.24baires.com\/wp-content\/uploads\/2018\/12\/consejo-escolar-moreno.jpg?resize=350%2C200 1x, https:\/\/i0.wp.com\/www.24baires.com\/wp-content\/uploads\/2018\/12\/consejo-escolar-moreno.jpg?resize=525%2C300 1.5x"},"classes":[]},{"id":84363,"url":"https:\/\/www.24baires.com\/?p=84363","url_meta":{"origin":40594,"position":5},"title":"Horror en Villa Lugano: violaron y mataron a una nena de 6 a\u00f1os","author":"GB","date":"29\/06\/2016","format":false,"excerpt":"La ni\u00f1era de la menor y su pareja, de 29 y 33 a\u00f1os respectivamente, quedaron detenidos luego de que llevaran a la menor al hospital Santojanni, alegando que ten\u00eda convulsiones. Los m\u00e9dicos constataron la ni\u00f1a lleg\u00f3 muerta y ten\u00eda lesiones de abuso recientes. Una pareja qued\u00f3 detenida acusada de abusar\u2026","rel":"","context":"En \u00abPoliciales\u00bb","block_context":{"text":"Policiales","link":"https:\/\/www.24baires.com\/?cat=49"},"img":{"alt_text":"","src":"","width":0,"height":0},"classes":[]}],"jetpack_sharing_enabled":true,"jetpack_likes_enabled":true,"_links":{"self":[{"href":"https:\/\/www.24baires.com\/index.php?rest_route=\/wp\/v2\/posts\/40594","targetHints":{"allow":["GET"]}}],"collection":[{"href":"https:\/\/www.24baires.com\/index.php?rest_route=\/wp\/v2\/posts"}],"about":[{"href":"https:\/\/www.24baires.com\/index.php?rest_route=\/wp\/v2\/types\/post"}],"author":[{"embeddable":true,"href":"https:\/\/www.24baires.com\/index.php?rest_route=\/wp\/v2\/users\/11"}],"replies":[{"embeddable":true,"href":"https:\/\/www.24baires.com\/index.php?rest_route=%2Fwp%2Fv2%2Fcomments&post=40594"}],"version-history":[{"count":1,"href":"https:\/\/www.24baires.com\/index.php?rest_route=\/wp\/v2\/posts\/40594\/revisions"}],"predecessor-version":[{"id":40596,"href":"https:\/\/www.24baires.com\/index.php?rest_route=\/wp\/v2\/posts\/40594\/revisions\/40596"}],"wp:attachment":[{"href":"https:\/\/www.24baires.com\/index.php?rest_route=%2Fwp%2Fv2%2Fmedia&parent=40594"}],"wp:term":[{"taxonomy":"category","embeddable":true,"href":"https:\/\/www.24baires.com\/index.php?rest_route=%2Fwp%2Fv2%2Fcategories&post=40594"},{"taxonomy":"post_tag","embeddable":true,"href":"https:\/\/www.24baires.com\/index.php?rest_route=%2Fwp%2Fv2%2Ftags&post=40594"}],"curies":[{"name":"wp","href":"https:\/\/api.w.org\/{rel}","templated":true}]}}