{"id":4058,"date":"2012-11-01T11:06:55","date_gmt":"2012-11-01T14:06:55","guid":{"rendered":"http:\/\/www.24baires.com\/?p=4058"},"modified":"2012-11-01T11:51:14","modified_gmt":"2012-11-01T14:51:14","slug":"charla-sobre-la-ley-de-medios-en-necochea","status":"publish","type":"post","link":"https:\/\/www.24baires.com\/?p=4058","title":{"rendered":"Debate sobre la Ley de Medios en Necochea"},"content":{"rendered":"<p>La ley de medios y el 7D ser\u00e1n temas de una charla abierta que se brindar\u00e1 en el Sal\u00f3n de Actos de la Municipalidad de Necochea el jueves a las 19, invit\u00e1ndose a toda la comunidad. La charla estar\u00e1 a cargo del diputado nacional Carlos Raimundi, y el actor y dirigente gremial Norberto Gonzalo.<!--more--><br \/>\nEl diputado nacional por Nuevo Encuentro (NE) calific\u00f3 de \u00abmuy inteligente\u00bb la decisi\u00f3n de la presidenta Cristina Fern\u00e1ndez de Kirchner de designar frente a la AFSCA a Mart\u00edn Sabbatella, por la \u00abcapacidad de gesti\u00f3n y transparencia\u00bb del ex intendente de Mor\u00f3n.<br \/>\n\u00abLa capacidad de gesti\u00f3n y transparencia de Sabbatella, son dos ingredientes necesarios para afrontar este proceso de adecuaci\u00f3n a la ley y poner en pr\u00e1ctica los limites que marca\u00bb, sostuvo Carlos Raimundi.<br \/>\nResalt\u00f3 tambi\u00e9n el \u00abnivel creciente de inescrupulosidad y falta de l\u00edmites morales por parte del grupo medi\u00e1tico m\u00e1s poderoso frente a la fecha l\u00edmite\u00bb, aunque dijo \u00abme gustar\u00eda equivocarme\u00bb.<br \/>\nRaimundi tambi\u00e9n pidi\u00f3 a los defensores del cumplimiento de la Ley de Servicios de Comunicaci\u00f3n Audiovisual \u00abresponder con calma y serenidad\u00bb frente a lo que consider\u00f3 la creaci\u00f3n de un clima enrarecido y una escalada de noticias perturbadoras para la poblaci\u00f3n.<br \/>\n\u00abEspero que no haya escalada, pero la verdad es que estamos viendo y escuchando, comentarios, convocatorias, noticias que no son noticias sino para generar comentarios enrareciendo el clima y violentando los \u00e1nimos\u00bb, afirm\u00f3.<br \/>\nRespecto de las impugnaciones, Raimundi dijo que la AFSCA \u00abtiene much\u00edsimas menos facultades, tiene menos autoridad que la que estaba antes de la actual ley\u00bb y por el contrario \u00abm\u00e1s controles: Consejo Federal de Servicios de Comunicaci\u00f3n Audiovisual, la Comisi\u00f3n Bicameral. Adem\u00e1s est\u00e1 el cargo Defensor del P\u00fablico\u00bb.<br \/>\nEl diputado a\u00f1adi\u00f3 que \u00ablejos de ser ley una ley para controlar tiene por el contrario muchos controles sociales y pol\u00edticos para hacer cumplir los l\u00edmites que ley impone a los que se exceden en cantidad de licencias\u00bb.<br \/>\nEl gobierno nacional present\u00f3 un corto publicitario detallando que el pr\u00f3ximo 7 de diciembre entrar\u00e1n en plena vigencia todos los art\u00edculos de la nueva Ley de Medios donde se aclara que para el caso de los grupos de medios que se excedan la cantidad de licencias permitidas y no se adecuen a la ley, el gobierno deber\u00e1 llamar a concurso p\u00fablico para readjudicar aquellas que representen el excedente, \u201cpreservando las fuentes de trabajo\u201d.<\/p>\n","protected":false},"excerpt":{"rendered":"<p>La ley de medios y el 7D ser\u00e1n temas de una charla abierta que se brindar\u00e1 en el Sal\u00f3n de Actos de la Municipalidad de Necochea el jueves a las 19, invit\u00e1ndose a toda la comunidad. La charla estar\u00e1 a cargo del diputado nacional Carlos Raimundi, y el actor y dirigente gremial Norberto Gonzalo.<\/p>\n","protected":false},"author":4,"featured_media":0,"comment_status":"open","ping_status":"open","sticky":false,"template":"","format":"standard","meta":{"_jetpack_newsletter_access":"","_jetpack_dont_email_post_to_subs":false,"_jetpack_newsletter_tier_id":0,"_jetpack_memberships_contains_paywalled_content":false,"_jetpack_memberships_contains_paid_content":false,"footnotes":""},"categories":[54],"tags":[],"class_list":["post-4058","post","type-post","status-publish","format-standard","hentry","category-medios"],"jetpack_featured_media_url":"","jetpack_shortlink":"https:\/\/wp.me\/p2JWE0-13s","jetpack-related-posts":[{"id":9207,"url":"https:\/\/www.24baires.com\/?p=9207","url_meta":{"origin":4058,"position":0},"title":"\u00abEl fallo de Alfonso repara la aberraci\u00f3n de la C\u00e1mara\u00bb, asegur\u00f3 Raimundi","author":"AF","date":"15\/12\/2012","format":false,"excerpt":"A trav\u00e9s de un comunicado, el diputado nacional por Nuevo Encuentro, Carlos Raimundi, se refiri\u00f3 al fallo que declar\u00f3 la constitucionalidad de los art\u00edculos de la Ley de Medios que cuestionara el Grupo Clar\u00edn. El legislador Carlos Raimundi record\u00f3 que la ley votada por amplia mayor\u00eda del Congreso hace tres\u2026","rel":"","context":"En \u00abMedios\u00bb","block_context":{"text":"Medios","link":"https:\/\/www.24baires.com\/?cat=54"},"img":{"alt_text":"raimundi","src":"https:\/\/i0.wp.com\/www.24baires.com\/wp-content\/uploads\/2012\/12\/raimundi-300x200.jpg?resize=350%2C200","width":350,"height":200},"classes":[]},{"id":54120,"url":"https:\/\/www.24baires.com\/?p=54120","url_meta":{"origin":4058,"position":1},"title":"Denuncian falta de regulaci\u00f3n urbana en la construcci\u00f3n de countries en Tigre","author":"GB","date":"23\/09\/2014","format":false,"excerpt":"Lo aseguraron el precandidato a intendente de ese distrito, Gustavo Piantino, y al secretario general del FPV Tigre, Mart\u00edn Gianella durante una reuni\u00f3n con el diputado nacional Carlos Raimundi, quien los recibi\u00f3 en su despacho en el Congreso Nacional. Durante la reuni\u00f3n, Piantino y Gianella le plantearon a Raimundi las\u2026","rel":"","context":"En \u00abMunicipios\u00bb","block_context":{"text":"Municipios","link":"https:\/\/www.24baires.com\/?cat=44"},"img":{"alt_text":"dip","src":"https:\/\/i0.wp.com\/www.24baires.com\/wp-content\/uploads\/2014\/09\/dip.jpg?resize=350%2C200","width":350,"height":200,"srcset":"https:\/\/i0.wp.com\/www.24baires.com\/wp-content\/uploads\/2014\/09\/dip.jpg?resize=350%2C200 1x, https:\/\/i0.wp.com\/www.24baires.com\/wp-content\/uploads\/2014\/09\/dip.jpg?resize=525%2C300 1.5x"},"classes":[]},{"id":21449,"url":"https:\/\/www.24baires.com\/?p=21449","url_meta":{"origin":4058,"position":2},"title":"\u00abLo \u00fanico que unificaba la marcha era la protesta contra el Gobierno\u00bb","author":"AF","date":"19\/04\/2013","format":false,"excerpt":"As\u00ed lo evalu\u00f3 el diputado nacional de Nuevo Encuentro, Carlos Raimundi, quien de todos modos asever\u00f3 que en la Casa Rosada saben de la existencia de \"sectores que se oponen fuertemente\" a su gesti\u00f3n. Adem\u00e1s, rechaz\u00f3 el retorno de la \"farandulizaci\u00f3n\" de la pol\u00edtica, motorizado por un periodista del Grupo\u2026","rel":"","context":"En \u00abSociedad\u00bb","block_context":{"text":"Sociedad","link":"https:\/\/www.24baires.com\/?cat=1"},"img":{"alt_text":"","src":"","width":0,"height":0},"classes":[]},{"id":66285,"url":"https:\/\/www.24baires.com\/?p=66285","url_meta":{"origin":4058,"position":3},"title":"Sabbatella le respondi\u00f3 a Bullrich luego de que pidiera limitar la cadena nacional","author":"AF","date":"20\/05\/2015","format":false,"excerpt":"El titular de la Autoridad Federal de Servicios de Comunicaci\u00f3n Audiovisual (AFSCA), Mart\u00edn Sabbatella, se refiri\u00f3 hoy al pol\u00e9mico pedido que realiz\u00f3 la diputada del PRO, Patricia Bullrich, para limitar el uso de la cadena nacional. \"Es un disparate\", sostuvo. En ese sentido, Sabbatella agreg\u00f3 adem\u00e1s: \"El uso de la\u2026","rel":"","context":"En \u00abMedios\u00bb","block_context":{"text":"Medios","link":"https:\/\/www.24baires.com\/?cat=54"},"img":{"alt_text":"bullrich patricia","src":"https:\/\/i0.wp.com\/www.24baires.com\/wp-content\/uploads\/2013\/04\/bullrich-patricia-300x225.jpg?resize=350%2C200","width":350,"height":200},"classes":[]},{"id":131,"url":"https:\/\/www.24baires.com\/?p=131","url_meta":{"origin":4058,"position":4},"title":"Heller: Sabbatella es la \u00abpersona ideal\u00bb para conducir el AFSCA","author":"Grupo Sierra","date":"18\/09\/2012","format":false,"excerpt":"El diputado nacional Carlos Heller consider\u00f3 que su par Mart\u00edn Sabbatella \"es la persona ideal para conducir AFSCA\", y \"para aplicar y hacer cumplir\" la nueva ley de medios, al frente de la Autoridad Federal de Servicios de Comunicaci\u00f3n Audiovisual (AFSCA). \"Mart\u00edn Sabbatella es la persona ideal para aplicar y\u2026","rel":"","context":"En \u00abPol\u00edtica\u00bb","block_context":{"text":"Pol\u00edtica","link":"https:\/\/www.24baires.com\/?cat=51"},"img":{"alt_text":"","src":"","width":0,"height":0},"classes":[]},{"id":3243,"url":"https:\/\/www.24baires.com\/?p=3243","url_meta":{"origin":4058,"position":5},"title":"La CTA respald\u00f3 la gesti\u00f3n de Mart\u00edn Sabbatella al frente de la AFSCA","author":"Grupo Sierra","date":"25\/10\/2012","format":false,"excerpt":"La Central de Trabajadores de la Argentina, que encabeza Hugo Yasky, reiter\u00f3 este jueves su apoyo a la gesti\u00f3n de Mart\u00edn Sabbatella al frente de la Autoridad Federal de Servicios de Comunicaci\u00f3n Audiovisual (AFSCA), y el compromiso con la inmediata aplicaci\u00f3n de la ley de Servicios de Comunicaci\u00f3n Audiovisual. \u201cVenimos\u2026","rel":"","context":"En \u00abMedios\u00bb","block_context":{"text":"Medios","link":"https:\/\/www.24baires.com\/?cat=54"},"img":{"alt_text":"","src":"https:\/\/i0.wp.com\/www.24baires.com\/wp-content\/uploads\/2012\/10\/yasky-sabbatella-300x213.jpg?resize=350%2C200","width":350,"height":200},"classes":[]}],"jetpack_sharing_enabled":true,"jetpack_likes_enabled":true,"_links":{"self":[{"href":"https:\/\/www.24baires.com\/index.php?rest_route=\/wp\/v2\/posts\/4058","targetHints":{"allow":["GET"]}}],"collection":[{"href":"https:\/\/www.24baires.com\/index.php?rest_route=\/wp\/v2\/posts"}],"about":[{"href":"https:\/\/www.24baires.com\/index.php?rest_route=\/wp\/v2\/types\/post"}],"author":[{"embeddable":true,"href":"https:\/\/www.24baires.com\/index.php?rest_route=\/wp\/v2\/users\/4"}],"replies":[{"embeddable":true,"href":"https:\/\/www.24baires.com\/index.php?rest_route=%2Fwp%2Fv2%2Fcomments&post=4058"}],"version-history":[{"count":3,"href":"https:\/\/www.24baires.com\/index.php?rest_route=\/wp\/v2\/posts\/4058\/revisions"}],"predecessor-version":[{"id":4060,"href":"https:\/\/www.24baires.com\/index.php?rest_route=\/wp\/v2\/posts\/4058\/revisions\/4060"}],"wp:attachment":[{"href":"https:\/\/www.24baires.com\/index.php?rest_route=%2Fwp%2Fv2%2Fmedia&parent=4058"}],"wp:term":[{"taxonomy":"category","embeddable":true,"href":"https:\/\/www.24baires.com\/index.php?rest_route=%2Fwp%2Fv2%2Fcategories&post=4058"},{"taxonomy":"post_tag","embeddable":true,"href":"https:\/\/www.24baires.com\/index.php?rest_route=%2Fwp%2Fv2%2Ftags&post=4058"}],"curies":[{"name":"wp","href":"https:\/\/api.w.org\/{rel}","templated":true}]}}