{"id":40362,"date":"2014-02-13T09:15:25","date_gmt":"2014-02-13T12:15:25","guid":{"rendered":"http:\/\/www.24baires.com\/?p=40362"},"modified":"2014-02-13T09:08:53","modified_gmt":"2014-02-13T12:08:53","slug":"juntitos-binner-stolbizer-y-moyano","status":"publish","type":"post","link":"https:\/\/www.24baires.com\/?p=40362","title":{"rendered":"Juntitos: Binner, Stolbizer y Moyano"},"content":{"rendered":"<p><img data-recalc-dims=\"1\" loading=\"lazy\" decoding=\"async\" src=\"https:\/\/i0.wp.com\/www.24baires.com\/wp-content\/uploads\/2014\/02\/MOYANO-BINNER.jpg?resize=560%2C371\" alt=\"MOYANO BINNER\" width=\"560\" height=\"371\" class=\"aligncenter size-full wp-image-40363\" srcset=\"https:\/\/i0.wp.com\/www.24baires.com\/wp-content\/uploads\/2014\/02\/MOYANO-BINNER.jpg?w=560&amp;ssl=1 560w, https:\/\/i0.wp.com\/www.24baires.com\/wp-content\/uploads\/2014\/02\/MOYANO-BINNER.jpg?resize=300%2C198&amp;ssl=1 300w\" sizes=\"auto, (max-width: 560px) 100vw, 560px\" \/>Todos son malos, hasta que est\u00e1n de mi lado. Este podr\u00eda ser un nuevo lema para Margarita Stolbizer, Luis Juez, Humberto Tumini y Hermes Binner, quienes se reunieron con Hugo Moyano, a quien algunos de ellos en otras \u00e9pocas para nada lejanas, tildaban, entre otras cosas, de \u201chip\u00f3crita antiobrero\u201d y de liderar la mafia sindical. As\u00ed lo expres\u00f3 la diputada del FAP Margarita Stolbizer en varias oportunidades en su cuenta de Twitter, as\u00ed como en diversas entrevistas. <!--more--><\/p>\n<p>Para estos dirigentes pol\u00edticos que ahora comulgan sus ideas en un mismo espacio que ya ha tenido correlatos electorales, con Moyano los trabajadores estaban \u201cindefensos\u201d. Al menos antes, parece que ahora ya no, porque en un pico de bipolaridad en el FAP, la tambi\u00e9n diputada Alicia Ciciliani, dijo que \u201cNosotros no opinamos sobre la legitimidad de los l\u00edderes que cada gremio de trabajadores elige para que lo represente. La respetamos y creemos que debemos dialogar con todos.\u201d Y ese \u2018todos\u2019 se ensancha cada vez m\u00e1s, ya que Luis \u201cHay que dejar de robar al menos por dos a\u00f1os\u201d Barrionuevo estaba invitado al c\u00f3nclave, pero peg\u00f3 el faltazo.<\/p>\n<p>Siguiendo con el sano ejercicio de la memoria, podemos recordar cuando Binner, hombre desafecto a la opini\u00f3n comprometida, hab\u00eda \u2018despegado\u2019 a Moyano de los saqueos ocurridos en diciembre de 2012, cuando en esa oportunidad afirm\u00f3 que no ten\u00eda \u201cning\u00fan indicio\u201d de que Moyano y Barrionuevo estuvieran detr\u00e1s de esos desmanes, como hab\u00eda se\u00f1alado el gobierno. All\u00ed Binner banc\u00f3 al sindicalista en contrapunto con su colega de alianza, Stolbizer. Aunque ahora junto a ella toma caf\u00e9 con Hugo y charlan de pol\u00edticas y acuerdos. <\/p>\n<p>En el encuentro, seg\u00fan trascendi\u00f3, se cuestion\u00f3 al gobierno nacional, se puso el acento en la inflaci\u00f3n y la reciente devaluaci\u00f3n, y avisaron que el FAP y la CGT opositora conformar\u00e1n \u201cuna mesa de trabajo\u201d. Binner, tambi\u00e9n acompa\u00f1ado por Rub\u00e9n Giustiniani, manifest\u00f3 que \u201cSe buscar\u00e1  concertar medidas de corto plazo para afrontar la crisis y evitar que los costos los paguen los asalariados.\u201d, para luego impulsar junto a Moyano \u201cpol\u00edticas que conduzcan hacia la Argentina que queremos\u201d. <\/p>\n<p>Naturalmente, una socia vaiv\u00e9n que tiene este espacio pol\u00edtico, Elisa Carri\u00f3, puso su ya tan o\u00eddo grito en el cielo al saber de esta reuni\u00f3n. \u201cNo tomen caf\u00e9 con sospechosos de corrupci\u00f3n\u201d, fue el concejo de Lilita, para quien Moyano \u201cdeber\u00eda estar sentado ante un juez penal\u201d. Ella quiere avanzar por el lado del PRO, donde dice ver \u201cgente buena\u201d, as\u00ed como el ni\u00f1o de Sexto Sentido dec\u00eda ver gente muerta, lloroso. Ese acercamiento al macrismo tampoco cay\u00f3 bien a sus socios, a los que les aclar\u00f3 que la reuni\u00f3n con el l\u00edder sindical: \u201cNo contribuye ni a esas fuerzas pol\u00edticas, ni al car\u00e1cter de la alianza que pretendemos construir, ni al pa\u00eds que tanto deseamos mejorar\u201d.<\/p>\n<p>\u201cA lo mejor tiene raz\u00f3n y yo tendr\u00eda que estar preso\u201d, desliz\u00f3 Moyano en referencia a las acusaciones de la fundadora del ARI, con rara iron\u00eda, pues si pensara en las causas de la CNU abiertas en Mar del Plata, de seguro no har\u00eda bromas semejantes.<\/p>\n","protected":false},"excerpt":{"rendered":"<p>Todos son malos, hasta que est\u00e1n de mi lado. Este podr\u00eda ser un nuevo lema para Margarita Stolbizer, Luis Juez, Humberto Tumini y Hermes Binner, quienes se reunieron con Hugo Moyano, a quien algunos de ellos en otras \u00e9pocas para nada lejanas, tildaban, entre otras cosas, de \u201chip\u00f3crita antiobrero\u201d y de liderar la mafia sindical. As\u00ed lo expres\u00f3 la diputada [&#8230;]<\/p>\n","protected":false},"author":11,"featured_media":0,"comment_status":"open","ping_status":"open","sticky":false,"template":"","format":"standard","meta":{"_jetpack_newsletter_access":"","_jetpack_dont_email_post_to_subs":false,"_jetpack_newsletter_tier_id":0,"_jetpack_memberships_contains_paywalled_content":false,"_jetpack_memberships_contains_paid_content":false,"footnotes":""},"categories":[64],"tags":[],"class_list":["post-40362","post","type-post","status-publish","format-standard","hentry","category-opinion"],"jetpack_featured_media_url":"","jetpack_shortlink":"https:\/\/wp.me\/p2JWE0-av0","jetpack-related-posts":[{"id":15239,"url":"https:\/\/www.24baires.com\/?p=15239","url_meta":{"origin":40362,"position":0},"title":"Stolbizer y la posible alianza: \u00abCon todo el radicalismo es imposible\u00bb","author":"Grupo Sierra","date":"10\/02\/2013","format":false,"excerpt":"La diputada y titular del GEN remarc\u00f3 que el Frente Amplio Progresista (FAP) \"no debe adelantar\" el debate sobre un posible acuerdo con la UCR. La diputada y titular del GEN, Margarita Stolbizer, asegur\u00f3 este s\u00e1bado que el Frente Amplio Progresista (FAP) \"no debe adelantar\" el debate sobre un posible\u2026","rel":"","context":"En \u00abPol\u00edtica\u00bb","block_context":{"text":"Pol\u00edtica","link":"https:\/\/www.24baires.com\/?cat=51"},"img":{"alt_text":"","src":"","width":0,"height":0},"classes":[]},{"id":24937,"url":"https:\/\/www.24baires.com\/?p=24937","url_meta":{"origin":40362,"position":1},"title":"Se aleja la posibilidad de un acuerdo entre la UCR y el FAP","author":"AF","date":"02\/06\/2013","format":false,"excerpt":"Mientras que el Frente decidi\u00f3 privilegiar su \"unidad\" y anunciar la candidatura del ex canciller Dante Caputo, los radicales a\u00fan siguen sin consensuar un criterio electoral para los comicios de octubre en la Provincia de Buenos Aires. La postulaci\u00f3n de Caputo, quien acept\u00f3 la propuesta de Hermes Binner y el\u2026","rel":"","context":"En \u00abPol\u00edtica\u00bb","block_context":{"text":"Pol\u00edtica","link":"https:\/\/www.24baires.com\/?cat=51"},"img":{"alt_text":"","src":"","width":0,"height":0},"classes":[]},{"id":24427,"url":"https:\/\/www.24baires.com\/?p=24427","url_meta":{"origin":40362,"position":2},"title":"Esta semana el FAP y la UCR definen si hacen alianza para las legislativas","author":"Grupo Sierra","date":"26\/05\/2013","format":false,"excerpt":"El Frente Amplio Progresista (FAP) y la UCR definir\u00e1n esta semana si sellan una alianza para competir juntos en la provincia de Buenos Aires, con una \u00fanica lista de candidatos a diputados nacionales, en los comicios de octubre pr\u00f3ximo. El Partido Socialista y el GEN, socios en la mesa provincial\u2026","rel":"","context":"En \u00abPol\u00edtica\u00bb","block_context":{"text":"Pol\u00edtica","link":"https:\/\/www.24baires.com\/?cat=51"},"img":{"alt_text":"","src":"","width":0,"height":0},"classes":[]},{"id":118969,"url":"https:\/\/www.24baires.com\/?p=118969","url_meta":{"origin":40362,"position":3},"title":"M\u00e1s de 60 pueblos de la Provincia buscan ser municipios","author":"GB","date":"14\/06\/2022","format":false,"excerpt":"Con la presencia de su presidente Patricio Pro, su vicepresidenta Adriana Tapia y representantes de los movimientos de Quequ\u00e9n, Barker y sus Villas, Chillar, Sierra de los Padres y Bat\u00e1n, la Asociaci\u00f3n para el reconocimiento de Nuevos Municipios de la Provincia de Buenos Aires particip\u00f3 del Foro GEN de Pol\u00edticas\u2026","rel":"","context":"En \u00abMunicipios\u00bb","block_context":{"text":"Municipios","link":"https:\/\/www.24baires.com\/?cat=44"},"img":{"alt_text":"","src":"https:\/\/i0.wp.com\/www.24baires.com\/wp-content\/uploads\/2022\/06\/IMG-20220614-WA0000.jpg?resize=350%2C200","width":350,"height":200,"srcset":"https:\/\/i0.wp.com\/www.24baires.com\/wp-content\/uploads\/2022\/06\/IMG-20220614-WA0000.jpg?resize=350%2C200 1x, https:\/\/i0.wp.com\/www.24baires.com\/wp-content\/uploads\/2022\/06\/IMG-20220614-WA0000.jpg?resize=525%2C300 1.5x, https:\/\/i0.wp.com\/www.24baires.com\/wp-content\/uploads\/2022\/06\/IMG-20220614-WA0000.jpg?resize=700%2C400 2x"},"classes":[]},{"id":102717,"url":"https:\/\/www.24baires.com\/?p=102717","url_meta":{"origin":40362,"position":4},"title":"Stolbizer: \u00abLa gesti\u00f3n de Vidal es tan mala como la de Scioli\u00bb","author":"GB","date":"13\/06\/2018","format":false,"excerpt":"La l\u00edder del GEN endureci\u00f3 su discurso contra la Gobernadora y afirm\u00f3 que \"no puede mostrar avances\" en educaci\u00f3n, salud y seguridad. Margarita Stolbizer abandon\u00f3 el discurso conciliador con Mar\u00eda Eugenia Vidal y afirm\u00f3 que su gesti\u00f3n \"es tan mala\" como la de su antecesor Daniel Scioli. Durante una visita\u2026","rel":"","context":"En \u00abPol\u00edtica\u00bb","block_context":{"text":"Pol\u00edtica","link":"https:\/\/www.24baires.com\/?cat=51"},"img":{"alt_text":"","src":"https:\/\/i0.wp.com\/www.24baires.com\/wp-content\/uploads\/2016\/08\/vidal-stolbizer.jpg?resize=350%2C200","width":350,"height":200,"srcset":"https:\/\/i0.wp.com\/www.24baires.com\/wp-content\/uploads\/2016\/08\/vidal-stolbizer.jpg?resize=350%2C200 1x, https:\/\/i0.wp.com\/www.24baires.com\/wp-content\/uploads\/2016\/08\/vidal-stolbizer.jpg?resize=525%2C300 1.5x"},"classes":[]},{"id":101086,"url":"https:\/\/www.24baires.com\/?p=101086","url_meta":{"origin":40362,"position":5},"title":"Stolbizer sobre la continuidad de 1Pa\u00eds: \u00abLas alianzas empiezan y terminan\u00bb","author":"AF","date":"15\/03\/2018","format":false,"excerpt":"La exdiputada nacional, Margarita Stolbizer, ech\u00f3 por tierra su alianza con Sergio Massa, al calificar 1Pa\u00eds como \"una alianza electoral\", y sostener que esos espacios \"empiezan y terminan en tiempos electorales\". En declaraciones period\u00edsticas, Stolbizer se refiri\u00f3 al encuentro que ayer comparti\u00f3 Massa con Florencio Randazzo, y no alent\u00f3 la\u2026","rel":"","context":"En \u00abPol\u00edtica\u00bb","block_context":{"text":"Pol\u00edtica","link":"https:\/\/www.24baires.com\/?cat=51"},"img":{"alt_text":"","src":"https:\/\/i0.wp.com\/www.24baires.com\/wp-content\/uploads\/2016\/02\/massa-estolbizer.jpg?resize=350%2C200","width":350,"height":200,"srcset":"https:\/\/i0.wp.com\/www.24baires.com\/wp-content\/uploads\/2016\/02\/massa-estolbizer.jpg?resize=350%2C200 1x, https:\/\/i0.wp.com\/www.24baires.com\/wp-content\/uploads\/2016\/02\/massa-estolbizer.jpg?resize=525%2C300 1.5x"},"classes":[]}],"jetpack_sharing_enabled":true,"jetpack_likes_enabled":true,"_links":{"self":[{"href":"https:\/\/www.24baires.com\/index.php?rest_route=\/wp\/v2\/posts\/40362","targetHints":{"allow":["GET"]}}],"collection":[{"href":"https:\/\/www.24baires.com\/index.php?rest_route=\/wp\/v2\/posts"}],"about":[{"href":"https:\/\/www.24baires.com\/index.php?rest_route=\/wp\/v2\/types\/post"}],"author":[{"embeddable":true,"href":"https:\/\/www.24baires.com\/index.php?rest_route=\/wp\/v2\/users\/11"}],"replies":[{"embeddable":true,"href":"https:\/\/www.24baires.com\/index.php?rest_route=%2Fwp%2Fv2%2Fcomments&post=40362"}],"version-history":[{"count":1,"href":"https:\/\/www.24baires.com\/index.php?rest_route=\/wp\/v2\/posts\/40362\/revisions"}],"predecessor-version":[{"id":40364,"href":"https:\/\/www.24baires.com\/index.php?rest_route=\/wp\/v2\/posts\/40362\/revisions\/40364"}],"wp:attachment":[{"href":"https:\/\/www.24baires.com\/index.php?rest_route=%2Fwp%2Fv2%2Fmedia&parent=40362"}],"wp:term":[{"taxonomy":"category","embeddable":true,"href":"https:\/\/www.24baires.com\/index.php?rest_route=%2Fwp%2Fv2%2Fcategories&post=40362"},{"taxonomy":"post_tag","embeddable":true,"href":"https:\/\/www.24baires.com\/index.php?rest_route=%2Fwp%2Fv2%2Ftags&post=40362"}],"curies":[{"name":"wp","href":"https:\/\/api.w.org\/{rel}","templated":true}]}}