{"id":4032,"date":"2012-10-31T21:24:41","date_gmt":"2012-11-01T00:24:41","guid":{"rendered":"http:\/\/www.24baires.com\/?p=4032"},"modified":"2012-10-31T21:24:41","modified_gmt":"2012-11-01T00:24:41","slug":"el-rio-lujan-supero-los-cuatro-metros-e-inundo-la-zona-de-la-basilica","status":"publish","type":"post","link":"https:\/\/www.24baires.com\/?p=4032","title":{"rendered":"El r\u00edo Luj\u00e1n super\u00f3 los cuatro metros e inund\u00f3 la zona de la Bas\u00edlica"},"content":{"rendered":"<p>El r\u00edo alcanz\u00f3 un nivel de 4,70 metros a la altura del partido e inund\u00f3 el casco c\u00e9ntrico, la zona hist\u00f3rica de la Bas\u00edlica y sectores de Olivera y J\u00e1uregui. El pico de crecida se espera para las 19.30. El municipio decret\u00f3 el alerta naranja y evacu\u00f3 a unas 300 personas, la mayor parte del pueblo de Olivera, uno de los sectores que recibi\u00f3 el mayor caudal proveniente del desborde del r\u00edo.<!--more--><\/p>\n<p>En tanto, la zona hist\u00f3rica de la Bas\u00edlica se encuentra anegada con la avenida Nuestra Se\u00f1ora de Luj\u00e1n, la principal del partido, cubierta en forma total por el agua, aunque las autoridades descartaron que se inunde el templo religioso debido a que esta emplazado varios metros sobre el nivel de superficie.<br \/>\n<img data-recalc-dims=\"1\" loading=\"lazy\" decoding=\"async\" class=\"aligncenter size-full wp-image-4033\" title=\"luj\u00e1n\" src=\"https:\/\/i0.wp.com\/www.24baires.com\/wp-content\/uploads\/2012\/10\/luj%C3%A1n.jpg?resize=560%2C335\" alt=\"\" width=\"560\" height=\"335\" srcset=\"https:\/\/i0.wp.com\/www.24baires.com\/wp-content\/uploads\/2012\/10\/luj%C3%A1n.jpg?w=560&amp;ssl=1 560w, https:\/\/i0.wp.com\/www.24baires.com\/wp-content\/uploads\/2012\/10\/luj%C3%A1n.jpg?resize=300%2C179&amp;ssl=1 300w\" sizes=\"auto, (max-width: 560px) 100vw, 560px\" \/><\/p>\n<p>En Olivera, \u00abel 20% del pueblo est\u00e1 tomado por el agua, mientras es cada vez m\u00e1s importante el avance sobre J\u00e1uregui y Pueblo Nuevo y sobre las instalaciones del club Flandria, N\u00e1utico el Tim\u00f3n y varias dependencias de Boy Scouts que tienen su asiento en ese sector\u00bb, precis\u00f3 el vocero.<\/p>\n<p>A ra\u00edz del desborde del r\u00edo y del arroyo Guti\u00e9rrez, se inundaron calles del barrio Padre Varela y mucha gente opt\u00f3 por autoevacuarse hacia casas de amigos o familiares.<\/p>\n<p>El municipio modific\u00f3 el lugar de la terminal de \u00d3mnibus ya que debi\u00f3 cortar varias calles por el anegamiento, mientras que est\u00e1n cortados al tr\u00e1nsito tres puentes urbanos que pasan sobre el r\u00edo Luj\u00e1n: los de la calle Almirante Brown, Bartolom\u00e9 Mitre y Mu\u00f1iz.<br \/>\nAdem\u00e1s, hay varios caminos locales interrumpidos, como el Camino Fray Manuel de Torres, que esta totalmente cortado y es el que une en forma directa a J\u00e1uregui con el centro de Luj\u00e1n. La conexi\u00f3n entre esta localidad y Luj\u00e1n se realiza a trav\u00e9s de la ruta 5.<br \/>\nEl mayor pico de crecida del r\u00edo Luj\u00e1n de los \u00faltimos 40 a\u00f1os ocurri\u00f3 en noviembre de 1986, cuando lleg\u00f3 a los seis metros de altura, aunque los voceros estimaron como improbable que llegue a ese nivel.<\/p>\n<p>La crecida del r\u00edo Luj\u00e1n comenz\u00f3 el lunes a la noche cuando se registraron fuertes lluvias en la naciente del r\u00edo, en las localidades bonaerenses de Mercedes y Suipacha, \u00abdonde est\u00e1 previsto que llueva en las pr\u00f3ximas horas\u00bb, seg\u00fan el vocero.<br \/>\nEl r\u00edo Luj\u00e1n es uno de los numerosos cursos fluviales que recorren el norte de la provincia de Buenos Aires y nace de la uni\u00f3n de los arroyos de El Durazno y de Los Leones, en el partido de Suipacha.<br \/>\nLuego recorre los partidos de Mercedes, Luj\u00e1n, Pilar, Exaltaci\u00f3n de la Cruz, Escobar, Campana, Tigre y San Fernando, desembocando en el R\u00edo de la Plata.<\/p>\n","protected":false},"excerpt":{"rendered":"<p>El r\u00edo alcanz\u00f3 un nivel de 4,70 metros a la altura del partido e inund\u00f3 el casco c\u00e9ntrico, la zona hist\u00f3rica de la Bas\u00edlica y sectores de Olivera y J\u00e1uregui. El pico de crecida se espera para las 19.30. El municipio decret\u00f3 el alerta naranja y evacu\u00f3 a unas 300 personas, la mayor parte del pueblo de Olivera, uno de [&#8230;]<\/p>\n","protected":false},"author":4,"featured_media":0,"comment_status":"open","ping_status":"open","sticky":false,"template":"","format":"standard","meta":{"_jetpack_newsletter_access":"","_jetpack_dont_email_post_to_subs":false,"_jetpack_newsletter_tier_id":0,"_jetpack_memberships_contains_paywalled_content":false,"_jetpack_memberships_contains_paid_content":false,"footnotes":""},"categories":[38],"tags":[],"class_list":["post-4032","post","type-post","status-publish","format-standard","hentry","category-locales"],"jetpack_featured_media_url":"","jetpack_shortlink":"https:\/\/wp.me\/p2JWE0-132","jetpack-related-posts":[{"id":56257,"url":"https:\/\/www.24baires.com\/?p=56257","url_meta":{"origin":4032,"position":0},"title":"Contin\u00faa subiendo el R\u00edo Luj\u00e1n y aumentan los evacuados","author":"AF","date":"30\/10\/2014","format":false,"excerpt":"El r\u00edo Luj\u00e1n aceler\u00f3 su crecida y se ubicaba en 5,08 metros, lo que provoc\u00f3 el anegamiento de nuevas zonas urbanas y m\u00e1s evacuaciones en el distrito hom\u00f3nimo bonaerense que se se encuentra desde ayer en \"alerta roja\", informaron bomberos voluntarios locales. \"A las 6.00, la altura del r\u00edo Luj\u00e1n\u2026","rel":"","context":"En \u00abLocales\u00bb","block_context":{"text":"Locales","link":"https:\/\/www.24baires.com\/?cat=38"},"img":{"alt_text":"r\u00edo luj\u00e1n","src":"https:\/\/i0.wp.com\/www.24baires.com\/wp-content\/uploads\/2014\/07\/r%C3%ADo-luj%C3%A1n.jpg?resize=350%2C200","width":350,"height":200,"srcset":"https:\/\/i0.wp.com\/www.24baires.com\/wp-content\/uploads\/2014\/07\/r%C3%ADo-luj%C3%A1n.jpg?resize=350%2C200 1x, https:\/\/i0.wp.com\/www.24baires.com\/wp-content\/uploads\/2014\/07\/r%C3%ADo-luj%C3%A1n.jpg?resize=525%2C300 1.5x"},"classes":[]},{"id":40081,"url":"https:\/\/www.24baires.com\/?p=40081","url_meta":{"origin":4032,"position":1},"title":"Todav\u00eda quedan 150 evacuados tras el temporal y las aguas bajan lentamente","author":"GB","date":"08\/02\/2014","format":false,"excerpt":"LUJ\u00c1N-Los evacuados permanec\u00edan alojadas en distintos centros de la ciudad, donde las aguas anegaron barrios enteros y llegaron hasta las proximidades de la Bas\u00edlica, en tanto el r\u00edo se encuentra en bajante, aseguraron fuentes del municipio. \"Mantenemos un total aproximado de 150 evacuados en Luj\u00e1n y en la localidad de\u2026","rel":"","context":"En \u00abSociedad\u00bb","block_context":{"text":"Sociedad","link":"https:\/\/www.24baires.com\/?cat=1"},"img":{"alt_text":"evacuados en lujan","src":"https:\/\/i0.wp.com\/www.24baires.com\/wp-content\/uploads\/2014\/02\/evacuados-en-lujan-300x199.jpg?resize=350%2C200","width":350,"height":200},"classes":[]},{"id":56334,"url":"https:\/\/www.24baires.com\/?p=56334","url_meta":{"origin":4032,"position":2},"title":"El r\u00edo Luj\u00e1n descendi\u00f3 m\u00e1s de 40 cent\u00edmetros y siguen buscando a un adolescente","author":"AF","date":"31\/10\/2014","format":false,"excerpt":"En tanto, los damnificados permanecen en los centros de evacuados instalados en la ciudad hom\u00f3nima bonaerense y contin\u00faa la b\u00fasqueda del adolescente que desapareci\u00f3 durante la crecida. El cauce alcanz\u00f3 los 4,89 metros hoy a las 6 de la ma\u00f1ana, 43 cent\u00edmetros menos que el pico que se dio ayer\u2026","rel":"","context":"En \u00abLocales\u00bb","block_context":{"text":"Locales","link":"https:\/\/www.24baires.com\/?cat=38"},"img":{"alt_text":"luj\u00e1n3","src":"https:\/\/i0.wp.com\/www.24baires.com\/wp-content\/uploads\/2012\/11\/luj%C3%A1n3.jpg?resize=350%2C200","width":350,"height":200,"srcset":"https:\/\/i0.wp.com\/www.24baires.com\/wp-content\/uploads\/2012\/11\/luj%C3%A1n3.jpg?resize=350%2C200 1x, https:\/\/i0.wp.com\/www.24baires.com\/wp-content\/uploads\/2012\/11\/luj%C3%A1n3.jpg?resize=525%2C300 1.5x"},"classes":[]},{"id":70468,"url":"https:\/\/www.24baires.com\/?p=70468","url_meta":{"origin":4032,"position":3},"title":"En Luj\u00e1n son 500 los evacuados y pronostican m\u00e1s lluvia","author":"AF","date":"12\/08\/2015","format":false,"excerpt":"El distrito de Luj\u00e1n registraba 500 evacuados, miles de afectados y seg\u00fan la medici\u00f3n de las 23, el r\u00edo se estabiliz\u00f3 en los 5, 42 metros, y se trata de una de las mayores inundaciones, superando a la del a\u00f1o cuando lleg\u00f3 a los 5,32 metros. Con el alerta meteorol\u00f3gico\u2026","rel":"","context":"En \u00abLocales\u00bb","block_context":{"text":"Locales","link":"https:\/\/www.24baires.com\/?cat=38"},"img":{"alt_text":"luj\u00e1n3","src":"https:\/\/i0.wp.com\/www.24baires.com\/wp-content\/uploads\/2012\/11\/luj%C3%A1n3.jpg?resize=350%2C200","width":350,"height":200,"srcset":"https:\/\/i0.wp.com\/www.24baires.com\/wp-content\/uploads\/2012\/11\/luj%C3%A1n3.jpg?resize=350%2C200 1x, https:\/\/i0.wp.com\/www.24baires.com\/wp-content\/uploads\/2012\/11\/luj%C3%A1n3.jpg?resize=525%2C300 1.5x"},"classes":[]},{"id":4167,"url":"https:\/\/www.24baires.com\/?p=4167","url_meta":{"origin":4032,"position":4},"title":"En Luj\u00e1n el agua retrocede, pero temen por las lluvias anunciadas para el domingo","author":"AF","date":"02\/11\/2012","format":false,"excerpt":"La situaci\u00f3n sigue siendo complicada en el distrito de la Primera Secci\u00f3n Electoral, pero hay buenas se\u00f1ales. El director de Control Urbano local, Ricardo Re, afirm\u00f3 que si no se registran nuevas precipitaciones durante el fin de semana -el gran temor en la comuna- \u201cla zona inundada se liberar\u00e1\u201d lentamente,\u2026","rel":"","context":"En \u00abLocales\u00bb","block_context":{"text":"Locales","link":"https:\/\/www.24baires.com\/?cat=38"},"img":{"alt_text":"","src":"https:\/\/i0.wp.com\/www.24baires.com\/wp-content\/uploads\/2012\/11\/luj%C3%A1n2.jpg?resize=350%2C200","width":350,"height":200,"srcset":"https:\/\/i0.wp.com\/www.24baires.com\/wp-content\/uploads\/2012\/11\/luj%C3%A1n2.jpg?resize=350%2C200 1x, https:\/\/i0.wp.com\/www.24baires.com\/wp-content\/uploads\/2012\/11\/luj%C3%A1n2.jpg?resize=525%2C300 1.5x"},"classes":[]},{"id":56386,"url":"https:\/\/www.24baires.com\/?p=56386","url_meta":{"origin":4032,"position":5},"title":"Contin\u00faa el descenso del R\u00edo Luj\u00e1n y reanudan la b\u00fasqueda del joven desaparecido","author":"AF","date":"01\/11\/2014","format":false,"excerpt":"Ya baj\u00f3 1,10 metros desde el pico alcanzado el jueves, mientras que se retom\u00f3 esta ma\u00f1ana la b\u00fasqueda del joven de 14 a\u00f1os que desapareci\u00f3 el d\u00eda del temporal. Fuentes de Bomberos Voluntarios de Luj\u00e1n indicaron que a las 7 el cauce descendi\u00f3 a los 4,22 metros, ya lejos de\u2026","rel":"","context":"En \u00abLocales\u00bb","block_context":{"text":"Locales","link":"https:\/\/www.24baires.com\/?cat=38"},"img":{"alt_text":"","src":"","width":0,"height":0},"classes":[]}],"jetpack_sharing_enabled":true,"jetpack_likes_enabled":true,"_links":{"self":[{"href":"https:\/\/www.24baires.com\/index.php?rest_route=\/wp\/v2\/posts\/4032","targetHints":{"allow":["GET"]}}],"collection":[{"href":"https:\/\/www.24baires.com\/index.php?rest_route=\/wp\/v2\/posts"}],"about":[{"href":"https:\/\/www.24baires.com\/index.php?rest_route=\/wp\/v2\/types\/post"}],"author":[{"embeddable":true,"href":"https:\/\/www.24baires.com\/index.php?rest_route=\/wp\/v2\/users\/4"}],"replies":[{"embeddable":true,"href":"https:\/\/www.24baires.com\/index.php?rest_route=%2Fwp%2Fv2%2Fcomments&post=4032"}],"version-history":[{"count":3,"href":"https:\/\/www.24baires.com\/index.php?rest_route=\/wp\/v2\/posts\/4032\/revisions"}],"predecessor-version":[{"id":4037,"href":"https:\/\/www.24baires.com\/index.php?rest_route=\/wp\/v2\/posts\/4032\/revisions\/4037"}],"wp:attachment":[{"href":"https:\/\/www.24baires.com\/index.php?rest_route=%2Fwp%2Fv2%2Fmedia&parent=4032"}],"wp:term":[{"taxonomy":"category","embeddable":true,"href":"https:\/\/www.24baires.com\/index.php?rest_route=%2Fwp%2Fv2%2Fcategories&post=4032"},{"taxonomy":"post_tag","embeddable":true,"href":"https:\/\/www.24baires.com\/index.php?rest_route=%2Fwp%2Fv2%2Ftags&post=4032"}],"curies":[{"name":"wp","href":"https:\/\/api.w.org\/{rel}","templated":true}]}}