{"id":40190,"date":"2014-02-10T13:30:02","date_gmt":"2014-02-10T16:30:02","guid":{"rendered":"http:\/\/www.24baires.com\/?p=40190"},"modified":"2014-02-10T13:22:17","modified_gmt":"2014-02-10T16:22:17","slug":"en-lo-penal-pensamos-que-hay-que-pensar","status":"publish","type":"post","link":"https:\/\/www.24baires.com\/?p=40190","title":{"rendered":"En lo penal, pensamos que hay que pensar"},"content":{"rendered":"<p><img data-recalc-dims=\"1\" loading=\"lazy\" decoding=\"async\" class=\"aligncenter size-full wp-image-40191\" alt=\"justicia\" src=\"https:\/\/i0.wp.com\/www.24baires.com\/wp-content\/uploads\/2014\/02\/justicia.jpg?resize=560%2C377\" width=\"560\" height=\"377\" srcset=\"https:\/\/i0.wp.com\/www.24baires.com\/wp-content\/uploads\/2014\/02\/justicia.jpg?w=560&amp;ssl=1 560w, https:\/\/i0.wp.com\/www.24baires.com\/wp-content\/uploads\/2014\/02\/justicia.jpg?resize=300%2C201&amp;ssl=1 300w\" sizes=\"auto, (max-width: 560px) 100vw, 560px\" \/>Atreverse a pensar en la direcci\u00f3n opuesta a lo que el momento ordena siempre es un acto de valent\u00eda. Hoy es muy f\u00e1cil sumarse a quienes achacan todos los males a la inseguridad delictiva, y con ellos a determinado tipo de sujetos, a determinada clase social.<!--more--><\/p>\n<p>En esta columna vendremos a proponer un ejercicio de pensar, a contramano de las emociones m\u00e1s urgentes. A reflexionar, en contra de sumarse convenientemente a un coro de gritos. Los que aqu\u00ed vamos a escribir somos personas de carne y hueso: alguna vez hemos sufrido, en carne propia un delito, y nos hemos sentido indignados, y seguramente en su momento deseamos lo peor para aquel que nos lo hizo sufrir.<\/p>\n<p>Pero tambi\u00e9n somos personas que estamos en contacto permanente con la polic\u00eda, con la c\u00e1rcel, con las torturas, vejaciones y sufrimientos, de aquellos que viven encerrados en esos mundos, y con sus familiares, del otro lado del muro. Vemos todo eso, lo sentimos, tambi\u00e9n. Y la soluci\u00f3n del encierro no nos cierra. Algo clama en la conciencia que nos dice que lo que vemos ah\u00ed no est\u00e1 bien tampoco.<\/p>\n<p>Es nuestra experiencia como operadores y actores en el sistema penal o en trabajos o lugares que lo tocan, la que nos convoca, la que nos exige moralmente, ese ejercicio del pensar m\u00e1s all\u00e1 de nuestras reacciones, m\u00e1s all\u00e1 de las posturas c\u00f3modas que achac\u00e1ndole el mal absoluto al otro, pueden justificar que a \u00e9l se le haga cualquier cosa.<\/p>\n<p>Algunos de quienes pensamos que hay que pensar en estas cosas nos hemos organizado, en este caso, por ejemplo, en una revista y una red de acci\u00f3n y debate, que se propone cambiar las cosas. Esta red que es la Asociaci\u00f3n Pensamiento Penal est\u00e1 integrada por operadores del sistema penal (jueces, fiscales, defensores, docentes y estudiantes) de todo el pa\u00eds. En el centro de nuestras ideas y objetivo est\u00e1 la dignidad de todo hombre y mujer, incluso la de aquellos que a los que la ley se los niega, tambi\u00e9n incluso aquellos a los que la ley y sus instituciones han privado de su libertad o condenado, aunque esto estuviera justificado como un castigo por un hecho que ha cometido.<\/p>\n<p>Dicho de otra manera, nuestros principales objetivos son la promoci\u00f3n, el respeto y resguardo de los derechos humanos. Y por eso despierta nuestra reacci\u00f3n moral atestiguar que, tras el nombre de la justicia se intenta legitimar los m\u00e1s ominosos atropellos, dar una justificaci\u00f3n institucional al sadismo o a la crueldad.<\/p>\n<p>Tambi\u00e9n nos alarma constatar que ese sistema legal e institucional que es llamado en ocasiones \u201cLa Justicia\u201d, se aplica con distinta vara a unos y a otros: con mayor dureza y crueldad mientras menos recursos se tengan para denunciarla y resistirla; con mayor tolerancia y perd\u00f3n a aquellos que desde su jerarqu\u00eda social, pueden evitar la degradaci\u00f3n. Finalmente, y visto desde el gran cuadro, parece que siempre los castigados los ponen los que menos tienen; y que el resultado es que no sirve para proteger ni los bienes ni el bienestar de todos, sino de los que m\u00e1s tienen.<\/p>\n<p>Pero esta alarma moral no se puede agotar en la indignaci\u00f3n. Llama a la reflexi\u00f3n y a la acci\u00f3n. La reflexi\u00f3n sobre las formas de reducir o evitar estas desigualdades, de evitar la indignidad, la violencia institucionalizada, el atropello. La acci\u00f3n en muchos niveles, para concientizar, intervenir, controlar, interpelar, a quienes de una forma u otra estamos involucrados en las instituciones de aplicaci\u00f3n de violencia. Eso es lo que proponemos desde esta instituci\u00f3n.<\/p>\n<p>Pensamiento Penal comienza hacia fines de 2004, cuando a partir de la inquietud de un grupo de juristas, acad\u00e9micos y funcionarios judiciales se crea un espacio virtual para debatir ideas y reflexionar sobre el funcionamiento del sistema penal en un Estado democr\u00e1tico y con la mira en la defensa de los derechos fundamentales. Ese espacio es la revista virtual (www.pensamientopenal.com.ar), que fue cobrando relevancia impulsada por un foro de discusi\u00f3n y estudio desde una perspectiva cr\u00edtica de la realidad social y penal.<\/p>\n<p>En el a\u00f1o 2006 se constituy\u00f3 formalmente la Asociaci\u00f3n Pensamiento Penal para contribuir en los procesos de transformaci\u00f3n democr\u00e1tica de los sistemas judiciales en toda la regi\u00f3n, en la difusi\u00f3n de ideas vinculadas a la libertad y al derecho penal de m\u00ednima expresi\u00f3n, en la elaboraci\u00f3n de material jur\u00eddico, en la capacitaci\u00f3n como herramienta de cambio y en la proposici\u00f3n de pol\u00edticas p\u00fablicas penales respetuosas de los derechos humanos. La Asociaci\u00f3n ha sido, desde su composici\u00f3n original, multidisciplinaria y federal. Esto nos ha permitido conocer y actuar en las realidades penales de cada una de las provincias.<\/p>\n<p>Durante todo este tiempo hemos intervenido a trav\u00e9s de \u201cAmicus Curiae\u201d en procesos o situaciones de alto impacto de vulneraci\u00f3n de derechos fundamentales y en la constante emisi\u00f3n de pronunciamientos reclamando la protecci\u00f3n de sectores vulnerables que, muchas veces, no tienen fuerza suficiente en su propia voz para reclamar.<\/p>\n<p>Intervenimos mediante pronunciamientos y dict\u00e1menes en deliberaciones legislativas relacionadas con la sanci\u00f3n de leyes penales. Y nos encontramos en redes de cooperaci\u00f3n con otras instituciones p\u00fablicas y privadas relacionadas con el sistema de penal.<\/p>\n<p>Desde 2010 contamos con un campus virtual de educaci\u00f3n a distancia, integrado por profesores de diversas ramas del saber penal y de reconocida trayectoria en los \u00e1mbitos de actuaci\u00f3n judicial, docente e investigativo, y ha posicionado a la instituci\u00f3n a nivel nacional e internacional.<\/p>\n<p>La Asociaci\u00f3n Pensamiento Penal es una instituci\u00f3n democr\u00e1tica, plural y ampliamente participativa. Por ello, compartir este espacio, que esperamos que sea otro \u201cespacio para la justicia y la libertad\u201d, con los lectores, nos entusiasma. Y tambi\u00e9n nos estimula a seguir pensando a contramano de lo que las voces de los gritos imponen, nos convoca a seguir interpelando, a todos y cada uno, por la defensa de la dignidad de todo ser humano. Dicho de otro modo, a la lucha por la plena vigencia de los derechos humanos fundamentales. Esperamos que el lector, si no encuentra aqu\u00ed una voz d\u00f3nde reconocerse, encuentre una voz con la cual preguntarse.<\/p>\n","protected":false},"excerpt":{"rendered":"<p>Atreverse a pensar en la direcci\u00f3n opuesta a lo que el momento ordena siempre es un acto de valent\u00eda. Hoy es muy f\u00e1cil sumarse a quienes achacan todos los males a la inseguridad delictiva, y con ellos a determinado tipo de sujetos, a determinada clase social.<\/p>\n","protected":false},"author":11,"featured_media":0,"comment_status":"open","ping_status":"open","sticky":false,"template":"","format":"standard","meta":{"_jetpack_newsletter_access":"","_jetpack_dont_email_post_to_subs":false,"_jetpack_newsletter_tier_id":0,"_jetpack_memberships_contains_paywalled_content":false,"_jetpack_memberships_contains_paid_content":false,"footnotes":""},"categories":[64],"tags":[],"class_list":["post-40190","post","type-post","status-publish","format-standard","hentry","category-opinion"],"jetpack_featured_media_url":"","jetpack_shortlink":"https:\/\/wp.me\/p2JWE0-ase","jetpack-related-posts":[{"id":57671,"url":"https:\/\/www.24baires.com\/?p=57671","url_meta":{"origin":40190,"position":0},"title":"Rachid desminti\u00f3 el proyecto de subsidio a transexuales","author":"Grupo Sierra","date":"25\/11\/2014","format":false,"excerpt":"La autora del proyecto asegur\u00f3 que el proyecto para subsidiar a las personas trans de m\u00e1s de cuarenta a\u00f1os fue presentado hace m\u00e1s de un a\u00f1o. Y que la suma del subsidio era de $2.400. Desminti\u00f3 la versi\u00f3n de los $8000. Varios medios publicaron hoy una noticia que levant\u00f3 pol\u00e9mica:\u2026","rel":"","context":"En \u00abLegislativo\u00bb","block_context":{"text":"Legislativo","link":"https:\/\/www.24baires.com\/?cat=75"},"img":{"alt_text":"maria-rachid","src":"https:\/\/i0.wp.com\/www.24baires.com\/wp-content\/uploads\/2014\/11\/maria-rachid.jpg?resize=350%2C200","width":350,"height":200,"srcset":"https:\/\/i0.wp.com\/www.24baires.com\/wp-content\/uploads\/2014\/11\/maria-rachid.jpg?resize=350%2C200 1x, https:\/\/i0.wp.com\/www.24baires.com\/wp-content\/uploads\/2014\/11\/maria-rachid.jpg?resize=525%2C300 1.5x"},"classes":[]},{"id":46799,"url":"https:\/\/www.24baires.com\/?p=46799","url_meta":{"origin":40190,"position":1},"title":"Cruces entre el PRO y Samid por el territorio del interior","author":"Grupo Sierra","date":"26\/05\/2014","format":false,"excerpt":"Samid anunci\u00f3 ampliaciones del Mercado Central por distintas regiones del interior, y Jorge Larreche, ex vicemistro de la producci\u00f3n de Duhalde y actual referente del PRO, fustig\u00f3 con dureza al denominado \"Rey de la Carne\", al calific\u00f3 de \"cuatrero importante\". La pol\u00e9mica en relaci\u00f3n a la posible llegada de Alberto\u2026","rel":"","context":"En \u00abProvincia\u00bb","block_context":{"text":"Provincia","link":"https:\/\/www.24baires.com\/?cat=40"},"img":{"alt_text":"samid","src":"https:\/\/i0.wp.com\/www.24baires.com\/wp-content\/uploads\/2014\/02\/samid.jpg?resize=350%2C200","width":350,"height":200,"srcset":"https:\/\/i0.wp.com\/www.24baires.com\/wp-content\/uploads\/2014\/02\/samid.jpg?resize=350%2C200 1x, https:\/\/i0.wp.com\/www.24baires.com\/wp-content\/uploads\/2014\/02\/samid.jpg?resize=525%2C300 1.5x"},"classes":[]},{"id":19650,"url":"https:\/\/www.24baires.com\/?p=19650","url_meta":{"origin":40190,"position":2},"title":"Se fug\u00f3 despu\u00e9s de atropellar y matar a un ciclista: \u00abNo pens\u00e9 que era para tanto\u00bb, dijo","author":"AF","date":"29\/03\/2013","format":false,"excerpt":"BAH\u00cdA BLANCA - Personal de la Comisar\u00eda Quinta detuvo en su domicilio de Reconquista al 4900, en el Barrio Saladero de Ingeniero White, al conductor que se fug\u00f3 tras arrollar y matar a Germ\u00e1n Ezequiel Garaycochea, quien transitaba en bicicleta esta madrugada sobre ruta 3 sur y Charlone. El individuo,\u2026","rel":"","context":"En \u00abPoliciales\u00bb","block_context":{"text":"Policiales","link":"https:\/\/www.24baires.com\/?cat=49"},"img":{"alt_text":"206 ciclista","src":"https:\/\/i0.wp.com\/www.24baires.com\/wp-content\/uploads\/2013\/03\/206-ciclista.jpg?resize=350%2C200","width":350,"height":200,"srcset":"https:\/\/i0.wp.com\/www.24baires.com\/wp-content\/uploads\/2013\/03\/206-ciclista.jpg?resize=350%2C200 1x, https:\/\/i0.wp.com\/www.24baires.com\/wp-content\/uploads\/2013\/03\/206-ciclista.jpg?resize=525%2C300 1.5x"},"classes":[]},{"id":50382,"url":"https:\/\/www.24baires.com\/?p=50382","url_meta":{"origin":40190,"position":3},"title":"Sabella define su futuro el fin de semana","author":"Grupo Sierra","date":"22\/07\/2014","format":false,"excerpt":"El DT de la selecci\u00f3n argentina afirm\u00f3 que anunciar\u00e1 si contin\u00faa en el cargo luego del receso, al ser reconocido en el Senado de la Naci\u00f3n por su trabajo frente al equipo. \u201cTodav\u00eda no tom\u00e9 la decisi\u00f3n\u201d, asegur\u00f3. Sostuvo que \"la Selecci\u00f3n es un sue\u00f1o, un conjunto de ideas. Conjugar\u2026","rel":"","context":"En \u00abDeportes\u00bb","block_context":{"text":"Deportes","link":"https:\/\/www.24baires.com\/?cat=12"},"img":{"alt_text":"sabella","src":"https:\/\/i0.wp.com\/www.24baires.com\/wp-content\/uploads\/2014\/03\/sabella.jpg?resize=350%2C200","width":350,"height":200,"srcset":"https:\/\/i0.wp.com\/www.24baires.com\/wp-content\/uploads\/2014\/03\/sabella.jpg?resize=350%2C200 1x, https:\/\/i0.wp.com\/www.24baires.com\/wp-content\/uploads\/2014\/03\/sabella.jpg?resize=525%2C300 1.5x"},"classes":[]},{"id":16637,"url":"https:\/\/www.24baires.com\/?p=16637","url_meta":{"origin":40190,"position":4},"title":"Crece la preocupaci\u00f3n por el aumento de casos de S\u00edndrome Ur\u00e9mico Hemol\u00edtico","author":"Grupo Sierra","date":"24\/02\/2013","format":false,"excerpt":"BAH\u00cdA BLANCA.- En los \u00faltimos dos meses y medios aumentaron en Bah\u00eda Blanca y la zona, los casos de S\u00edndrome Ur\u00e9mico Hemol\u00edtico, igualando la cantidad que antes se daban en un a\u00f1o entero. Hubo que lamentar la muerte de un ni\u00f1o de 7 a\u00f1os. Nos encontramos en verano y esta\u2026","rel":"","context":"En \u00abSociedad\u00bb","block_context":{"text":"Sociedad","link":"https:\/\/www.24baires.com\/?cat=1"},"img":{"alt_text":"","src":"","width":0,"height":0},"classes":[]},{"id":85708,"url":"https:\/\/www.24baires.com\/?p=85708","url_meta":{"origin":40190,"position":5},"title":"Cristina a los pibes de secundario: \u00abNadie les puede decir que no tienen derecho a so\u00f1ar\u00bb","author":"Grupo Sierra","date":"31\/07\/2016","format":false,"excerpt":"La ex Presidenta Cristina Kirchner le advirti\u00f3 hoy a los j\u00f3venes que \"nadie les puede decir que no tienen derecho a so\u00f1ar\" durante un encuentro de estudiantes secundarios que militan en su espacio pol\u00edtico, en el partido bonaerense de Avellaneda. De esa manera, la l\u00edder del Frente por la Victoria\u2026","rel":"","context":"En \u00abPol\u00edtica\u00bb","block_context":{"text":"Pol\u00edtica","link":"https:\/\/www.24baires.com\/?cat=51"},"img":{"alt_text":"cristina pibes","src":"https:\/\/i0.wp.com\/www.24baires.com\/wp-content\/uploads\/2016\/07\/cristina-pibes.jpg?resize=350%2C200","width":350,"height":200,"srcset":"https:\/\/i0.wp.com\/www.24baires.com\/wp-content\/uploads\/2016\/07\/cristina-pibes.jpg?resize=350%2C200 1x, https:\/\/i0.wp.com\/www.24baires.com\/wp-content\/uploads\/2016\/07\/cristina-pibes.jpg?resize=525%2C300 1.5x"},"classes":[]}],"jetpack_sharing_enabled":true,"jetpack_likes_enabled":true,"_links":{"self":[{"href":"https:\/\/www.24baires.com\/index.php?rest_route=\/wp\/v2\/posts\/40190","targetHints":{"allow":["GET"]}}],"collection":[{"href":"https:\/\/www.24baires.com\/index.php?rest_route=\/wp\/v2\/posts"}],"about":[{"href":"https:\/\/www.24baires.com\/index.php?rest_route=\/wp\/v2\/types\/post"}],"author":[{"embeddable":true,"href":"https:\/\/www.24baires.com\/index.php?rest_route=\/wp\/v2\/users\/11"}],"replies":[{"embeddable":true,"href":"https:\/\/www.24baires.com\/index.php?rest_route=%2Fwp%2Fv2%2Fcomments&post=40190"}],"version-history":[{"count":1,"href":"https:\/\/www.24baires.com\/index.php?rest_route=\/wp\/v2\/posts\/40190\/revisions"}],"predecessor-version":[{"id":40192,"href":"https:\/\/www.24baires.com\/index.php?rest_route=\/wp\/v2\/posts\/40190\/revisions\/40192"}],"wp:attachment":[{"href":"https:\/\/www.24baires.com\/index.php?rest_route=%2Fwp%2Fv2%2Fmedia&parent=40190"}],"wp:term":[{"taxonomy":"category","embeddable":true,"href":"https:\/\/www.24baires.com\/index.php?rest_route=%2Fwp%2Fv2%2Fcategories&post=40190"},{"taxonomy":"post_tag","embeddable":true,"href":"https:\/\/www.24baires.com\/index.php?rest_route=%2Fwp%2Fv2%2Ftags&post=40190"}],"curies":[{"name":"wp","href":"https:\/\/api.w.org\/{rel}","templated":true}]}}