{"id":4016,"date":"2012-10-31T19:35:14","date_gmt":"2012-10-31T22:35:14","guid":{"rendered":"http:\/\/www.24baires.com\/?p=4016"},"modified":"2012-10-31T19:36:40","modified_gmt":"2012-10-31T22:36:40","slug":"garzon-se-solidarizo-con-la-comision-provincial-de-la-memoria-por-su-recorte-presupuestario","status":"publish","type":"post","link":"https:\/\/www.24baires.com\/?p=4016","title":{"rendered":"Garz\u00f3n se solidariz\u00f3 con la Comisi\u00f3n Provincial por la Memoria por su recorte presupuestario"},"content":{"rendered":"<p>Las autoridades de la Comisi\u00f3n Provincial por la Memoria (CPM) recibieron hoy al ex juez espa\u00f1ol Baltasar Garz\u00f3n, quien \u00a0se interioriz\u00f3 sobre la situaci\u00f3n presupuestaria de la CPM, que viene denunciando un recorte del 34 por ciento por parte del gobierno de Daniel Scioli, y manifest\u00f3 su apoyo al reclamo, seg\u00fan indic\u00f3 el organismo de derechos humanos en un comunicado.<!--more--><\/p>\n<p>&nbsp;<\/p>\n<p>\u201cDurante el encuentro, se describieron las actividades y funciones que lleva adelante la Comisi\u00f3n. Garz\u00f3n se llev\u00f3 un claro panorama de la fundamental tarea educativa que desarrolla la instituci\u00f3n con m\u00e1s de 700 escuelas donde participan m\u00e1s de 10 mil j\u00f3venes estudiantes secundarios reconstruyendo la historia de sus comunidades y denunciando las violaciones de derechos humanos actuales\u201d, agreg\u00f3 la CPM.<\/p>\n<p>Cabe recordar que el fin de semana pasado, a trav\u00e9s de una solicitada dirigida al gobernador Scioli, unas 800 personas ligadas a la lucha por los derechos humanos, la pol\u00edtica, los sindicatos, la cultura, las universidades y la justicia rechazaron el recorte sobre el presupuesto de la Comisi\u00f3n.<\/p>\n<p><strong>Violencia institucional<\/strong><\/p>\n<p>En la reuni\u00f3n con Garz\u00f3n tambi\u00e9n se abord\u00f3 la relevancia del trabajo de monitoreo que realiza la CPM en los lugares de encierro de la provincia de Buenos Aires, como c\u00e1rceles, comisar\u00edas, institutos de menores y neurosiqui\u00e1tricos, as\u00ed como la lucha contra la tortura y la violencia policial.<\/p>\n<p>En este sentido, el jurista expres\u00f3 su \u201cpreocupaci\u00f3n\u201d ante la \u201cgrave situaci\u00f3n\u201d que padecen los m\u00e1s de 30 mil detenidos en territorio bonaerense, indic\u00f3 el co-presidente de la CPM, Hugo Ca\u00f1\u00f3n.<\/p>\n","protected":false},"excerpt":{"rendered":"<p>Las autoridades de la Comisi\u00f3n Provincial por la Memoria (CPM) recibieron hoy al ex juez espa\u00f1ol Baltasar Garz\u00f3n, quien \u00a0se interioriz\u00f3 sobre la situaci\u00f3n presupuestaria de la CPM, que viene denunciando un recorte del 34 por ciento por parte del gobierno de Daniel Scioli, y manifest\u00f3 su apoyo al reclamo, seg\u00fan indic\u00f3 el organismo de derechos humanos en un comunicado.<\/p>\n","protected":false},"author":11,"featured_media":0,"comment_status":"open","ping_status":"open","sticky":false,"template":"","format":"standard","meta":{"_jetpack_newsletter_access":"","_jetpack_dont_email_post_to_subs":false,"_jetpack_newsletter_tier_id":0,"_jetpack_memberships_contains_paywalled_content":false,"_jetpack_memberships_contains_paid_content":false,"footnotes":""},"categories":[50],"tags":[],"class_list":["post-4016","post","type-post","status-publish","format-standard","hentry","category-memoria"],"jetpack_featured_media_url":"","jetpack_shortlink":"https:\/\/wp.me\/p2JWE0-12M","jetpack-related-posts":[{"id":3894,"url":"https:\/\/www.24baires.com\/?p=3894","url_meta":{"origin":4016,"position":0},"title":"La Comisi\u00f3n Provincial por la Memoria insiste en el reclamo por el recorte del 34%","author":"Grupo Sierra","date":"30\/10\/2012","format":false,"excerpt":"El co-presidente de la Comisi\u00f3n Provincial por la Memoria, Hugo Ca\u00f1\u00f3n, habl\u00f3 de cara a una reuni\u00f3n que mantendr\u00e1n ma\u00f1ana con el Ejecutivo. \u201cTodo lo que sea reducci\u00f3n en materia de derechos humanos es un retroceso en la b\u00fasqueda de la verdad, la justicia y la memoria\u201d, precis\u00f3. La decana\u2026","rel":"","context":"En \u00abMemoria\u00bb","block_context":{"text":"Memoria","link":"https:\/\/www.24baires.com\/?cat=50"},"img":{"alt_text":"","src":"https:\/\/i0.wp.com\/www.24baires.com\/wp-content\/uploads\/2012\/10\/comision-provincial-memoria-conf.jpg?resize=350%2C200","width":350,"height":200,"srcset":"https:\/\/i0.wp.com\/www.24baires.com\/wp-content\/uploads\/2012\/10\/comision-provincial-memoria-conf.jpg?resize=350%2C200 1x, https:\/\/i0.wp.com\/www.24baires.com\/wp-content\/uploads\/2012\/10\/comision-provincial-memoria-conf.jpg?resize=525%2C300 1.5x"},"classes":[]},{"id":3134,"url":"https:\/\/www.24baires.com\/?p=3134","url_meta":{"origin":4016,"position":1},"title":"La CPM envi\u00f3 una carta abierta al Gobernador para evitar el recorte presupuestario al organismo","author":"AF","date":"24\/10\/2012","format":false,"excerpt":"La Comisi\u00f3n Provincial por la Memoria (CPM) le envi\u00f3 una carta abierta al gobernador Daniel Scioli, a fin de que d\u00e9 marcha atr\u00e1s con el recorte presupuestario al organismo y cumpla con el env\u00edo de las partidas acordadas con el Ministerio de Econom\u00eda para el ejercicio 2012. La CPM denunci\u00f3\u2026","rel":"","context":"En \u00abMemoria\u00bb","block_context":{"text":"Memoria","link":"https:\/\/www.24baires.com\/?cat=50"},"img":{"alt_text":"","src":"","width":0,"height":0},"classes":[]},{"id":2498,"url":"https:\/\/www.24baires.com\/?p=2498","url_meta":{"origin":4016,"position":2},"title":"La Comisi\u00f3n por la Memoria denuncia al Gobierno bonaerense","author":"AF","date":"18\/10\/2012","format":false,"excerpt":"La Comisi\u00f3n Provincial por la Memoria (CPM) denunci\u00f3 que el Gobierno bonaerense subejecut\u00f3 en un 34% el presupuesto del organismo y reclam\u00f3 por el cumplimiento de las obligaciones pautadas para el ejercicio 2012. Mediante una carta p\u00fablica titulada \"No al ajuste en los derechos humanos de la Provincia\", el organismo\u2026","rel":"","context":"En \u00abMemoria\u00bb","block_context":{"text":"Memoria","link":"https:\/\/www.24baires.com\/?cat=50"},"img":{"alt_text":"","src":"","width":0,"height":0},"classes":[]},{"id":112998,"url":"https:\/\/www.24baires.com\/?p=112998","url_meta":{"origin":4016,"position":3},"title":"Comisi\u00f3n Provincial por la Memoria, nombrada como mecanismo de prevenci\u00f3n contra la tortura","author":"GB","date":"14\/11\/2019","format":false,"excerpt":"El Consejo Federal de Prevenci\u00f3n de la Tortura destac\u00f3 a la Comisi\u00f3n Provincial por la Memoria (CPM) por el trabajo sostenido que realiza en el control y monitoreo de lugares de encierro y pol\u00edticas de seguridad. El organismo lucha contra la tortura en las c\u00e1rceles denunciando las graves violaciones de\u2026","rel":"","context":"En \u00abProvincia\u00bb","block_context":{"text":"Provincia","link":"https:\/\/www.24baires.com\/?cat=40"},"img":{"alt_text":"","src":"https:\/\/i0.wp.com\/www.24baires.com\/wp-content\/uploads\/2019\/11\/comision-provincial-por-la-tortura.png?resize=350%2C200","width":350,"height":200},"classes":[]},{"id":101043,"url":"https:\/\/www.24baires.com\/?p=101043","url_meta":{"origin":4016,"position":4},"title":"CPM solicit\u00f3 declarar la emergencia del sistema de promoci\u00f3n y protecci\u00f3n de la ni\u00f1ez","author":"GB","date":"14\/03\/2018","format":false,"excerpt":"Desde la Comisi\u00f3n Provincial por la Memoria (CPM) se\u00f1alaron que \"la extrema vulnerabilidad que padecen los NNyA se agrava a\u00fan m\u00e1s en un contexto de recrudecimiento de las pol\u00edticas punitivistas\u201d. La Comisi\u00f3n Provincial por la Memoria exigi\u00f3 que en La Plata se declare la emergencia del sistema de promoci\u00f3n y\u2026","rel":"","context":"En \u00abPol\u00edtica\u00bb","block_context":{"text":"Pol\u00edtica","link":"https:\/\/www.24baires.com\/?cat=51"},"img":{"alt_text":"","src":"https:\/\/i0.wp.com\/www.24baires.com\/wp-content\/uploads\/2013\/11\/cpm.jpg?resize=350%2C200","width":350,"height":200,"srcset":"https:\/\/i0.wp.com\/www.24baires.com\/wp-content\/uploads\/2013\/11\/cpm.jpg?resize=350%2C200 1x, https:\/\/i0.wp.com\/www.24baires.com\/wp-content\/uploads\/2013\/11\/cpm.jpg?resize=525%2C300 1.5x"},"classes":[]},{"id":101967,"url":"https:\/\/www.24baires.com\/?p=101967","url_meta":{"origin":4016,"position":5},"title":"\u201cAmontonar personas en comisar\u00edas con hacinamiento extremo es un delito\u00bb","author":"AF","date":"04\/05\/2018","format":false,"excerpt":"La Comisi\u00f3n Provincial por la Memoria reiter\u00f3 su preocupaci\u00f3n por la insistencia en pol\u00edticas de encarcelamiento, hacinamiento extremo y condiciones inhumanas de detenci\u00f3n de las personas detenidas en comisar\u00edas bonaerenses. La Comisi\u00f3n Provincial por la Memoria (CPM) reiter\u00f3 su preocupaci\u00f3n por la insistencia en pol\u00edticas de encarcelamiento, hacinamiento extremo y\u2026","rel":"","context":"En \u00abPol\u00edtica\u00bb","block_context":{"text":"Pol\u00edtica","link":"https:\/\/www.24baires.com\/?cat=51"},"img":{"alt_text":"","src":"https:\/\/i0.wp.com\/www.24baires.com\/wp-content\/uploads\/2017\/09\/ritondo-arroyo.jpeg?resize=350%2C200","width":350,"height":200,"srcset":"https:\/\/i0.wp.com\/www.24baires.com\/wp-content\/uploads\/2017\/09\/ritondo-arroyo.jpeg?resize=350%2C200 1x, https:\/\/i0.wp.com\/www.24baires.com\/wp-content\/uploads\/2017\/09\/ritondo-arroyo.jpeg?resize=525%2C300 1.5x"},"classes":[]}],"jetpack_sharing_enabled":true,"jetpack_likes_enabled":true,"_links":{"self":[{"href":"https:\/\/www.24baires.com\/index.php?rest_route=\/wp\/v2\/posts\/4016","targetHints":{"allow":["GET"]}}],"collection":[{"href":"https:\/\/www.24baires.com\/index.php?rest_route=\/wp\/v2\/posts"}],"about":[{"href":"https:\/\/www.24baires.com\/index.php?rest_route=\/wp\/v2\/types\/post"}],"author":[{"embeddable":true,"href":"https:\/\/www.24baires.com\/index.php?rest_route=\/wp\/v2\/users\/11"}],"replies":[{"embeddable":true,"href":"https:\/\/www.24baires.com\/index.php?rest_route=%2Fwp%2Fv2%2Fcomments&post=4016"}],"version-history":[{"count":4,"href":"https:\/\/www.24baires.com\/index.php?rest_route=\/wp\/v2\/posts\/4016\/revisions"}],"predecessor-version":[{"id":4022,"href":"https:\/\/www.24baires.com\/index.php?rest_route=\/wp\/v2\/posts\/4016\/revisions\/4022"}],"wp:attachment":[{"href":"https:\/\/www.24baires.com\/index.php?rest_route=%2Fwp%2Fv2%2Fmedia&parent=4016"}],"wp:term":[{"taxonomy":"category","embeddable":true,"href":"https:\/\/www.24baires.com\/index.php?rest_route=%2Fwp%2Fv2%2Fcategories&post=4016"},{"taxonomy":"post_tag","embeddable":true,"href":"https:\/\/www.24baires.com\/index.php?rest_route=%2Fwp%2Fv2%2Ftags&post=4016"}],"curies":[{"name":"wp","href":"https:\/\/api.w.org\/{rel}","templated":true}]}}