{"id":4012,"date":"2012-10-31T19:10:30","date_gmt":"2012-10-31T22:10:30","guid":{"rendered":"http:\/\/www.24baires.com\/?p=4012"},"modified":"2012-10-31T19:10:30","modified_gmt":"2012-10-31T22:10:30","slug":"alicia-kirchner-recorrio-centros-de-evacuados-en-la-matanza","status":"publish","type":"post","link":"https:\/\/www.24baires.com\/?p=4012","title":{"rendered":"Alicia Kirchner recorri\u00f3 centros de evacuados en La Matanza"},"content":{"rendered":"<p><img data-recalc-dims=\"1\" loading=\"lazy\" decoding=\"async\" class=\"aligncenter size-full wp-image-4013\" title=\"alicia kirchner matanza\" src=\"https:\/\/i0.wp.com\/www.24baires.com\/wp-content\/uploads\/2012\/10\/alicia-kirchner-matanza.jpg?resize=560%2C373\" alt=\"\" width=\"560\" height=\"373\" srcset=\"https:\/\/i0.wp.com\/www.24baires.com\/wp-content\/uploads\/2012\/10\/alicia-kirchner-matanza.jpg?w=560&amp;ssl=1 560w, https:\/\/i0.wp.com\/www.24baires.com\/wp-content\/uploads\/2012\/10\/alicia-kirchner-matanza.jpg?resize=300%2C199&amp;ssl=1 300w\" sizes=\"auto, (max-width: 560px) 100vw, 560px\" \/><\/p>\n<p>Ayer se registr\u00f3 un nuevo pico en el R\u00edo Matanza por lo que el municipio increment\u00f3 las tareas de asistencia a los damnificados y autoevaluados que a\u00fan sufren las consecuencias del temporal. El intendente Fernando Espinoza junto a la Ministra de Desarrollo Social de la Naci\u00f3n, Alicia Kirchner, y el Secretario de Defensa, Sergio Berni, visitaron hoy un centro de evacuados y continuaron entregando asistencia a los damnificados.<!--more--><\/p>\n<p>Sobre el desborde del R\u00edo Matanza el intendente Espinoza explic\u00f3: \u201cEl problema es que es el \u00fanico caudal de agua que pasa por el Conurbano Bonaerense que recibe agua de la Cuenca alta de Lobos, de Ca\u00f1uelas, de Marcos Paz, de Navarro. Hoy tenemos m\u00e1s evacuados que ayer por el agua que baja de all\u00ed por el R\u00edo Matanza\u201d.<\/p>\n<p>Adem\u00e1s, se\u00f1alo: \u201cen el R\u00edo de La Plata tuvimos un fen\u00f3meno que nunca pas\u00f3; en pleamar en vez de tener un nivel de 1.30 metros como es habitual, lleg\u00f3 a los 3.30 metros. Esto produjo un tap\u00f3n, volviendo a traer agua para adentro del R\u00edo Matanza aumentando el n\u00famero de evacuados en esta regi\u00f3n\u201d.<\/p>\n<p>El jefe comunal destac\u00f3 las obras realizadas hasta el momento ya que el temporal fue devastador pero las consecuencias pudieron ser controladas: \u201cgracias a Dios que se hicieron obras hidr\u00e1ulicas por m\u00e1s de 700 millones de pesos en los \u00faltimos 6 a\u00f1os que hicieron que en vez de tener 40.000 evacuados, hoy tenemos nada m\u00e1s que 4.000\u201d, subray\u00f3. Asimismo coment\u00f3 que el R\u00edo de la Plata comenz\u00f3 a bajar y calculan que en dos d\u00edas se vuelva a la normalidad.<\/p>\n<p>Espinoza agradeci\u00f3 al Gobierno Nacional y se\u00f1al\u00f3: \u201cestamos muy agradecidos a Alicia, a la decisi\u00f3n de nuestra querida Presidenta y de Sergio Berni que r\u00e1pidamente nos mand\u00f3 a la Prefectura, Ej\u00e9rcito qui\u00e9nes est\u00e1n trabajando con botes semi r\u00edgidos ayudando a Defensa Civil y a los Bomberos nuestros. Tambi\u00e9n los rescatistas por el trabajo que hicieron luego de la crecida a las 12 de la noche de ayer. Gracias a ellos pudimos sacar a todo el mundo sin tener p\u00e9rdidas de vida\u201d. Por \u00faltimo, brind\u00f3 su reconocimiento al pueblo de La Matanza y la sociedad civil en su conjunto que se solidarizaron desde un primer momento con los vecinos afectados.<\/p>\n<p>Por su parte, la ministra Alicia Kirchner remarc\u00f3: \u201cCada Municipio es el articulador, tenemos 400 personas trabajando de manera directa con la gente que se suma a los equipos municipales y a los del Ministerio de Defensa, Defensa Civil y la Secretar\u00eda de Seguridad. Es un Estado articulado\u201d.<\/p>\n<p>A\u00fan quedan 4.589 evacuados en 23 centros de asistencia que el municipio ha dispuesto. A trav\u00e9s del comit\u00e9 de crisis se est\u00e1 garantizando que todos los afectados cuenten con alimento, colchones, frazadas y ropa y calzado seg\u00fan sea necesario. Adem\u00e1s, se est\u00e1 realizando controles m\u00e9dicos evaluando el estado de Salud y brind\u00e1ndole la medicaci\u00f3n que sea precisa.<\/p>\n<p>Los vecinos que necesiten ser evacuados o atendidos por situaci\u00f3n de emergencia pueden dirigirse a la delegaci\u00f3n municipal correspondiente a su localidad o comunicarse con la Subsecretar\u00eda de Gobierno Municipal al 4651-0015.<\/p>\n","protected":false},"excerpt":{"rendered":"<p>Ayer se registr\u00f3 un nuevo pico en el R\u00edo Matanza por lo que el municipio increment\u00f3 las tareas de asistencia a los damnificados y autoevaluados que a\u00fan sufren las consecuencias del temporal. El intendente Fernando Espinoza junto a la Ministra de Desarrollo Social de la Naci\u00f3n, Alicia Kirchner, y el Secretario de Defensa, Sergio Berni, visitaron hoy un centro de [&#8230;]<\/p>\n","protected":false},"author":11,"featured_media":0,"comment_status":"open","ping_status":"open","sticky":false,"template":"","format":"standard","meta":{"_jetpack_newsletter_access":"","_jetpack_dont_email_post_to_subs":false,"_jetpack_newsletter_tier_id":0,"_jetpack_memberships_contains_paywalled_content":false,"_jetpack_memberships_contains_paid_content":false,"footnotes":""},"categories":[38],"tags":[],"class_list":["post-4012","post","type-post","status-publish","format-standard","hentry","category-locales"],"jetpack_featured_media_url":"","jetpack_shortlink":"https:\/\/wp.me\/p2JWE0-12I","jetpack-related-posts":[{"id":112512,"url":"https:\/\/www.24baires.com\/?p=112512","url_meta":{"origin":4012,"position":0},"title":"M\u00e1s de 5 mil personas siguen evacuadas en el Conurbano","author":"GB","date":"16\/10\/2019","format":false,"excerpt":"M\u00e1s de cinco mil personas continuaban evacuadas hoy en varios distritos del Conurbano bonaerense a ra\u00edz de las inundaciones provocadas a partir del temporal del s\u00e1bado pasado, que impact\u00f3 principalmente en La Matanza, Esteban Echeverr\u00eda, Quilmes, Ezeiza y Lomas de Zamora. La crecida del R\u00edo de la Plata, cuyas aguas\u2026","rel":"","context":"En \u00abProvincia\u00bb","block_context":{"text":"Provincia","link":"https:\/\/www.24baires.com\/?cat=40"},"img":{"alt_text":"","src":"https:\/\/i0.wp.com\/www.24baires.com\/wp-content\/uploads\/2019\/10\/inundacion-1-300x200.jpg?resize=350%2C200","width":350,"height":200},"classes":[]},{"id":3871,"url":"https:\/\/www.24baires.com\/?p=3871","url_meta":{"origin":4012,"position":1},"title":"Espinoza y el Gobernador recorrieron juntos centros de evacuados","author":"AF","date":"30\/10\/2012","format":false,"excerpt":"\u201cEstamos hoy con una cifra de 2063 evacuados y 14 centros en donde est\u00e1 trabajando personal de Defensa Civil, Bomberos, las Secretar\u00edas de Salud, Desarrollo Social y Cultura, brindando asistencia y esparcimiento\u201d, dijo Fernando Espinoza, intendente de La Matanza, durante una visita a la Escuela N\u00ba 182 de Laferrere que\u2026","rel":"","context":"En \u00abLocales\u00bb","block_context":{"text":"Locales","link":"https:\/\/www.24baires.com\/?cat=38"},"img":{"alt_text":"","src":"https:\/\/i0.wp.com\/www.24baires.com\/wp-content\/uploads\/2012\/10\/Espinoza-Scioli-300x259.jpg?resize=350%2C200","width":350,"height":200},"classes":[]},{"id":4213,"url":"https:\/\/www.24baires.com\/?p=4213","url_meta":{"origin":4012,"position":2},"title":"Los afectados por el temporal siguen retornando a sus hogares","author":"Grupo Sierra","date":"02\/11\/2012","format":false,"excerpt":"LA MATANZA - M\u00e1s de 1300 personas pudieron regresar hoy a sus casas despu\u00e9s de las inundaciones por el temporal que azot\u00f3 al distrito y a gran parte del \u00e1rea metropolitana bonaerense. Quedan 2070 damnificados que siguen siendo asistidos en los centros de evacuaci\u00f3n dispuestos por el Municipio. Estos vecinos\u2026","rel":"","context":"En \u00abSociedad\u00bb","block_context":{"text":"Sociedad","link":"https:\/\/www.24baires.com\/?cat=1"},"img":{"alt_text":"","src":"","width":0,"height":0},"classes":[]},{"id":20271,"url":"https:\/\/www.24baires.com\/?p=20271","url_meta":{"origin":4012,"position":3},"title":"\u00abEstamos trabajando en la vuelta a casa\u00bb","author":"AF","date":"05\/04\/2013","format":false,"excerpt":"Pidi\u00f3 \"tranquilidad\" a los comerciantes, asegur\u00f3 que a\u00fan hay 400 evacuados en La Plata y unos 900 en La Matanza. Hasta ahora, los muertos son 51. El gobernador de la provincia de Buenos Aires, Daniel Scioli, inform\u00f3 hoy que en La Matanza se registran \"900 evacuados\" aunque asegur\u00f3 que en\u2026","rel":"","context":"En \u00abSociedad\u00bb","block_context":{"text":"Sociedad","link":"https:\/\/www.24baires.com\/?cat=1"},"img":{"alt_text":"scioli gabinete","src":"https:\/\/i0.wp.com\/www.24baires.com\/wp-content\/uploads\/2013\/04\/scioli-gabinete.jpg?resize=350%2C200","width":350,"height":200,"srcset":"https:\/\/i0.wp.com\/www.24baires.com\/wp-content\/uploads\/2013\/04\/scioli-gabinete.jpg?resize=350%2C200 1x, https:\/\/i0.wp.com\/www.24baires.com\/wp-content\/uploads\/2013\/04\/scioli-gabinete.jpg?resize=525%2C300 1.5x"},"classes":[]},{"id":121361,"url":"https:\/\/www.24baires.com\/?p=121361","url_meta":{"origin":4012,"position":4},"title":"Fernando Espinoza, fue procesado por abuso sexual","author":"GB","date":"21\/05\/2024","format":false,"excerpt":"El dirigente peronista y alcalde de La Matanza, Fernando Espinoza, fue procesado por la justicia por el supuesto abuso sexual de una de sus secretarias. Recibi\u00f3 un embargo por m\u00e1s de $1 mill\u00f3n, pero sigue en libertad. El intendente de La Matanza, Fernando Espinoza, fue procesado por la justicia por\u2026","rel":"","context":"En \u00abJUDICIALES\u00bb","block_context":{"text":"JUDICIALES","link":"https:\/\/www.24baires.com\/?cat=68"},"img":{"alt_text":"","src":"https:\/\/i0.wp.com\/www.24baires.com\/wp-content\/uploads\/2024\/05\/fernando-espinoza.webp?resize=350%2C200","width":350,"height":200,"srcset":"https:\/\/i0.wp.com\/www.24baires.com\/wp-content\/uploads\/2024\/05\/fernando-espinoza.webp?resize=350%2C200 1x, https:\/\/i0.wp.com\/www.24baires.com\/wp-content\/uploads\/2024\/05\/fernando-espinoza.webp?resize=525%2C300 1.5x, https:\/\/i0.wp.com\/www.24baires.com\/wp-content\/uploads\/2024\/05\/fernando-espinoza.webp?resize=700%2C400 2x"},"classes":[]},{"id":43504,"url":"https:\/\/www.24baires.com\/?p=43504","url_meta":{"origin":4012,"position":5},"title":"La Provincia ayuda a los afectados por el temporal","author":"Grupo Sierra","date":"08\/04\/2014","format":false,"excerpt":"Diversos organismos del gobierno de la provincia de Buenos Aires, en coordinaci\u00f3n con organismos nacionales, asisten a los distritos que se vieron afectados por el temporal que tuvo lugar anoche, se inform\u00f3 oficialmente. \"Desde el comienzo de los alertas emitidos por el Servicio Meteorol\u00f3gico Nacional se efectu\u00f3 un monitoreo de\u2026","rel":"","context":"En \u00abProvincia\u00bb","block_context":{"text":"Provincia","link":"https:\/\/www.24baires.com\/?cat=40"},"img":{"alt_text":"temporal mayo","src":"https:\/\/i0.wp.com\/www.24baires.com\/wp-content\/uploads\/2013\/05\/temporal-mayo.jpg?resize=350%2C200","width":350,"height":200,"srcset":"https:\/\/i0.wp.com\/www.24baires.com\/wp-content\/uploads\/2013\/05\/temporal-mayo.jpg?resize=350%2C200 1x, https:\/\/i0.wp.com\/www.24baires.com\/wp-content\/uploads\/2013\/05\/temporal-mayo.jpg?resize=525%2C300 1.5x"},"classes":[]}],"jetpack_sharing_enabled":true,"jetpack_likes_enabled":true,"_links":{"self":[{"href":"https:\/\/www.24baires.com\/index.php?rest_route=\/wp\/v2\/posts\/4012","targetHints":{"allow":["GET"]}}],"collection":[{"href":"https:\/\/www.24baires.com\/index.php?rest_route=\/wp\/v2\/posts"}],"about":[{"href":"https:\/\/www.24baires.com\/index.php?rest_route=\/wp\/v2\/types\/post"}],"author":[{"embeddable":true,"href":"https:\/\/www.24baires.com\/index.php?rest_route=\/wp\/v2\/users\/11"}],"replies":[{"embeddable":true,"href":"https:\/\/www.24baires.com\/index.php?rest_route=%2Fwp%2Fv2%2Fcomments&post=4012"}],"version-history":[{"count":2,"href":"https:\/\/www.24baires.com\/index.php?rest_route=\/wp\/v2\/posts\/4012\/revisions"}],"predecessor-version":[{"id":4015,"href":"https:\/\/www.24baires.com\/index.php?rest_route=\/wp\/v2\/posts\/4012\/revisions\/4015"}],"wp:attachment":[{"href":"https:\/\/www.24baires.com\/index.php?rest_route=%2Fwp%2Fv2%2Fmedia&parent=4012"}],"wp:term":[{"taxonomy":"category","embeddable":true,"href":"https:\/\/www.24baires.com\/index.php?rest_route=%2Fwp%2Fv2%2Fcategories&post=4012"},{"taxonomy":"post_tag","embeddable":true,"href":"https:\/\/www.24baires.com\/index.php?rest_route=%2Fwp%2Fv2%2Ftags&post=4012"}],"curies":[{"name":"wp","href":"https:\/\/api.w.org\/{rel}","templated":true}]}}