{"id":4007,"date":"2012-10-31T18:42:37","date_gmt":"2012-10-31T21:42:37","guid":{"rendered":"http:\/\/www.24baires.com\/?p=4007"},"modified":"2012-10-31T18:42:37","modified_gmt":"2012-10-31T21:42:37","slug":"hoy-le-declaramos-la-guerra-al-ajuste-en-la-provincia-de-buenos-aires","status":"publish","type":"post","link":"https:\/\/www.24baires.com\/?p=4007","title":{"rendered":"\u201cHoy le declaramos la guerra al ajuste en la Provincia de Buenos Aires\u201d"},"content":{"rendered":"<p>ATE y otros gremios nucleados en la CTA opositora se movilizaron en el marco de un paro de 48 horas para rechazar el Presupuesto 2013 que ser\u00e1 votado ma\u00f1ana en la C\u00e1mara de Diputados bonaerense. Contin\u00faan la protesta con una vigilia en los jardines de la Legislatura.<!--more--><\/p>\n<p>Los estatales realizaron hoy un acto frente a la Legislatura para expresar su repudio al proyecto de presupuesto enviado por el Ejecutivo bonaerense para su tratamiento parlamentario. La actividad se dio luego de una movilizaci\u00f3n en la primera jornada del paro de 48 horas convocado por ATE y la CTA.<\/p>\n<p>\u201cConstruimos la resistencia de los \u201990 y el 19 y 20 de diciembre de 2001, derrotamos el \u00faltimo consenso del neoliberalismo\u2026 para ellos es una foto, para nosotros es nuestra vida. Hoy no venimos a ver qu\u00e9 pasa, sino a declararle una vez m\u00e1s la guerra al ajuste en la provincia de Buenos Aires\u201d, dijo el secretario general de ATE Provincia Oscar de Isasi.<\/p>\n<p>El gremialista calific\u00f3 la medida de fuerza iniciada hoy como \u201cun parazo\u201d, ya que en todo el territorio bonaerense hay \u201cescuelas paradas, hospitales donde s\u00f3lo se atienden las guardias\u201d, mientras que la administraci\u00f3n central qued\u00f3 \u201creducida a su m\u00ednima expresi\u00f3n\u201d.<\/p>\n<p>Luego del acto, los estatales junto a los m\u00e9dicos de la CICOP y los judiciales de la AJB, montaron un acampe en los jardines de la Legislatura pata continuar la protesta hasta ma\u00f1ana, cuando se tratar\u00e1 el Presupuesto 2013 en la C\u00e1mara de Diputados.<\/p>\n<p>\u201cNo venimos a esta Legislatura a ser testimoniales, venimos para que no se vote un presupuesto, con algunos puntos muy simb\u00f3licos que desnudan sus intenciones. En la Comisi\u00f3n por la Memoria, por ejemplo, pretenden reducir un 34 por ciento, en pol\u00edticas sociales van a achicar la inversi\u00f3n para los que menos tienen y en el Estado precarizan la relaci\u00f3n laboral. La ecuaci\u00f3n simb\u00f3lica es que retrocedamos en derechos humanos, que tambi\u00e9n lo hagamos en materia de dignidad social y en la realidad de los trabajadores estatales\u201d, se\u00f1al\u00f3 De Isasi.<\/p>\n<p>A su turno, el director de organizaci\u00f3n de la CTA opositora, Julio Ortellado, consider\u00f3 que se ha \u201cinstalado el debate por el Presupuesto en la Provincia, pero este debate no se termina hoy ni ma\u00f1ana, cuando los diputados intenten aprobar el proyecto que envi\u00f3 Scioli. Por eso, con la permanencia frente a la Legislatura, buscamos que escuchen nuestro reclamo\u201d.<\/p>\n<p>Ortellano detall\u00f3 que en el proyecto de ley \u201chay m\u00e1s de 6 mil vacantes de planta menos\u201d, lo que \u201cgenera m\u00e1s precarizaci\u00f3n porque se generan m\u00e1s contratos\u201d.<\/p>\n<p>\u201cEl presupuesto 2013 trae consigo un importante ajuste de las partidas. Para el conjunto del Estado bonaerense se prev\u00e9 un aumento de partidas del 22,1 por ciento, pasando de unos 113.850 millones de pesos proyectados para 2012 a unos 139.000 millones previstos para 2013. Sin embargo, seg\u00fan las proyecciones realizadas en base a la evoluci\u00f3n de lo ya ejecutado en lo que va de 2012, el gasto real para este a\u00f1o rondar\u00e1 los 126.000 millones de pesos. Esto hace que el aumento para 2013 sea s\u00f3lo de un 10 por ciento\u201d, precis\u00f3 Hugo Blasco, titular de la Asociaci\u00f3n Judicial Bonaerense (AJB).<\/p>\n","protected":false},"excerpt":{"rendered":"<p>ATE y otros gremios nucleados en la CTA opositora se movilizaron en el marco de un paro de 48 horas para rechazar el Presupuesto 2013 que ser\u00e1 votado ma\u00f1ana en la C\u00e1mara de Diputados bonaerense. Contin\u00faan la protesta con una vigilia en los jardines de la Legislatura.<\/p>\n","protected":false},"author":11,"featured_media":0,"comment_status":"open","ping_status":"open","sticky":false,"template":"","format":"standard","meta":{"_jetpack_newsletter_access":"","_jetpack_dont_email_post_to_subs":false,"_jetpack_newsletter_tier_id":0,"_jetpack_memberships_contains_paywalled_content":false,"_jetpack_memberships_contains_paid_content":false,"footnotes":""},"categories":[40],"tags":[],"class_list":["post-4007","post","type-post","status-publish","format-standard","hentry","category-provincia"],"jetpack_featured_media_url":"","jetpack_shortlink":"https:\/\/wp.me\/p2JWE0-12D","jetpack-related-posts":[{"id":3793,"url":"https:\/\/www.24baires.com\/?p=3793","url_meta":{"origin":4007,"position":0},"title":"M\u00e9dicos y Judiciales se suman al paro \u00abcontra el ajuste en la Provincia\u00bb","author":"Grupo Sierra","date":"30\/10\/2012","format":false,"excerpt":"M\u00e9dicos de los hospitales p\u00fablicos nucleados en la Cicop, y miembros de la Asociaci\u00f3n Judicial Bonaerense (AJB) adhieren a la jornada de lucha impulsada por los gremios que integran la CTA opositora. Hoy a las 11, desde ATE dar\u00e1n una conferencia de prensa para dar detalles de la manifestaci\u00f3n a\u2026","rel":"","context":"En \u00abProvincia\u00bb","block_context":{"text":"Provincia","link":"https:\/\/www.24baires.com\/?cat=40"},"img":{"alt_text":"","src":"","width":0,"height":0},"classes":[]},{"id":87449,"url":"https:\/\/www.24baires.com\/?p=87449","url_meta":{"origin":4007,"position":1},"title":"Gremios y organizaciones sociales preparan una marcha a la Gobernaci\u00f3n y la Legislatura","author":"GB","date":"12\/09\/2016","format":false,"excerpt":"La movilizaci\u00f3n forma parte de un paro por 24 horas convocado por la CTA Aut\u00f3noma, que abarca a enrolados en Cicop, judiciales y estatales de ATE. Piden m\u00e1s fondos para \u00e1reas sensibles en el Presupuesto 2017. Tras la medida de fuerza de la semana pasada, los gremios bonaerenses que responden\u2026","rel":"","context":"En \u00abProvincia\u00bb","block_context":{"text":"Provincia","link":"https:\/\/www.24baires.com\/?cat=40"},"img":{"alt_text":"marcha ate","src":"https:\/\/i0.wp.com\/www.24baires.com\/wp-content\/uploads\/2016\/03\/marcha-ate.jpg?resize=350%2C200","width":350,"height":200,"srcset":"https:\/\/i0.wp.com\/www.24baires.com\/wp-content\/uploads\/2016\/03\/marcha-ate.jpg?resize=350%2C200 1x, https:\/\/i0.wp.com\/www.24baires.com\/wp-content\/uploads\/2016\/03\/marcha-ate.jpg?resize=525%2C300 1.5x"},"classes":[]},{"id":3955,"url":"https:\/\/www.24baires.com\/?p=3955","url_meta":{"origin":4007,"position":2},"title":"ATE y CTA se movilizan contra el presupuesto 2013","author":"AF","date":"31\/10\/2012","format":false,"excerpt":"En el marco del inicio de un paro de 48 horas, los estatales marchar\u00e1n a partir de las 11 a la Legislatura bonaerense para expresarse en contra del proyecto de Presupuesto 2013 enviado por el Ejecutivo. Alegan que \u201cno incluye la pauta salarial, reduce 6 mil cargos en planta permanente,\u2026","rel":"","context":"En \u00abPol\u00edtica\u00bb","block_context":{"text":"Pol\u00edtica","link":"https:\/\/www.24baires.com\/?cat=51"},"img":{"alt_text":"","src":"https:\/\/i0.wp.com\/www.24baires.com\/wp-content\/uploads\/2012\/10\/ate-cta-300x200.jpg?resize=350%2C200","width":350,"height":200},"classes":[]},{"id":3732,"url":"https:\/\/www.24baires.com\/?p=3732","url_meta":{"origin":4007,"position":3},"title":"Estatales bonaerenses vuelven a parar \u00abpara repudiar el ajuste de Scioli\u00bb","author":"AF","date":"29\/10\/2012","format":false,"excerpt":"La CTA bonaerense, alineada a nivel nacional con Pablo Micheli, realizar\u00e1 un paro el mi\u00e9rcoles y jueves pr\u00f3ximos y una movilizaci\u00f3n a la Legislatura en repudio del proyecto de Presupuesto 2013 y la Ley Fiscal enviados por el Ejecutivo. Parar\u00e1n los trabajadores de la administraci\u00f3n central, de la Direcci\u00f3n General\u2026","rel":"","context":"En \u00abSociedad\u00bb","block_context":{"text":"Sociedad","link":"https:\/\/www.24baires.com\/?cat=1"},"img":{"alt_text":"","src":"https:\/\/i0.wp.com\/www.24baires.com\/wp-content\/uploads\/2012\/10\/de-isasi-300x198.png?resize=350%2C200","width":350,"height":200},"classes":[]},{"id":4637,"url":"https:\/\/www.24baires.com\/?p=4637","url_meta":{"origin":4007,"position":4},"title":"Nuevo paro por 48 horas de estatales la semana pr\u00f3xima","author":"AF","date":"06\/11\/2012","format":false,"excerpt":"La medida de fuerza se realizar\u00e1 el martes 13 y el mi\u00e9rcoles 14 de noviembre con movilizaci\u00f3n a la sede platense de la Direcci\u00f3n General de Cultura y Educaci\u00f3n el primer d\u00eda. Reclamar\u00e1n apertura de paritarias, pases a planta, entre otras demandas. A una semana del paro de 48 horas\u2026","rel":"","context":"En \u00abSociedad\u00bb","block_context":{"text":"Sociedad","link":"https:\/\/www.24baires.com\/?cat=1"},"img":{"alt_text":"","src":"https:\/\/i0.wp.com\/www.24baires.com\/wp-content\/uploads\/2012\/11\/isasi-300x199.jpg?resize=350%2C200","width":350,"height":200},"classes":[]},{"id":3928,"url":"https:\/\/www.24baires.com\/?p=3928","url_meta":{"origin":4007,"position":5},"title":"Paran los Hospitales contra el ajuste presupuestario","author":"AF","date":"31\/10\/2012","format":false,"excerpt":"Trabajadores de los 77 hospitales y centros de salud de la provincia de Buenos Aires realizaban hoy un paro de 24 horas en rechazo al ajuste dispuesto por el gobernador Daniel Scioli, por mejoras salariales y por la creaci\u00f3n de 2.000 puestos de trabajo. Los trabajadores nucleados en la Asociaci\u00f3n\u2026","rel":"","context":"En \u00abSociedad\u00bb","block_context":{"text":"Sociedad","link":"https:\/\/www.24baires.com\/?cat=1"},"img":{"alt_text":"","src":"","width":0,"height":0},"classes":[]}],"jetpack_sharing_enabled":true,"jetpack_likes_enabled":true,"_links":{"self":[{"href":"https:\/\/www.24baires.com\/index.php?rest_route=\/wp\/v2\/posts\/4007","targetHints":{"allow":["GET"]}}],"collection":[{"href":"https:\/\/www.24baires.com\/index.php?rest_route=\/wp\/v2\/posts"}],"about":[{"href":"https:\/\/www.24baires.com\/index.php?rest_route=\/wp\/v2\/types\/post"}],"author":[{"embeddable":true,"href":"https:\/\/www.24baires.com\/index.php?rest_route=\/wp\/v2\/users\/11"}],"replies":[{"embeddable":true,"href":"https:\/\/www.24baires.com\/index.php?rest_route=%2Fwp%2Fv2%2Fcomments&post=4007"}],"version-history":[{"count":1,"href":"https:\/\/www.24baires.com\/index.php?rest_route=\/wp\/v2\/posts\/4007\/revisions"}],"predecessor-version":[{"id":4008,"href":"https:\/\/www.24baires.com\/index.php?rest_route=\/wp\/v2\/posts\/4007\/revisions\/4008"}],"wp:attachment":[{"href":"https:\/\/www.24baires.com\/index.php?rest_route=%2Fwp%2Fv2%2Fmedia&parent=4007"}],"wp:term":[{"taxonomy":"category","embeddable":true,"href":"https:\/\/www.24baires.com\/index.php?rest_route=%2Fwp%2Fv2%2Fcategories&post=4007"},{"taxonomy":"post_tag","embeddable":true,"href":"https:\/\/www.24baires.com\/index.php?rest_route=%2Fwp%2Fv2%2Ftags&post=4007"}],"curies":[{"name":"wp","href":"https:\/\/api.w.org\/{rel}","templated":true}]}}