{"id":4000,"date":"2012-10-31T17:49:07","date_gmt":"2012-10-31T20:49:07","guid":{"rendered":"http:\/\/www.24baires.com\/?p=4000"},"modified":"2012-10-31T17:49:07","modified_gmt":"2012-10-31T20:49:07","slug":"julian-dominguez-la-ley-que-permite-votar-a-los-16-anos-es-un-paso-delante-en-la-ampliacion-de-derechos","status":"publish","type":"post","link":"https:\/\/www.24baires.com\/?p=4000","title":{"rendered":"Juli\u00e1n Dom\u00ednguez: \u201cLa ley que permite votar a los 16 a\u00f1os es un paso delante en la ampliaci\u00f3n de derechos\u201d"},"content":{"rendered":"<p>El presidente de la C\u00e1mara de Diputados de la Naci\u00f3n afirm\u00f3 esta tarde que la sanci\u00f3n de la ley que permite el voto a partir de los 16 a\u00f1os \u201ces un paso adelante en la ampliaci\u00f3n de derechos\u201d.<!--more--><\/p>\n<p>\u201cHay un cambio en la cultura de la informaci\u00f3n y una revoluci\u00f3n en los procesos de comunicaci\u00f3n, donde los j\u00f3venes saben lo que est\u00e1 pasando y quieren participar en la construcci\u00f3n de su presente y futuro\u201d, se\u00f1al\u00f3 el titular de la C\u00e1mara baja nacional.<\/p>\n<p>Asimismo, Juli\u00e1n Dom\u00ednguez asegur\u00f3 que la nueva norma \u201clogra ampliar los m\u00e1rgenes de participaci\u00f3n en la elecci\u00f3n de los representantes, al igual que la ley S\u00e1enz Pe\u00f1a del voto secreto y universal y la ley que permiti\u00f3 el voto de la mujer a mediados del siglo pasado\u201d.<\/p>\n<p>\u201cTiene que ver con un proceso de construcci\u00f3n de ciudadan\u00eda donde los j\u00f3venes han abrazado la pol\u00edtica como hace 40 a\u00f1os que no lo hac\u00edan\u201d, asever\u00f3 Dom\u00ednguez.<\/p>\n<p>Finalmente, Juli\u00e1n Dom\u00ednguez destac\u00f3 el primer discurso de Jorge Rivas en el recinto quien anticip\u00f3 su voto a favor del proyecto a trav\u00e9s de un sistema inform\u00e1tico especialmente instrumentado por la Secretar\u00eda Parlamentaria de la presidencia de Diputados. \u201cEl diputado Rivas es un ejemplo de superaci\u00f3n personal de un legislador que cumple con asistencia perfecta a las sesiones\u201d, puntualiz\u00f3.<\/p>\n","protected":false},"excerpt":{"rendered":"<p>El presidente de la C\u00e1mara de Diputados de la Naci\u00f3n afirm\u00f3 esta tarde que la sanci\u00f3n de la ley que permite el voto a partir de los 16 a\u00f1os \u201ces un paso adelante en la ampliaci\u00f3n de derechos\u201d.<\/p>\n","protected":false},"author":11,"featured_media":0,"comment_status":"open","ping_status":"open","sticky":false,"template":"","format":"standard","meta":{"_jetpack_newsletter_access":"","_jetpack_dont_email_post_to_subs":false,"_jetpack_newsletter_tier_id":0,"_jetpack_memberships_contains_paywalled_content":false,"_jetpack_memberships_contains_paid_content":false,"footnotes":""},"categories":[51],"tags":[],"class_list":["post-4000","post","type-post","status-publish","format-standard","hentry","category-politica"],"jetpack_featured_media_url":"","jetpack_shortlink":"https:\/\/wp.me\/p2JWE0-12w","jetpack-related-posts":[{"id":7278,"url":"https:\/\/www.24baires.com\/?p=7278","url_meta":{"origin":4000,"position":0},"title":"Se posterg\u00f3 el Voto Joven para la pr\u00f3xima sesi\u00f3n del Senado bonaerense","author":"AF","date":"29\/11\/2012","format":false,"excerpt":"La C\u00e1mara de Senadores bonaerense posterg\u00f3 el tratamiento del proyecto de ley que habilita a votar a los j\u00f3venes a partir de los 16 a\u00f1os en el \u00e1mbito de la provincia de Buenos Aires, en sinton\u00eda con la ley sancionada por el Congreso Nacional. La iniciativa, de los diputados del\u2026","rel":"","context":"En \u00abSociedad\u00bb","block_context":{"text":"Sociedad","link":"https:\/\/www.24baires.com\/?cat=1"},"img":{"alt_text":"","src":"","width":0,"height":0},"classes":[]},{"id":16523,"url":"https:\/\/www.24baires.com\/?p=16523","url_meta":{"origin":4000,"position":1},"title":"Este viernes Cristina inaugura el 131\u00b0 per\u00edodo de sesiones del Congreso de la Naci\u00f3n","author":"Grupo Sierra","date":"23\/02\/2013","format":false,"excerpt":"La presidenta brindar\u00e1 un discurso en el que har\u00e1 un balance de su gesti\u00f3n y realizar\u00e1 una fuerte defensa del modelo econ\u00f3mico con inclusi\u00f3n que instrumenta desde hace diez a\u00f1os el gobierno nacional. Por sexta vez consecutiva, Cristina concurrir\u00e1 al Congreso Nacional para pronunciar al mediod\u00eda un discurso ante la\u2026","rel":"","context":"En \u00abPol\u00edtica\u00bb","block_context":{"text":"Pol\u00edtica","link":"https:\/\/www.24baires.com\/?cat=51"},"img":{"alt_text":"","src":"","width":0,"height":0},"classes":[]},{"id":24453,"url":"https:\/\/www.24baires.com\/?p=24453","url_meta":{"origin":4000,"position":2},"title":"Juli\u00e1n Dom\u00ednguez: \u00abKirchner reafirm\u00f3 la soberan\u00eda del pa\u00eds\u00bb","author":"Grupo Sierra","date":"26\/05\/2013","format":false,"excerpt":"El presidente de la C\u00e1mara de Diputados, Juli\u00e1n Dom\u00ednguez, asegur\u00f3 que desde la asunci\u00f3n de N\u00e9stor Kirchner se aplic\u00f3 un plan de gobierno que estuvo basado en \"la reafirmaci\u00f3n de la soberan\u00eda, el crecimiento econ\u00f3mico y las pol\u00edticas sociales\" y asever\u00f3 que \"bajo estos preceptos se han sancionado una infinidad\u2026","rel":"","context":"En \u00abPol\u00edtica\u00bb","block_context":{"text":"Pol\u00edtica","link":"https:\/\/www.24baires.com\/?cat=51"},"img":{"alt_text":"dominguez_julian","src":"https:\/\/i0.wp.com\/www.24baires.com\/wp-content\/uploads\/2013\/01\/dominguez_julian.jpg?resize=350%2C200","width":350,"height":200,"srcset":"https:\/\/i0.wp.com\/www.24baires.com\/wp-content\/uploads\/2013\/01\/dominguez_julian.jpg?resize=350%2C200 1x, https:\/\/i0.wp.com\/www.24baires.com\/wp-content\/uploads\/2013\/01\/dominguez_julian.jpg?resize=525%2C300 1.5x"},"classes":[]},{"id":120510,"url":"https:\/\/www.24baires.com\/?p=120510","url_meta":{"origin":4000,"position":3},"title":"El Congreso cre\u00f3 tres universidades nacionales en la Provincia del Buenos Aires","author":"GB","date":"29\/09\/2023","format":false,"excerpt":"La C\u00e1mara de Senadores de la Naci\u00f3n le dio sanci\u00f3n definitiva a la creaci\u00f3n de tres universidades en la provincia de Buenos Aires. Tras casi un a\u00f1o de tr\u00e1mite legislativo, el Congreso de la Naci\u00f3n aprob\u00f3 la creaci\u00f3n de tres universidades emplazadas en la provincia de Buenos Aires. El gobernador\u2026","rel":"","context":"En \u00abSociedad\u00bb","block_context":{"text":"Sociedad","link":"https:\/\/www.24baires.com\/?cat=1"},"img":{"alt_text":"","src":"https:\/\/i0.wp.com\/www.24baires.com\/wp-content\/uploads\/2023\/09\/voto-congreso.webp?resize=350%2C200","width":350,"height":200,"srcset":"https:\/\/i0.wp.com\/www.24baires.com\/wp-content\/uploads\/2023\/09\/voto-congreso.webp?resize=350%2C200 1x, https:\/\/i0.wp.com\/www.24baires.com\/wp-content\/uploads\/2023\/09\/voto-congreso.webp?resize=525%2C300 1.5x, https:\/\/i0.wp.com\/www.24baires.com\/wp-content\/uploads\/2023\/09\/voto-congreso.webp?resize=700%2C400 2x"},"classes":[]},{"id":111526,"url":"https:\/\/www.24baires.com\/?p=111526","url_meta":{"origin":4000,"position":4},"title":"M\u00e1s de 27 mil presos bonaerenses podr\u00e1n votar en las elecciones nacionales","author":"GB","date":"09\/08\/2019","format":false,"excerpt":"El Servicio Penitenciario Bonaerense que en 2017 estaban habilitados unas 16 mil personas. M\u00e1s de 27 mil presos alojados en las unidades carcelarias de la provincia de Buenos Aires est\u00e1n habilitados para votar el domingo en las Primarias, Abiertas, Simult\u00e1neas y Obligatorias (Paso). En la oportunidad, podr\u00e1n elegir candidatos a\u2026","rel":"","context":"En \u00abElecciones\u00bb","block_context":{"text":"Elecciones","link":"https:\/\/www.24baires.com\/?cat=316"},"img":{"alt_text":"","src":"https:\/\/i0.wp.com\/www.24baires.com\/wp-content\/uploads\/2018\/04\/c%C3%A1rcel-virrey-del-pino.jpg?resize=350%2C200","width":350,"height":200,"srcset":"https:\/\/i0.wp.com\/www.24baires.com\/wp-content\/uploads\/2018\/04\/c%C3%A1rcel-virrey-del-pino.jpg?resize=350%2C200 1x, https:\/\/i0.wp.com\/www.24baires.com\/wp-content\/uploads\/2018\/04\/c%C3%A1rcel-virrey-del-pino.jpg?resize=525%2C300 1.5x"},"classes":[]},{"id":27932,"url":"https:\/\/www.24baires.com\/?p=27932","url_meta":{"origin":4000,"position":5},"title":"\u00abLa incorporaci\u00f3n de j\u00f3venes es la ampliaci\u00f3n de derechos\u00bb, asegur\u00f3 Tullio","author":"AF","date":"10\/07\/2013","format":false,"excerpt":"El director nacional electoral afirm\u00f3 que la incorporaci\u00f3n de j\u00f3venes entre 16 y 17 a\u00f1os, que por primera vez podr\u00e1n votar en las elecciones del 11 de agosto, es una cuesti\u00f3n de \"ampliaci\u00f3n de derechos\" y no una \"especulaci\u00f3n electoral\". \"Desde que anunciamos el proyecto de ley, la cuesti\u00f3n para\u2026","rel":"","context":"En \u00abSociedad\u00bb","block_context":{"text":"Sociedad","link":"https:\/\/www.24baires.com\/?cat=1"},"img":{"alt_text":"","src":"","width":0,"height":0},"classes":[]}],"jetpack_sharing_enabled":true,"jetpack_likes_enabled":true,"_links":{"self":[{"href":"https:\/\/www.24baires.com\/index.php?rest_route=\/wp\/v2\/posts\/4000","targetHints":{"allow":["GET"]}}],"collection":[{"href":"https:\/\/www.24baires.com\/index.php?rest_route=\/wp\/v2\/posts"}],"about":[{"href":"https:\/\/www.24baires.com\/index.php?rest_route=\/wp\/v2\/types\/post"}],"author":[{"embeddable":true,"href":"https:\/\/www.24baires.com\/index.php?rest_route=\/wp\/v2\/users\/11"}],"replies":[{"embeddable":true,"href":"https:\/\/www.24baires.com\/index.php?rest_route=%2Fwp%2Fv2%2Fcomments&post=4000"}],"version-history":[{"count":2,"href":"https:\/\/www.24baires.com\/index.php?rest_route=\/wp\/v2\/posts\/4000\/revisions"}],"predecessor-version":[{"id":4002,"href":"https:\/\/www.24baires.com\/index.php?rest_route=\/wp\/v2\/posts\/4000\/revisions\/4002"}],"wp:attachment":[{"href":"https:\/\/www.24baires.com\/index.php?rest_route=%2Fwp%2Fv2%2Fmedia&parent=4000"}],"wp:term":[{"taxonomy":"category","embeddable":true,"href":"https:\/\/www.24baires.com\/index.php?rest_route=%2Fwp%2Fv2%2Fcategories&post=4000"},{"taxonomy":"post_tag","embeddable":true,"href":"https:\/\/www.24baires.com\/index.php?rest_route=%2Fwp%2Fv2%2Ftags&post=4000"}],"curies":[{"name":"wp","href":"https:\/\/api.w.org\/{rel}","templated":true}]}}