{"id":3997,"date":"2012-10-31T15:22:28","date_gmt":"2012-10-31T18:22:28","guid":{"rendered":"http:\/\/www.24baires.com\/?p=3997"},"modified":"2012-10-31T15:22:28","modified_gmt":"2012-10-31T18:22:28","slug":"las-elecciones-de-los-judiciales-deberan-realizarse-nuevamente-en-el-departamento-de-azul","status":"publish","type":"post","link":"https:\/\/www.24baires.com\/?p=3997","title":{"rendered":"Las elecciones de los Judiciales deber\u00e1n realizarse nuevamente en el Departamento de Azul"},"content":{"rendered":"<p>El Ministerio de Trabajo de la Naci\u00f3n acept\u00f3 el pedido de impugnaci\u00f3n presentado por la lista opositora a nivel departamental. As\u00ed lo dio a conocer Juan \u201cKuki\u201d Derdoy, integrante del sector que efectu\u00f3 el reclamo. El organismo inst\u00f3 a la autoridad competente a definir una nueva fecha para los comicios.<!--more--><br \/>\nEl Ministerio de Trabajo de la naci\u00f3n acept\u00f3 el pedido de impugnaci\u00f3n de las elecciones de los Judiciales del Departamento de Azul presentado por la lista opositora, e inst\u00f3 a la entidad gremial a definir una nueva fecha para efectuar los comicios.<\/p>\n<p>A nivel provincial, se dio por v\u00e1lida la votaci\u00f3n en el Departamento, hecho que pr\u00e1cticamente defini\u00f3 la suerte de los comicios provinciales, a favor de la actual conducci\u00f3n.<\/p>\n<p>La lista Azul y Blanca no hab\u00eda sido aceptada para competir a nivel departamental por la Junta Electoral al \u201cno cumplir con los requisitos legales\u201d y la n\u00f3mina no fue oficializada.<\/p>\n<p>Los comicios se llevaron a cabo con la victoria de la Lista Verde que compone la actual conducci\u00f3n. Pero sus contrincantes elevaron un pedido de impugnaci\u00f3n ante el Ministerio de Trabajo, quien finalmente resolvi\u00f3 que \u201cse otorgue un plazo razonable para que la lista pueda subsanar los yerros que impidieron su oficializaci\u00f3n\u201d y solicit\u00f3 a la autoridad competente que defina una nueva fecha para llevar a cabo la votaci\u00f3n.<\/p>\n<p>En di\u00e1logo con Infoeme Juan \u201cKuki\u201d Derdoy, integrante del sector opositor explic\u00f3 que la fundamentaci\u00f3n del Ministerio se bas\u00f3 en las irregularidades \u201ccuando nos bajaron la lista. Primero no nos dieron las tres prorrogas, nos dieron dos y no hay que olvidarse de los aprietes\u201d dijo.<\/p>\n<p>\u201cEl 27 de septiembre hubo una reuni\u00f3n en la Federaci\u00f3n Judicial y se lleg\u00f3 a un acuerdo para volver a votar. Pero la lista oficial asumi\u00f3 sin respetar el acuerdo antes que se conociera la resoluci\u00f3n del Ministerio, que los intim\u00f3 a volver a votar\u201d agreg\u00f3 Derdoy.<\/p>\n<p>En este sentido, precis\u00f3 que se intentar\u00e1 \u201cvolver a poner una fecha estimativa con la otra lista para la votaci\u00f3n\u201d pero sostuvo que la \u201cJunta Provincial es al encargada de definir la nueva fecha\u201d. Se estima que la elecci\u00f3n se realizar\u00e1 antes de fin de a\u00f1o.<\/p>\n","protected":false},"excerpt":{"rendered":"<p>El Ministerio de Trabajo de la Naci\u00f3n acept\u00f3 el pedido de impugnaci\u00f3n presentado por la lista opositora a nivel departamental. As\u00ed lo dio a conocer Juan \u201cKuki\u201d Derdoy, integrante del sector que efectu\u00f3 el reclamo. El organismo inst\u00f3 a la autoridad competente a definir una nueva fecha para los comicios.<\/p>\n","protected":false},"author":4,"featured_media":0,"comment_status":"open","ping_status":"open","sticky":false,"template":"","format":"standard","meta":{"_jetpack_newsletter_access":"","_jetpack_dont_email_post_to_subs":false,"_jetpack_newsletter_tier_id":0,"_jetpack_memberships_contains_paywalled_content":false,"_jetpack_memberships_contains_paid_content":false,"footnotes":""},"categories":[38],"tags":[],"class_list":["post-3997","post","type-post","status-publish","format-standard","hentry","category-locales"],"jetpack_featured_media_url":"","jetpack_shortlink":"https:\/\/wp.me\/p2JWE0-12t","jetpack-related-posts":[{"id":111520,"url":"https:\/\/www.24baires.com\/?p=111520","url_meta":{"origin":3997,"position":0},"title":"\u00bfQu\u00e9 pasa si no voto?","author":"AF","date":"08\/08\/2019","format":false,"excerpt":"Este domingo se celebrar\u00e1n las Primarias Abiertas Simult\u00e1neas y Obligatorias para definir los candidatos presidenciales de los comicios de octubre. La Constituci\u00f3n Nacional establece en su art\u00edculo 37 que \u201cel sufragio es universal, igual, secreto y obligatorio\u201d, pero \u00bfqu\u00e9 ocurre en caso de que una persona no concurra a las\u2026","rel":"","context":"En \u00abSociedad\u00bb","block_context":{"text":"Sociedad","link":"https:\/\/www.24baires.com\/?cat=1"},"img":{"alt_text":"","src":"https:\/\/i0.wp.com\/www.24baires.com\/wp-content\/uploads\/2013\/04\/amia-votan.jpg?resize=350%2C200","width":350,"height":200,"srcset":"https:\/\/i0.wp.com\/www.24baires.com\/wp-content\/uploads\/2013\/04\/amia-votan.jpg?resize=350%2C200 1x, https:\/\/i0.wp.com\/www.24baires.com\/wp-content\/uploads\/2013\/04\/amia-votan.jpg?resize=525%2C300 1.5x"},"classes":[]},{"id":122147,"url":"https:\/\/www.24baires.com\/?p=122147","url_meta":{"origin":3997,"position":1},"title":"La Provincia ya fij\u00f3 la fecha para las PASO bonaerenses","author":"GB","date":"17\/03\/2025","format":false,"excerpt":"Mientras tanto, el Gobernador espera que la Legislatura defina si suspender\u00e1 las primarias provinciales, tras la pol\u00e9mica decisi\u00f3n del Gobierno Nacional de suspenderlas a nivel nacional. El Gobernador de la Provincia de Buenos Aires, Axel Kicillof, firm\u00f3 el Decreto 367\/2025, que convoca a las Elecciones Primarias, Abiertas, Simult\u00e1neas y Obligatorias\u2026","rel":"","context":"En \u00abProvincia\u00bb","block_context":{"text":"Provincia","link":"https:\/\/www.24baires.com\/?cat=40"},"img":{"alt_text":"","src":"https:\/\/i0.wp.com\/www.24baires.com\/wp-content\/uploads\/2025\/03\/kici-perfil.webp?resize=350%2C200","width":350,"height":200,"srcset":"https:\/\/i0.wp.com\/www.24baires.com\/wp-content\/uploads\/2025\/03\/kici-perfil.webp?resize=350%2C200 1x, https:\/\/i0.wp.com\/www.24baires.com\/wp-content\/uploads\/2025\/03\/kici-perfil.webp?resize=525%2C300 1.5x, https:\/\/i0.wp.com\/www.24baires.com\/wp-content\/uploads\/2025\/03\/kici-perfil.webp?resize=700%2C400 2x"},"classes":[]},{"id":106280,"url":"https:\/\/www.24baires.com\/?p=106280","url_meta":{"origin":3997,"position":2},"title":"Bicameral analizar\u00e1 desdoblamiento de elecciones municipales","author":"AF","date":"09\/01\/2019","format":false,"excerpt":"La Comisi\u00f3n Bicameral que analiza el desdoblamiento de las elecciones comenzar\u00e1 su trabajo analizando la posibilidad de que los intendentes puedan convocar a comicios en una fecha diferente al de Naci\u00f3n y Provincia, y para ello convocar\u00e1 a varios jefes comunales al debate. El encuentro, que tendr\u00e1 lugar el pr\u00f3ximo\u2026","rel":"","context":"En \u00abPol\u00edtica\u00bb","block_context":{"text":"Pol\u00edtica","link":"https:\/\/www.24baires.com\/?cat=51"},"img":{"alt_text":"","src":"https:\/\/i0.wp.com\/www.24baires.com\/wp-content\/uploads\/2015\/10\/elecciones1.jpg?resize=350%2C200","width":350,"height":200,"srcset":"https:\/\/i0.wp.com\/www.24baires.com\/wp-content\/uploads\/2015\/10\/elecciones1.jpg?resize=350%2C200 1x, https:\/\/i0.wp.com\/www.24baires.com\/wp-content\/uploads\/2015\/10\/elecciones1.jpg?resize=525%2C300 1.5x"},"classes":[]},{"id":108164,"url":"https:\/\/www.24baires.com\/?p=108164","url_meta":{"origin":3997,"position":3},"title":"CFK participa hoy de la cumbre del PJ, no lo hac\u00eda desde 2003","author":"AF","date":"14\/05\/2019","format":false,"excerpt":"El encuentro es esta tarde en la sede del partido, en el centro porte\u00f1o. Se buscar\u00e1 avanzar en la conformaci\u00f3n de un frente electoral opositor. La ex mandataria no asist\u00eda desde 2003. La ex presidenta Cristina Kirchner participar\u00e1 en una reuni\u00f3n del Partido Justicialista donde se analizar\u00e1 los resultados de\u2026","rel":"","context":"En \u00abPol\u00edtica\u00bb","block_context":{"text":"Pol\u00edtica","link":"https:\/\/www.24baires.com\/?cat=51"},"img":{"alt_text":"","src":"https:\/\/i0.wp.com\/www.24baires.com\/wp-content\/uploads\/2019\/05\/cumbre-pj.jpeg?resize=350%2C200","width":350,"height":200,"srcset":"https:\/\/i0.wp.com\/www.24baires.com\/wp-content\/uploads\/2019\/05\/cumbre-pj.jpeg?resize=350%2C200 1x, https:\/\/i0.wp.com\/www.24baires.com\/wp-content\/uploads\/2019\/05\/cumbre-pj.jpeg?resize=525%2C300 1.5x"},"classes":[]},{"id":122515,"url":"https:\/\/www.24baires.com\/?p=122515","url_meta":{"origin":3997,"position":4},"title":"Comenzaron las elecciones en la Provincia de Buenos Aires","author":"GB","date":"07\/09\/2025","format":false,"excerpt":"Comienzan las elecciones en la Provincia de Buenos Aires. M\u00e1s de 14 millones de bonaerenses votan legisladores y concejales en un comicio clave, primera elecci\u00f3n provincial desdoblada de la nacional. Con la apertura de las mesas a las 8 de la ma\u00f1ana, qued\u00f3 en marcha este domingo la elecci\u00f3n legislativa\u2026","rel":"","context":"En \u00abElecciones\u00bb","block_context":{"text":"Elecciones","link":"https:\/\/www.24baires.com\/?cat=316"},"img":{"alt_text":"","src":"https:\/\/i0.wp.com\/www.24baires.com\/wp-content\/uploads\/2025\/09\/elecciones-2025.webp?resize=350%2C200","width":350,"height":200,"srcset":"https:\/\/i0.wp.com\/www.24baires.com\/wp-content\/uploads\/2025\/09\/elecciones-2025.webp?resize=350%2C200 1x, https:\/\/i0.wp.com\/www.24baires.com\/wp-content\/uploads\/2025\/09\/elecciones-2025.webp?resize=525%2C300 1.5x, https:\/\/i0.wp.com\/www.24baires.com\/wp-content\/uploads\/2025\/09\/elecciones-2025.webp?resize=700%2C400 2x"},"classes":[]},{"id":104231,"url":"https:\/\/www.24baires.com\/?p=104231","url_meta":{"origin":3997,"position":5},"title":"Cristina manifest\u00f3 su apoyo a Lula tras la proscripci\u00f3n","author":"AF","date":"01\/09\/2018","format":false,"excerpt":"La exmandataria expres\u00f3 su firme apoyo al l\u00edder del Brasil, quien fue vedado por la Justicia a postularse para un nuevo mandato en los comicios de octubre pr\u00f3ximo. \"Le impiden a Lula ser candidato presidencial porque saben que ganar\u00eda ampliamente las elecciones de octubre\", dispar\u00f3 a trav\u00e9s de las redes\u2026","rel":"","context":"En \u00abPol\u00edtica\u00bb","block_context":{"text":"Pol\u00edtica","link":"https:\/\/www.24baires.com\/?cat=51"},"img":{"alt_text":"","src":"https:\/\/i0.wp.com\/www.24baires.com\/wp-content\/uploads\/2015\/09\/lula-cristina.jpg?resize=350%2C200","width":350,"height":200,"srcset":"https:\/\/i0.wp.com\/www.24baires.com\/wp-content\/uploads\/2015\/09\/lula-cristina.jpg?resize=350%2C200 1x, https:\/\/i0.wp.com\/www.24baires.com\/wp-content\/uploads\/2015\/09\/lula-cristina.jpg?resize=525%2C300 1.5x"},"classes":[]}],"jetpack_sharing_enabled":true,"jetpack_likes_enabled":true,"_links":{"self":[{"href":"https:\/\/www.24baires.com\/index.php?rest_route=\/wp\/v2\/posts\/3997","targetHints":{"allow":["GET"]}}],"collection":[{"href":"https:\/\/www.24baires.com\/index.php?rest_route=\/wp\/v2\/posts"}],"about":[{"href":"https:\/\/www.24baires.com\/index.php?rest_route=\/wp\/v2\/types\/post"}],"author":[{"embeddable":true,"href":"https:\/\/www.24baires.com\/index.php?rest_route=\/wp\/v2\/users\/4"}],"replies":[{"embeddable":true,"href":"https:\/\/www.24baires.com\/index.php?rest_route=%2Fwp%2Fv2%2Fcomments&post=3997"}],"version-history":[{"count":1,"href":"https:\/\/www.24baires.com\/index.php?rest_route=\/wp\/v2\/posts\/3997\/revisions"}],"predecessor-version":[{"id":3998,"href":"https:\/\/www.24baires.com\/index.php?rest_route=\/wp\/v2\/posts\/3997\/revisions\/3998"}],"wp:attachment":[{"href":"https:\/\/www.24baires.com\/index.php?rest_route=%2Fwp%2Fv2%2Fmedia&parent=3997"}],"wp:term":[{"taxonomy":"category","embeddable":true,"href":"https:\/\/www.24baires.com\/index.php?rest_route=%2Fwp%2Fv2%2Fcategories&post=3997"},{"taxonomy":"post_tag","embeddable":true,"href":"https:\/\/www.24baires.com\/index.php?rest_route=%2Fwp%2Fv2%2Ftags&post=3997"}],"curies":[{"name":"wp","href":"https:\/\/api.w.org\/{rel}","templated":true}]}}