{"id":39901,"date":"2014-02-05T19:29:21","date_gmt":"2014-02-05T22:29:21","guid":{"rendered":"http:\/\/www.24baires.com\/?p=39901"},"modified":"2014-02-05T19:29:21","modified_gmt":"2014-02-05T22:29:21","slug":"cuidemos-lo-nuestro","status":"publish","type":"post","link":"https:\/\/www.24baires.com\/?p=39901","title":{"rendered":"Cuidemos lo nuestro"},"content":{"rendered":"<p style=\"text-align: left;\"><img data-recalc-dims=\"1\" loading=\"lazy\" decoding=\"async\" class=\"aligncenter  wp-image-39902\" alt=\"acuerdo de precios\" src=\"https:\/\/i0.wp.com\/www.24baires.com\/wp-content\/uploads\/2014\/02\/acuerdo-de-precios.jpg?resize=560%2C375\" width=\"560\" height=\"375\" \/>\u00bfQu\u00e9 puede m\u00e1s? \u00bfTu bolsillo o tus preconceptos con respecto a determinado gobierno? Porque hay empresas, multinacionales, m\u00e1s grandes o m\u00e1s peque\u00f1as, que te est\u00e1n metiendo la mano en el bolsillo a vos y a todos los argentinos. El gobierno nacional, as\u00ed como tambi\u00e9n muchos honestos comerciantes, intenta evitar robo semejante, pero solos no pueden. El control de precios no es una simple acci\u00f3n militante de los partidos u organizaciones pol\u00edticas que apoyan al Kirchnerismo, es mucho m\u00e1s que eso. Debe serlo. <!--more--><\/p>\n<p>Este martes, en un acto desarrollado en la Casa Rosada, la Presidenta de la Naci\u00f3n hizo un llamado a la sociedad en pleno a resistir la avanzada de ciertos grupos econ\u00f3micos que est\u00e1n incrementando sin motivo todos los precios. \u201cNo vamos a permitir que sigan saqueando el bolsillo de los argentinos\u201d, dijo Cristina Kirchner al anunciar aumentos en las jubilaciones y las asignaciones escolares.<\/p>\n<p>Pero es simple: ning\u00fan aumento alcanza y, promesa, ning\u00fan aumento alcanzar\u00e1 si los especuladores contin\u00faan desestabilizando la econom\u00eda argentina con sus aumentos y remarcaci\u00f3n permanente de precios. Son los mismos empresarios que se llevan afuera del pa\u00eds todas las ganancias mientras sangran a los trabajadores asalariados elevando los costos de todo tipo de productos.<\/p>\n<p>Entonces, \u00bfte vas a quedar quietito criticando al gobierno o vas a defender tu bolsillo? Es dif\u00edcil ponerse en contra de quienes quieren cuidarte el sueldo y m\u00e1s dificultoso debe ser defender a quienes amasan fortunas haciendo que tus ingresos cada vez alcancen para menos y que lo \u00fanico que quieren es seguir enriqueci\u00e9ndose a costa de otros y, casualmente, esos otros somos nosotros.<\/p>\n<p>Hay que activar, controlar los precios, denunciar, informarse. Hay que apoyar al comerciante que decide, aun a riesgo de p\u00e9rdida, no remarcar sus precios y no comprar productos que aumentaron sin motivo. Porque eso es solidaridad, eso es justamente lo contrario a lo que hacen los especuladores.<\/p>\n<p>Porque no est\u00e1n atacando a una persona, a un pol\u00edtico, ni siquiera a un grupo de gobierno, cuando desestabilizan la econom\u00eda no est\u00e1n atacando a todos, a la sociedad en su conjunto. Ya lo vivimos: los cr\u00e1neos de los \u201990 que nos dec\u00edan que viv\u00edamos en el para\u00edso, como Mart\u00edn Redrado, que elogiaba a Domingo Cavallo, diciendo que era el mejor economista del pa\u00eds y que hab\u00eda creado un modelo fuerte con la convertibilidad, hoy salen a criticar las medidas oficiales y apabullan desde todos los medios de comunicaci\u00f3n de los que disponen (y son muchos, es un oligopolio al servicio). El ahora economista de cabecera de Massa, as\u00ed como tantos otros que nos dec\u00edan qu\u00e9 bien se estaba en Argentina mientras con sus pol\u00edticas neoliberales dejaban a millones sin empleo, mataban a cientos de hambre, explotaban el pa\u00eds, vienen a intentar retrotraer el tiempo, quieren volver a aquellos a\u00f1os de vacas flacas para el pueblo y vacas gordas para quienes dirigen los mercados.<\/p>\n<p>Esos economistas de derecha son los que dicen que si la gente tiene mayor poder adquisitivo hay m\u00e1s inflaci\u00f3n. \u00bfSi? \u00bfNo ser\u00e1 que todo cuesta m\u00e1s porque empresarios sin escr\u00fapulos avalados e instruidos por economistas sin escr\u00fapulos elevan todos los d\u00edas los precios? Nos venden espejitos de colores, y seguro ma\u00f1ana los mismos espejitos van a valer m\u00e1s que hoy, encima.<\/p>\n<p>\u00bfLos vamos a dejar? \u00bfVamos a sacar la plata de nuestras billeteras y d\u00e1rselas as\u00ed, sin m\u00e1s? Yo creo que no, yo creo que te guste o no este gobierno, est\u00e9s o no de acuerdo con lo que se hace, le creas mucho, poquito o nada a los medios y voceros opositores, ten\u00e9s que plantarte del lado que te conviene, as\u00ed de simple. Y ese lado es el que representa quien ayer dijo \u201cEs hora que todos los sectores asuman la responsabilidad de hacer funcionar los acuerdos que estamos forjando. Cuiden lo suyo.\u201d Cuidemos lo nuestro, entre todos, para todos.<\/p>\n<p>&nbsp;<\/p>\n<p>&nbsp;<\/p>\n<p>&nbsp;<\/p>\n<p>&nbsp;<\/p>\n<p>&nbsp;<\/p>\n<p>&nbsp;<\/p>\n<p>&nbsp;<\/p>\n<p>&nbsp;<\/p>\n<p>&nbsp;<\/p>\n<p>&nbsp;<\/p>\n<p>&nbsp;<\/p>\n<p>&nbsp;<\/p>\n","protected":false},"excerpt":{"rendered":"<p>\u00bfQu\u00e9 puede m\u00e1s? \u00bfTu bolsillo o tus preconceptos con respecto a determinado gobierno? Porque hay empresas, multinacionales, m\u00e1s grandes o m\u00e1s peque\u00f1as, que te est\u00e1n metiendo la mano en el bolsillo a vos y a todos los argentinos. El gobierno nacional, as\u00ed como tambi\u00e9n muchos honestos comerciantes, intenta evitar robo semejante, pero solos no pueden. El control de precios no [&#8230;]<\/p>\n","protected":false},"author":8,"featured_media":0,"comment_status":"open","ping_status":"open","sticky":false,"template":"","format":"standard","meta":{"_jetpack_newsletter_access":"","_jetpack_dont_email_post_to_subs":false,"_jetpack_newsletter_tier_id":0,"_jetpack_memberships_contains_paywalled_content":false,"_jetpack_memberships_contains_paid_content":false,"footnotes":""},"categories":[64],"tags":[],"class_list":["post-39901","post","type-post","status-publish","format-standard","hentry","category-opinion"],"jetpack_featured_media_url":"","jetpack_shortlink":"https:\/\/wp.me\/p2JWE0-anz","jetpack-related-posts":[{"id":102911,"url":"https:\/\/www.24baires.com\/?p=102911","url_meta":{"origin":39901,"position":0},"title":"El nuevo ministro de Energ\u00eda ratific\u00f3 que siguen los tarifazos de septiembre y octubre","author":"GB","date":"21\/06\/2018","format":false,"excerpt":"A pesar de la salida del accionista de Shell que ocup\u00f3 la cartera energ\u00e9tica hasta hoy, su reemplazante habl\u00f3 con Macri a su lado y confirm\u00f3 que hay \"acuerdos\" en cuanto a luz y gas \"que existen para septiembre y octubre para terminar de recomponer\". Asegur\u00f3 que seguir\u00e1n \u201cdiscutiendo la\u2026","rel":"","context":"En \u00abPol\u00edtica\u00bb","block_context":{"text":"Pol\u00edtica","link":"https:\/\/www.24baires.com\/?cat=51"},"img":{"alt_text":"","src":"https:\/\/i0.wp.com\/www.24baires.com\/wp-content\/uploads\/2018\/06\/ministro-energia-283x300.jpg?resize=350%2C200","width":350,"height":200},"classes":[]},{"id":107800,"url":"https:\/\/www.24baires.com\/?p=107800","url_meta":{"origin":39901,"position":1},"title":"Aunque Macri prometi\u00f3 suspender aumentos, la nafta volver\u00eda a subir en mayo","author":"AF","date":"24\/04\/2019","format":false,"excerpt":"Es que con el aumento del petr\u00f3leo y la disparada del d\u00f3lar los precios quedaron atrasados con la \u00faltima suba de marzo. Un rubro con el que el Gobierno no quiere meterse. Con un spot casero y una conferencia de prensa de ministros, el Gobierno Nacional anunci\u00f3 la semana pasada\u2026","rel":"","context":"En \u00abEconom\u00eda\u00bb","block_context":{"text":"Econom\u00eda","link":"https:\/\/www.24baires.com\/?cat=45"},"img":{"alt_text":"","src":"https:\/\/i0.wp.com\/www.24baires.com\/wp-content\/uploads\/2013\/02\/surtidor-nafta.jpg?resize=350%2C200","width":350,"height":200,"srcset":"https:\/\/i0.wp.com\/www.24baires.com\/wp-content\/uploads\/2013\/02\/surtidor-nafta.jpg?resize=350%2C200 1x, https:\/\/i0.wp.com\/www.24baires.com\/wp-content\/uploads\/2013\/02\/surtidor-nafta.jpg?resize=525%2C300 1.5x"},"classes":[]},{"id":117160,"url":"https:\/\/www.24baires.com\/?p=117160","url_meta":{"origin":39901,"position":2},"title":"Alberto Fern\u00e1ndez habl\u00f3 de la necesidad de \u00abcuidar la mesa de los argentinos\u00bb","author":"AF","date":"09\/02\/2021","format":false,"excerpt":"El Presidente habl\u00f3 sobre la recuperaci\u00f3n econ\u00f3mica del pa\u00eds y la necesidad de \"cuidar el bolsillo de los argentinos\". Durante su visita en Tucum\u00e1n, el presidente Alberto Fern\u00e1ndez se refiri\u00f3 al precios de los alimentos, la necesidad de \"cuidar la mesa de los argentinos\" y, entre otros factores, evitar que\u2026","rel":"","context":"En \u00abSociedad\u00bb","block_context":{"text":"Sociedad","link":"https:\/\/www.24baires.com\/?cat=1"},"img":{"alt_text":"","src":"https:\/\/i0.wp.com\/www.24baires.com\/wp-content\/uploads\/2020\/10\/fern%C3%A1ndez.jpg?resize=350%2C200","width":350,"height":200,"srcset":"https:\/\/i0.wp.com\/www.24baires.com\/wp-content\/uploads\/2020\/10\/fern%C3%A1ndez.jpg?resize=350%2C200 1x, https:\/\/i0.wp.com\/www.24baires.com\/wp-content\/uploads\/2020\/10\/fern%C3%A1ndez.jpg?resize=525%2C300 1.5x"},"classes":[]},{"id":111805,"url":"https:\/\/www.24baires.com\/?p=111805","url_meta":{"origin":39901,"position":3},"title":"Hern\u00e1n Lombardi: \u00abLe metimos la mano en el bolsillo a la gente\u00bb","author":"AF","date":"26\/08\/2019","format":false,"excerpt":"En una entrevista con Eduardo Feinmann, el titular del Sistema Federal de Medios y Contenidos P\u00fablicos no dio mayores explicaciones sobre los 10 millones de pesos para el programa de Federico Andahazi. Pero tuvo un encomiable rapto de sinceridad sobre la gesti\u00f3n de Mauricio Macri. \u00bfSinceramiento o sincericidio? Hern\u00e1n Lombardi,\u2026","rel":"","context":"En \u00abPol\u00edtica\u00bb","block_context":{"text":"Pol\u00edtica","link":"https:\/\/www.24baires.com\/?cat=51"},"img":{"alt_text":"","src":"https:\/\/i0.wp.com\/www.24baires.com\/wp-content\/uploads\/2016\/01\/lombardi.jpg?resize=350%2C200","width":350,"height":200,"srcset":"https:\/\/i0.wp.com\/www.24baires.com\/wp-content\/uploads\/2016\/01\/lombardi.jpg?resize=350%2C200 1x, https:\/\/i0.wp.com\/www.24baires.com\/wp-content\/uploads\/2016\/01\/lombardi.jpg?resize=525%2C300 1.5x"},"classes":[]},{"id":22532,"url":"https:\/\/www.24baires.com\/?p=22532","url_meta":{"origin":39901,"position":4},"title":"Boudou: \u00abLos precios no los sube el Gobierno\u00bb","author":"AF","date":"03\/05\/2013","format":false,"excerpt":"El vicepresidente de la Naci\u00f3n, Amado Boudou, remarc\u00f3 hoy que \"los precios no los sube el Gobierno\" y que, por el contrario, lo que busca permanentemente es implementar \"distintas medidas para cuidar el bolsillo de la gente\". \"Los precios no los sube el gobierno. Los precios en los que en\u2026","rel":"","context":"En \u00abEconom\u00eda\u00bb","block_context":{"text":"Econom\u00eda","link":"https:\/\/www.24baires.com\/?cat=45"},"img":{"alt_text":"boudou smalll","src":"https:\/\/i0.wp.com\/www.24baires.com\/wp-content\/uploads\/2013\/02\/boudou-smalll-300x200.jpg?resize=350%2C200","width":350,"height":200},"classes":[]},{"id":116221,"url":"https:\/\/www.24baires.com\/?p=116221","url_meta":{"origin":39901,"position":5},"title":"Precios Cuidados construcci\u00f3n: habr\u00e1 90 productos que servir\u00e1n de referencia y tendr\u00e1n rebajas","author":"AF","date":"14\/09\/2020","format":false,"excerpt":"Incluye grifer\u00edas, sanitarios, cementos, entre otros. El acuerdo contempla 500 comercios de todo el pa\u00eds. El Gobierno lanz\u00f3 el plan con el objetivo mover uno de los sectores que m\u00e1s trabajo genera en las poblaciones m\u00e1s vulnerables. El presidente Alberto Fern\u00e1ndez present\u00f3 este lunes la extensi\u00f3n del programa Precios Cuidados\u2026","rel":"","context":"En \u00abEconom\u00eda\u00bb","block_context":{"text":"Econom\u00eda","link":"https:\/\/www.24baires.com\/?cat=45"},"img":{"alt_text":"","src":"https:\/\/i0.wp.com\/www.24baires.com\/wp-content\/uploads\/2019\/01\/construcci%C3%B3n.png?resize=350%2C200","width":350,"height":200,"srcset":"https:\/\/i0.wp.com\/www.24baires.com\/wp-content\/uploads\/2019\/01\/construcci%C3%B3n.png?resize=350%2C200 1x, https:\/\/i0.wp.com\/www.24baires.com\/wp-content\/uploads\/2019\/01\/construcci%C3%B3n.png?resize=525%2C300 1.5x"},"classes":[]}],"jetpack_sharing_enabled":true,"jetpack_likes_enabled":true,"_links":{"self":[{"href":"https:\/\/www.24baires.com\/index.php?rest_route=\/wp\/v2\/posts\/39901","targetHints":{"allow":["GET"]}}],"collection":[{"href":"https:\/\/www.24baires.com\/index.php?rest_route=\/wp\/v2\/posts"}],"about":[{"href":"https:\/\/www.24baires.com\/index.php?rest_route=\/wp\/v2\/types\/post"}],"author":[{"embeddable":true,"href":"https:\/\/www.24baires.com\/index.php?rest_route=\/wp\/v2\/users\/8"}],"replies":[{"embeddable":true,"href":"https:\/\/www.24baires.com\/index.php?rest_route=%2Fwp%2Fv2%2Fcomments&post=39901"}],"version-history":[{"count":1,"href":"https:\/\/www.24baires.com\/index.php?rest_route=\/wp\/v2\/posts\/39901\/revisions"}],"predecessor-version":[{"id":39903,"href":"https:\/\/www.24baires.com\/index.php?rest_route=\/wp\/v2\/posts\/39901\/revisions\/39903"}],"wp:attachment":[{"href":"https:\/\/www.24baires.com\/index.php?rest_route=%2Fwp%2Fv2%2Fmedia&parent=39901"}],"wp:term":[{"taxonomy":"category","embeddable":true,"href":"https:\/\/www.24baires.com\/index.php?rest_route=%2Fwp%2Fv2%2Fcategories&post=39901"},{"taxonomy":"post_tag","embeddable":true,"href":"https:\/\/www.24baires.com\/index.php?rest_route=%2Fwp%2Fv2%2Ftags&post=39901"}],"curies":[{"name":"wp","href":"https:\/\/api.w.org\/{rel}","templated":true}]}}