{"id":3989,"date":"2012-10-31T13:45:09","date_gmt":"2012-10-31T16:45:09","guid":{"rendered":"http:\/\/www.24baires.com\/?p=3989"},"modified":"2012-10-31T14:54:06","modified_gmt":"2012-10-31T17:54:06","slug":"huanguelen-volvera-a-reclamar-su-autonomia-con-un-corte-de-ruta","status":"publish","type":"post","link":"https:\/\/www.24baires.com\/?p=3989","title":{"rendered":"Huanguel\u00e9n volver\u00e1 a reclamar su autonom\u00eda con un corte de ruta"},"content":{"rendered":"<p>Har\u00e1n un corte con movilizaci\u00f3n el pr\u00f3ximo domingo 4, en la intersecci\u00f3n de las rutas nacionales 33 y 60. En el \u00faltimo mes, los habitantes intensificaron sus demandas por medio de la organizaci\u00f3n OJAH y la Comisi\u00f3n PRO-Autonom\u00eda de Huanguel\u00e9n en el a\u00f1o de su centenario, aunque el reclamo lleva 60 a\u00f1os.<!--more--><br \/>\nEl domingo 4, en el cruce de la ruta nacional 33 y la 60, la Organizaci\u00f3n de J\u00f3venes Autoconvocados de Huanguel\u00e9n y la Comisi\u00f3n PRO-Autonom\u00eda del mismo pueblo convocan a todos su coterr\u00e1neos y ciudadanos en general a sumarse a un nuevo corte y movilizaci\u00f3n en reclamo para que la localidad se transforme en distrito, y sortee as\u00ed la dependencia administrativa y pol\u00edtica de cuatro comunas.<\/p>\n<p>Bajo la consigna \u201cSin Autonom\u00eda no hay Verano 2013\u201d, partir\u00e1n desde la delegaci\u00f3n municipal hacia la intersecci\u00f3n a partir de las 14.<\/p>\n<p>\u201cHemos transitado m\u00e1s de 60 a\u00f1os de incansables gestiones ante los diferentes organismos provinciales e incluso nacionales para lograr la creaci\u00f3n del distrito de Huanguel\u00e9n, para que as\u00ed se d\u00e9 soluci\u00f3n definitiva a las innumerables problem\u00e1ticas de Huanguel\u00e9n y rescatar de la marginaci\u00f3n y olvido en que se encuentra hundido nuestro pueblo\u201d, indicaron en un comunicado.<\/p>\n<p>\u201cAl no recibir ninguna respuesta favorable debido a cuestiones meramente pol\u00edticas y de favoritismo y amiguismo pol\u00edtico decidimos una vez m\u00e1s decir \u2018Basta\u2019 y exigimos la creaci\u00f3n del distrito de Huanguel\u00e9n haci\u00e9ndonos llegar a la vera de las rutas provinciales y nacionales\u201d, aseguraron.<\/p>\n<p>Cabe destacar que hace un mes el Presidente de la C\u00e1mara de Diputados nacional, Juli\u00e1n Dom\u00ednguez, acompa\u00f1\u00f3 el reclamo de la poblaci\u00f3n local al cumplirse el primer centenario de su existencia. Se trata de una ciudad que est\u00e1 localizada en el v\u00e9rtice de los partidos Coronel Su\u00e1rez, Daireaux, Guamin\u00ed y General Lamadrid, de los cuales depende.<\/p>\n<p>\u201cNo hay pueblos grandes y pueblos chicos, hay pueblos que quieren ser libres. Si queremos ser libres como Naci\u00f3n y ser libres como Provincia, los pueblos tienen derecho a expresar su libertad\u201d, afirm\u00f3 el legislador nacional y vaticin\u00f3 que \u201cla decisi\u00f3n y la voluntad de su pueblo har\u00e1n realidad la autonom\u00eda de Huanguel\u00e9n\u201d.<\/p>\n<p>Adem\u00e1s, el dirigente anticip\u00f3 que trabajar\u00e1 en un proyecto de ley para declarar de inter\u00e9s legislativo el reclamo local e invit\u00f3 a sus habitantes participar de una audiencia p\u00fablica que iba a tener lugar en Bah\u00eda Blanca. \u201cLa comunidad ya decidi\u00f3 lo que quiere ser, y en funci\u00f3n de su identidad, de su propia cultura, est\u00e1 reclamando la oportunidad de darse su propia organizaci\u00f3n institucional\u201d, remarc\u00f3.<\/p>\n<p>Huanguel\u00e9n tiene al menos 4.900 habitantes, al menos eso resaltan las \u00faltimas cifras oficiales que se conocen, que no est\u00e1n actualizadas. Algunos afirman que ese n\u00famero asciende en la actualidad a 7.000 pobladores en total.<\/p>\n<p>En el pueblo exigen su autonom\u00eda desde 1952 y este a\u00f1o, mientras se cumplen 60 a\u00f1os de la primera comisi\u00f3n con esa finalidad, aprovecharon para unir sus esfuerzos con Quequ\u00e9n, otra localidad que pide erigirse en municipio aparte, liber\u00e1ndose de Necochea y Lober\u00eda.<\/p>\n","protected":false},"excerpt":{"rendered":"<p>Har\u00e1n un corte con movilizaci\u00f3n el pr\u00f3ximo domingo 4, en la intersecci\u00f3n de las rutas nacionales 33 y 60. En el \u00faltimo mes, los habitantes intensificaron sus demandas por medio de la organizaci\u00f3n OJAH y la Comisi\u00f3n PRO-Autonom\u00eda de Huanguel\u00e9n en el a\u00f1o de su centenario, aunque el reclamo lleva 60 a\u00f1os.<\/p>\n","protected":false},"author":4,"featured_media":0,"comment_status":"open","ping_status":"open","sticky":false,"template":"","format":"standard","meta":{"_jetpack_newsletter_access":"","_jetpack_dont_email_post_to_subs":false,"_jetpack_newsletter_tier_id":0,"_jetpack_memberships_contains_paywalled_content":false,"_jetpack_memberships_contains_paid_content":false,"footnotes":""},"categories":[38],"tags":[],"class_list":["post-3989","post","type-post","status-publish","format-standard","hentry","category-locales"],"jetpack_featured_media_url":"","jetpack_shortlink":"https:\/\/wp.me\/p2JWE0-12l","jetpack-related-posts":[{"id":1399,"url":"https:\/\/www.24baires.com\/?p=1399","url_meta":{"origin":3989,"position":0},"title":"Demoras en Ruta 2 por reclamo de autonomistas","author":"AF","date":"08\/10\/2012","format":false,"excerpt":"Los autonomistas de Quequ\u00e9n y Huanguel\u00e9n\u00a0detienen a los veh\u00edculos que se dirigen desde la costa hacia la Ciudad Aut\u00f3noma de Buenos Aires, para entregarles volantes con los planteos. Se producen importantes demoras. A la ya anunciada movilizaci\u00f3n por la Creaci\u00f3n del Municipio de Quequ\u00e9n a llevarse a cabo en el\u2026","rel":"","context":"En \u00abSociedad\u00bb","block_context":{"text":"Sociedad","link":"https:\/\/www.24baires.com\/?cat=1"},"img":{"alt_text":"","src":"","width":0,"height":0},"classes":[]},{"id":6794,"url":"https:\/\/www.24baires.com\/?p=6794","url_meta":{"origin":3989,"position":1},"title":"Demoras en ruta 2 por reclamo de autonomistas","author":"AF","date":"26\/11\/2012","format":false,"excerpt":"A la altura de Mar del Plata, vecinos de Quequ\u00e9n, Huanguel\u00e9n, Santa Clara del Mar, Bat\u00e1n y Otamendi reducen la velocidad de los veh\u00edculos y reparten volantes. Vecinos de las localidades de Quequ\u00e9n, Huanguel\u00e9n, Santa Clara del Mar, Bat\u00e1n, Otamendi, entre otros lugares reclaman sobre la ruta 2 a la\u2026","rel":"","context":"En \u00abMunicipios\u00bb","block_context":{"text":"Municipios","link":"https:\/\/www.24baires.com\/?cat=44"},"img":{"alt_text":"","src":"","width":0,"height":0},"classes":[]},{"id":728,"url":"https:\/\/www.24baires.com\/?p=728","url_meta":{"origin":3989,"position":2},"title":"\u201cLa decisi\u00f3n y la voluntad de su pueblo har\u00e1n realidad la autonom\u00eda de Huanguel\u00e9n\u201d","author":"Grupo Sierra","date":"30\/09\/2012","format":false,"excerpt":"El presidente de la C\u00e1mara de Diputados de la Naci\u00f3n, Juli\u00e1n Dom\u00ednguez, particip\u00f3 esta tarde del acto central por el \u201creclamo de autonom\u00eda\u201d de la comunidad de Huanguel\u00e9n, que tuvo lugar en el marco de los festejos por el centenario de la localidad bonaerense. \u201cLa decisi\u00f3n y la voluntad de\u2026","rel":"","context":"En \u00abLocales\u00bb","block_context":{"text":"Locales","link":"https:\/\/www.24baires.com\/?cat=38"},"img":{"alt_text":"","src":"https:\/\/i0.wp.com\/www.24baires.com\/wp-content\/uploads\/2012\/09\/Dom%C3%ADnguez-Huanguel%C3%A9n.jpg?resize=350%2C200","width":350,"height":200,"srcset":"https:\/\/i0.wp.com\/www.24baires.com\/wp-content\/uploads\/2012\/09\/Dom%C3%ADnguez-Huanguel%C3%A9n.jpg?resize=350%2C200 1x, https:\/\/i0.wp.com\/www.24baires.com\/wp-content\/uploads\/2012\/09\/Dom%C3%ADnguez-Huanguel%C3%A9n.jpg?resize=525%2C300 1.5x"},"classes":[]},{"id":1489,"url":"https:\/\/www.24baires.com\/?p=1489","url_meta":{"origin":3989,"position":3},"title":"Autonomistas de Quequ\u00e9n satisfechos por su reclamo en la Autov\u00eda 2","author":"AF","date":"09\/10\/2012","format":false,"excerpt":"Los autonomistas de Quequ\u00e9n volvieron a publicitar su reclamo para la creaci\u00f3n de un nuevo municipio y los principales receptores del pedido fueron todos los turistas que regresaban ayer de la Costa Atl\u00e1ntica, luego de pasar el fin de semana largo correspondiente al 12 de octubre. El grupo de manifestantes\u2026","rel":"","context":"En \u00abMunicipios\u00bb","block_context":{"text":"Municipios","link":"https:\/\/www.24baires.com\/?cat=44"},"img":{"alt_text":"","src":"https:\/\/i0.wp.com\/www.24baires.com\/wp-content\/uploads\/2012\/10\/autonomistasquequen.jpg?resize=350%2C200","width":350,"height":200},"classes":[]},{"id":7727,"url":"https:\/\/www.24baires.com\/?p=7727","url_meta":{"origin":3989,"position":4},"title":"Autonomistas de Huanguel\u00e9n esperan \u201cmeter presi\u00f3n\u201d con apoyo de Juli\u00e1n Dom\u00ednguez","author":"Grupo Sierra","date":"03\/12\/2012","format":false,"excerpt":"\u00a0 Vecinos de esa localidad perteneciente a Coronel Su\u00e1rez aseguraron que \u201cir\u00e1n a fondo\u201d si antes de fin de a\u00f1o no hay novedades con respecto a sus pedidos de autonom\u00eda. Esperan \u201cmeterle presi\u00f3n\u201d a la legislatura con el apoyo de Juli\u00e1n Dom\u00ednguez. El pedido de Huanguel\u00e9n tiene sus a\u00f1os, como\u2026","rel":"","context":"En \u00abMunicipios\u00bb","block_context":{"text":"Municipios","link":"https:\/\/www.24baires.com\/?cat=44"},"img":{"alt_text":"","src":"https:\/\/i0.wp.com\/www.24baires.com\/wp-content\/uploads\/2012\/12\/huanguelen-libre-2.jpg?resize=350%2C200","width":350,"height":200,"srcset":"https:\/\/i0.wp.com\/www.24baires.com\/wp-content\/uploads\/2012\/12\/huanguelen-libre-2.jpg?resize=350%2C200 1x, https:\/\/i0.wp.com\/www.24baires.com\/wp-content\/uploads\/2012\/12\/huanguelen-libre-2.jpg?resize=525%2C300 1.5x"},"classes":[]},{"id":9903,"url":"https:\/\/www.24baires.com\/?p=9903","url_meta":{"origin":3989,"position":5},"title":"Masiva marcha por pedidos de autonom\u00eda a la Legislatura bonaerense","author":"Grupo Sierra","date":"20\/12\/2012","format":false,"excerpt":"LA PLATA- Vecinos de diferentes localidades que piden ser reconocidas como nuevos municipios se movilizaron hasta la C\u00e1mara de Diputados bonaerense para pedir el tratamiento de la Ley Marco para las autonom\u00edas municipales. Exigen ser recibidos por alguna autoridad y amenazan con endurecer las protestas si no son escuchados. Vecinos\u2026","rel":"","context":"En \u00abProvincia\u00bb","block_context":{"text":"Provincia","link":"https:\/\/www.24baires.com\/?cat=40"},"img":{"alt_text":"autonomia dic 2012 1","src":"https:\/\/i0.wp.com\/www.24baires.com\/wp-content\/uploads\/2012\/12\/autonomia-dic-2012-1.jpg?resize=350%2C200","width":350,"height":200,"srcset":"https:\/\/i0.wp.com\/www.24baires.com\/wp-content\/uploads\/2012\/12\/autonomia-dic-2012-1.jpg?resize=350%2C200 1x, https:\/\/i0.wp.com\/www.24baires.com\/wp-content\/uploads\/2012\/12\/autonomia-dic-2012-1.jpg?resize=525%2C300 1.5x"},"classes":[]}],"jetpack_sharing_enabled":true,"jetpack_likes_enabled":true,"_links":{"self":[{"href":"https:\/\/www.24baires.com\/index.php?rest_route=\/wp\/v2\/posts\/3989","targetHints":{"allow":["GET"]}}],"collection":[{"href":"https:\/\/www.24baires.com\/index.php?rest_route=\/wp\/v2\/posts"}],"about":[{"href":"https:\/\/www.24baires.com\/index.php?rest_route=\/wp\/v2\/types\/post"}],"author":[{"embeddable":true,"href":"https:\/\/www.24baires.com\/index.php?rest_route=\/wp\/v2\/users\/4"}],"replies":[{"embeddable":true,"href":"https:\/\/www.24baires.com\/index.php?rest_route=%2Fwp%2Fv2%2Fcomments&post=3989"}],"version-history":[{"count":2,"href":"https:\/\/www.24baires.com\/index.php?rest_route=\/wp\/v2\/posts\/3989\/revisions"}],"predecessor-version":[{"id":3991,"href":"https:\/\/www.24baires.com\/index.php?rest_route=\/wp\/v2\/posts\/3989\/revisions\/3991"}],"wp:attachment":[{"href":"https:\/\/www.24baires.com\/index.php?rest_route=%2Fwp%2Fv2%2Fmedia&parent=3989"}],"wp:term":[{"taxonomy":"category","embeddable":true,"href":"https:\/\/www.24baires.com\/index.php?rest_route=%2Fwp%2Fv2%2Fcategories&post=3989"},{"taxonomy":"post_tag","embeddable":true,"href":"https:\/\/www.24baires.com\/index.php?rest_route=%2Fwp%2Fv2%2Ftags&post=3989"}],"curies":[{"name":"wp","href":"https:\/\/api.w.org\/{rel}","templated":true}]}}