{"id":3987,"date":"2012-10-31T13:35:26","date_gmt":"2012-10-31T16:35:26","guid":{"rendered":"http:\/\/www.24baires.com\/?p=3987"},"modified":"2012-10-31T14:37:44","modified_gmt":"2012-10-31T17:37:44","slug":"la-plata-se-prepara-para-la-2a-fiesta-nacional-del-pan-dulce-artesanal-argentino","status":"publish","type":"post","link":"https:\/\/www.24baires.com\/?p=3987","title":{"rendered":"La Plata se prepara para la 2\u00aa Fiesta Nacional del Pan Dulce Artesanal Argentino"},"content":{"rendered":"<p>Los d\u00edas 7, 8 y 9 de Diciembre de 2012, en la Plaza Moreno de la ciudad de La Plata, se realizar\u00e1 la Segunda Edici\u00f3n de la Fiesta Nacional del Pan Dulce Artesanal Argentino.<!--more--><br \/>\nEl evento estar\u00e1 organizado por la Asociaci\u00f3n Empresaria Hotelera y Gastron\u00f3mica de la ciudad de La Plata y su zona de influencia a trav\u00e9s de su C\u00e1mara de Confiter\u00edas, conjuntamente con la Municipalidad de La Plata, la Federaci\u00f3n Empresaria Hotelera Gastron\u00f3mica de la Rep\u00fablica Argentina, y la Secretar\u00eda de Turismo de la Provincia de Buenos Aires. Ser\u00e1 a beneficio del Hospital Dr. Alejandro Korn de Melchor Romero.<br \/>\nDurante la fiesta, se podr\u00e1 disfrutar de la degustaci\u00f3n de diferentes variedades de pan dulce artesanal que realizaran en vivo los maestros pasteleros, como as\u00ed tambi\u00e9n recorrer los stands de diversas confiter\u00edas locales y del resto del pa\u00eds que traer\u00e1n sus propuestas de cocina navide\u00f1a.<br \/>\nLa invitaci\u00f3n se extiende a las distintas colectividades de la ciudad quienes contar\u00e1n con el espacio para compartir su cultura culinaria.<br \/>\nAl igual que el a\u00f1o pasado, los ni\u00f1os podr\u00e1n divertirse en el stand de cocineritos y dar sus primeros pasos en pasteler\u00eda.<br \/>\nEst\u00e1 programada la realizaci\u00f3n de diversos espect\u00e1culos art\u00edsticos y musicales para que la familia pueda entretenerse mientras disfruta de las delicias que crean los chefs.<br \/>\nLa Fiesta Nacional del Pan Dulce es una forma estrat\u00e9gica de potenciar el turismo de la ciudad. El a\u00f1o pasado, m\u00e1s de 80.000 personas visitaron Plaza Moreno para disfrutar del evento. Con esta nueva edici\u00f3n se busca reafirmar un espacio que ya empieza a ser parte de la identidad de La Plata.<\/p>\n","protected":false},"excerpt":{"rendered":"<p>Los d\u00edas 7, 8 y 9 de Diciembre de 2012, en la Plaza Moreno de la ciudad de La Plata, se realizar\u00e1 la Segunda Edici\u00f3n de la Fiesta Nacional del Pan Dulce Artesanal Argentino.<\/p>\n","protected":false},"author":4,"featured_media":0,"comment_status":"open","ping_status":"open","sticky":false,"template":"","format":"standard","meta":{"_jetpack_newsletter_access":"","_jetpack_dont_email_post_to_subs":false,"_jetpack_newsletter_tier_id":0,"_jetpack_memberships_contains_paywalled_content":false,"_jetpack_memberships_contains_paid_content":false,"footnotes":""},"categories":[38],"tags":[],"class_list":["post-3987","post","type-post","status-publish","format-standard","hentry","category-locales"],"jetpack_featured_media_url":"","jetpack_shortlink":"https:\/\/wp.me\/p2JWE0-12j","jetpack-related-posts":[{"id":8227,"url":"https:\/\/www.24baires.com\/?p=8227","url_meta":{"origin":3987,"position":0},"title":"Llega a La Plata la Fiesta Nacional del Pan Dulce","author":"AF","date":"07\/12\/2012","format":false,"excerpt":"Este fin de semana, m\u00e1s de 40 confiter\u00edas de todo el pa\u00eds expondr\u00e1n sus productos. Habr\u00e1 degustaciones, stand y espect\u00e1culos de las colectividades. Se realizar\u00e1 este fin de semana del 8 y 9 de diciembre la II edici\u00f3n de la Fiesta Nacional del Pan Dulce en la ciudad de La\u2026","rel":"","context":"En \u00abLocales\u00bb","block_context":{"text":"Locales","link":"https:\/\/www.24baires.com\/?cat=38"},"img":{"alt_text":"","src":"https:\/\/i0.wp.com\/www.24baires.com\/wp-content\/uploads\/2012\/12\/pan-dulce.jpg?resize=350%2C200","width":350,"height":200},"classes":[]},{"id":36828,"url":"https:\/\/www.24baires.com\/?p=36828","url_meta":{"origin":3987,"position":1},"title":"La Plata detr\u00e1s del mejor pan dulce","author":"Grupo Sierra","date":"14\/12\/2013","format":false,"excerpt":"Hoy y ma\u00f1ana la Plaza Moreno ser\u00e1 el punto de encuentro de las distintas panader\u00edas y confiter\u00edas de la ciudad, que celebrar\u00e1n en el horario de 16 a 22, la 3\u00ba Edici\u00f3n de la Fiesta Nacional del Pan Dulce. \u00a0 El evento, organizado por la Municipalidad de La Plata en\u2026","rel":"","context":"En \u00abLocales\u00bb","block_context":{"text":"Locales","link":"https:\/\/www.24baires.com\/?cat=38"},"img":{"alt_text":"pan-dulce-2","src":"https:\/\/i0.wp.com\/www.24baires.com\/wp-content\/uploads\/2013\/12\/pan-dulce-2.jpg?resize=350%2C200","width":350,"height":200},"classes":[]},{"id":103837,"url":"https:\/\/www.24baires.com\/?p=103837","url_meta":{"origin":3987,"position":2},"title":"Uthgra donar\u00e1 un mill\u00f3n de pesos a los trabajadores de la Boston","author":"GB","date":"13\/08\/2018","format":false,"excerpt":"MAR DEL PLATA-El anuncio fue en el marco de la fiesta por el D\u00eda del Trabajador Hotelero \u2013 Gastron\u00f3mico. La Uni\u00f3n de Trabajadores del Turismo, Hoteleros y Gastron\u00f3micos de la Rep\u00fablica Argentina \u2013 Uthgra- donar\u00e1 un mill\u00f3n de pesos a los trabajadores de la confiter\u00eda Boston, seg\u00fan anunciaron desde el\u2026","rel":"","context":"En \u00abPol\u00edtica\u00bb","block_context":{"text":"Pol\u00edtica","link":"https:\/\/www.24baires.com\/?cat=51"},"img":{"alt_text":"","src":"https:\/\/i0.wp.com\/www.24baires.com\/wp-content\/uploads\/2018\/08\/boston.jpg?resize=350%2C200","width":350,"height":200,"srcset":"https:\/\/i0.wp.com\/www.24baires.com\/wp-content\/uploads\/2018\/08\/boston.jpg?resize=350%2C200 1x, https:\/\/i0.wp.com\/www.24baires.com\/wp-content\/uploads\/2018\/08\/boston.jpg?resize=525%2C300 1.5x"},"classes":[]},{"id":90821,"url":"https:\/\/www.24baires.com\/?p=90821","url_meta":{"origin":3987,"position":3},"title":"Bah\u00eda Blanca: elaboraron 2.300 pan dulces para entregar a instituciones locales","author":"AF","date":"16\/12\/2016","format":false,"excerpt":"El Centro de Industriales Panaderos en conjunto con la Asociaci\u00f3n de Hoteles, Restaurantes, Bares, Confiter\u00edas y Afines de esa ciudad reaiz\u00f3 los pan dulces para ser entregados a m\u00e1s de 40 instituciones de bien p\u00fablico, con motivo de las fiestas de fin de a\u00f1o. El proyecto tiene por objetivo promover\u2026","rel":"","context":"En \u00abLocales\u00bb","block_context":{"text":"Locales","link":"https:\/\/www.24baires.com\/?cat=38"},"img":{"alt_text":"","src":"https:\/\/i0.wp.com\/www.24baires.com\/wp-content\/uploads\/2012\/12\/pan-dulce.jpg?resize=350%2C200","width":350,"height":200},"classes":[]},{"id":116992,"url":"https:\/\/www.24baires.com\/?p=116992","url_meta":{"origin":3987,"position":4},"title":"Hoteleros y gastron\u00f3micos contra el toque de queda sanitario","author":"GB","date":"08\/01\/2021","format":false,"excerpt":"La medida fue fuertemente rechazada por el sector, en un comunicado pidieron que se excluya a Mar del Plata y aseguraron que la actividad \"no contribuye al contagio\". La Asociaci\u00f3n Empresaria Hotelera Gastron\u00f3mica rechaz\u00f3 fuertemente la decisi\u00f3n del Gobierno nacional de implementar un toque de queda sanitario nocturno para restringir\u2026","rel":"","context":"En \u00abPol\u00edtica\u00bb","block_context":{"text":"Pol\u00edtica","link":"https:\/\/www.24baires.com\/?cat=51"},"img":{"alt_text":"","src":"https:\/\/i0.wp.com\/www.24baires.com\/wp-content\/uploads\/2020\/08\/resto.jpg?resize=350%2C200","width":350,"height":200,"srcset":"https:\/\/i0.wp.com\/www.24baires.com\/wp-content\/uploads\/2020\/08\/resto.jpg?resize=350%2C200 1x, https:\/\/i0.wp.com\/www.24baires.com\/wp-content\/uploads\/2020\/08\/resto.jpg?resize=525%2C300 1.5x"},"classes":[]},{"id":113806,"url":"https:\/\/www.24baires.com\/?p=113806","url_meta":{"origin":3987,"position":5},"title":"Mar del Plata: las reservas hoteleras para el fin de semana superan el 90%","author":"GB","date":"15\/01\/2020","format":false,"excerpt":"As\u00ed lo indic\u00f3 la Asociaci\u00f3n Empresaria Hotelera Gastron\u00f3mica. El Emtur abri\u00f3 un registro preventivo de disponibilidad hotelera Las reservas hoteleras para el fin de semana en Mar del Plata ya superan el 90%, seg\u00fan adelant\u00f3 la Asociaci\u00f3n Empresaria Hotelera Gastron\u00f3mica (AEHG). Adem\u00e1s, detallaron que el resultado del sondeo de la\u2026","rel":"","context":"En \u00abTurismo\u00bb","block_context":{"text":"Turismo","link":"https:\/\/www.24baires.com\/?cat=69"},"img":{"alt_text":"","src":"https:\/\/i0.wp.com\/www.24baires.com\/wp-content\/uploads\/2015\/01\/mar-del-plata-playa.jpg?resize=350%2C200","width":350,"height":200,"srcset":"https:\/\/i0.wp.com\/www.24baires.com\/wp-content\/uploads\/2015\/01\/mar-del-plata-playa.jpg?resize=350%2C200 1x, https:\/\/i0.wp.com\/www.24baires.com\/wp-content\/uploads\/2015\/01\/mar-del-plata-playa.jpg?resize=525%2C300 1.5x"},"classes":[]}],"jetpack_sharing_enabled":true,"jetpack_likes_enabled":true,"_links":{"self":[{"href":"https:\/\/www.24baires.com\/index.php?rest_route=\/wp\/v2\/posts\/3987","targetHints":{"allow":["GET"]}}],"collection":[{"href":"https:\/\/www.24baires.com\/index.php?rest_route=\/wp\/v2\/posts"}],"about":[{"href":"https:\/\/www.24baires.com\/index.php?rest_route=\/wp\/v2\/types\/post"}],"author":[{"embeddable":true,"href":"https:\/\/www.24baires.com\/index.php?rest_route=\/wp\/v2\/users\/4"}],"replies":[{"embeddable":true,"href":"https:\/\/www.24baires.com\/index.php?rest_route=%2Fwp%2Fv2%2Fcomments&post=3987"}],"version-history":[{"count":1,"href":"https:\/\/www.24baires.com\/index.php?rest_route=\/wp\/v2\/posts\/3987\/revisions"}],"predecessor-version":[{"id":3988,"href":"https:\/\/www.24baires.com\/index.php?rest_route=\/wp\/v2\/posts\/3987\/revisions\/3988"}],"wp:attachment":[{"href":"https:\/\/www.24baires.com\/index.php?rest_route=%2Fwp%2Fv2%2Fmedia&parent=3987"}],"wp:term":[{"taxonomy":"category","embeddable":true,"href":"https:\/\/www.24baires.com\/index.php?rest_route=%2Fwp%2Fv2%2Fcategories&post=3987"},{"taxonomy":"post_tag","embeddable":true,"href":"https:\/\/www.24baires.com\/index.php?rest_route=%2Fwp%2Fv2%2Ftags&post=3987"}],"curies":[{"name":"wp","href":"https:\/\/api.w.org\/{rel}","templated":true}]}}