{"id":3982,"date":"2012-10-31T13:49:22","date_gmt":"2012-10-31T16:49:22","guid":{"rendered":"http:\/\/www.24baires.com\/?p=3982"},"modified":"2012-10-31T13:58:54","modified_gmt":"2012-10-31T16:58:54","slug":"cruce-de-ruta-226-y-ruta-86-abnegado","status":"publish","type":"post","link":"https:\/\/www.24baires.com\/?p=3982","title":{"rendered":"Cruce de Ruta 226 y Ruta 86, anegado"},"content":{"rendered":"<p><img data-recalc-dims=\"1\" loading=\"lazy\" decoding=\"async\" class=\"alignleft size-full wp-image-3983\" title=\"226 y 86\" src=\"https:\/\/i0.wp.com\/www.24baires.com\/wp-content\/uploads\/2012\/10\/226-y-86.jpg?resize=270%2C203\" alt=\"\" width=\"270\" height=\"203\" \/>En la intersecci\u00f3n de la Rutas 226 y 86, la masa de agua provocada por las \u00faltimas precipitaciones y el avance de los caudales, ha hecho que cruce la cinta asf\u00e1ltica, generando inconvenientes al importante tr\u00e1nsito que circula por dichas rutas.<br \/>\nSe trata de un panorama que muestra la complejidad de la situaci\u00f3n h\u00eddrica.<!--more--><\/p>\n<p>Si bien se hab\u00edan producido cortes en distintos kil\u00f3metros de la Ruta 226 y la 86, es la primera vez -al menos desde que la inundaci\u00f3n afecta a la zona- en este a\u00f1o, que se produce un corte de esta magnitud. Habr\u00e1 que ver si en los pr\u00f3ximos d\u00edas esta situaci\u00f3n se revierte, es decir si el agua baja y la cinta asf\u00e1ltica queda nuevamente sin agua en su superficie o si continuar\u00e1 este problema. Por el momento, se ha procedido a la se\u00f1alizaci\u00f3n del sector a modo de \u00abinformaci\u00f3n\u00bb a los distintos automovilistas. Tambi\u00e9n se pudo notar que, producto del caudal de agua que \u00abcorre\u00bb, se han producido varios pozos, lo que hace a\u00fan m\u00e1s complicado el andar de los veh\u00edculos que deben pasar por ese sector.<\/p>\n<p>Ambas rutas tienen un tr\u00e1nsito fluido, y cuando pasan veh\u00edculos de mayor porte \u00ablevantan\u00bb una importante cantidad de agua que puede generar inconvenientes para quien viene de frente.<\/p>\n<p>Se pudo observar que donde mayor cantidad de agua se junta es sobre el asfalto en direcci\u00f3n Pehuaj\u00f3 &#8211; Nueva Plata. Esto es si se va por la 226 y se toma luego la 86. Mientras que por el otro carril, en el sentido Nueva Plata a Pehuaj\u00f3, antes de doblar para seguir por la Ruta 226, el agua se hace presente en menor proporci\u00f3n, por lo que en algunas ocasiones automovilistas toman la senda contraria para no circular por donde se ubica el agua.<\/p>\n<p>En los alrededores del cruce, el caudal de agua es impresionante, el rebalse de la masa existente en los campos linderos a la vieja f\u00e1brica sigue su curso por arriba de la ruta.<\/p>\n","protected":false},"excerpt":{"rendered":"<p>En la intersecci\u00f3n de la Rutas 226 y 86, la masa de agua provocada por las \u00faltimas precipitaciones y el avance de los caudales, ha hecho que cruce la cinta asf\u00e1ltica, generando inconvenientes al importante tr\u00e1nsito que circula por dichas rutas. Se trata de un panorama que muestra la complejidad de la situaci\u00f3n h\u00eddrica.<\/p>\n","protected":false},"author":4,"featured_media":0,"comment_status":"open","ping_status":"open","sticky":false,"template":"","format":"standard","meta":{"_jetpack_newsletter_access":"","_jetpack_dont_email_post_to_subs":false,"_jetpack_newsletter_tier_id":0,"_jetpack_memberships_contains_paywalled_content":false,"_jetpack_memberships_contains_paid_content":false,"footnotes":""},"categories":[38],"tags":[],"class_list":["post-3982","post","type-post","status-publish","format-standard","hentry","category-locales"],"jetpack_featured_media_url":"","jetpack_shortlink":"https:\/\/wp.me\/p2JWE0-12e","jetpack-related-posts":[{"id":60764,"url":"https:\/\/www.24baires.com\/?p=60764","url_meta":{"origin":3982,"position":0},"title":"Un muerto tras un impactante choque en ruta 226","author":"Grupo Sierra","date":"26\/01\/2015","format":false,"excerpt":"El siniestro ocurri\u00f3 en las primeras horas de la ma\u00f1ana, sobre el kil\u00f3metro 345 de la ruta nacional. Se vieron involucrados un cami\u00f3n que se dirig\u00eda a Bol\u00edvar y un Cl\u00edo Mio conducido por una mujer oriunda de 9 de Julio. La semana comenz\u00f3 con una v\u00edctima fatal en cercan\u00edas\u2026","rel":"","context":"En \u00abLocales\u00bb","block_context":{"text":"Locales","link":"https:\/\/www.24baires.com\/?cat=38"},"img":{"alt_text":"choque ruta 226","src":"https:\/\/i0.wp.com\/www.24baires.com\/wp-content\/uploads\/2015\/01\/choque-ruta-226.jpg?resize=350%2C200","width":350,"height":200,"srcset":"https:\/\/i0.wp.com\/www.24baires.com\/wp-content\/uploads\/2015\/01\/choque-ruta-226.jpg?resize=350%2C200 1x, https:\/\/i0.wp.com\/www.24baires.com\/wp-content\/uploads\/2015\/01\/choque-ruta-226.jpg?resize=525%2C300 1.5x"},"classes":[]},{"id":31260,"url":"https:\/\/www.24baires.com\/?p=31260","url_meta":{"origin":3982,"position":1},"title":"Licitan obras viales en seis municipios","author":"AF","date":"04\/09\/2013","format":false,"excerpt":"El ministerio de Infraestructura, a trav\u00e9s de la Direcci\u00f3n de Vialidad Provincial licitar\u00e1, durante esta semana, distintas obras viales destinadas a los partidos bonaerenses de Pehuaj\u00f3, Bah\u00eda Blanca, Ensenada, Mor\u00f3n, Chivilcoy y General Pueyrred\u00f3n. \u201cEn el marco del plan de Mantenimiento y Conservaci\u00f3n Vial, adem\u00e1s de trabajar fuerte por ejemplo,\u2026","rel":"","context":"En \u00abMunicipios\u00bb","block_context":{"text":"Municipios","link":"https:\/\/www.24baires.com\/?cat=44"},"img":{"alt_text":"ruta 6","src":"https:\/\/i0.wp.com\/www.24baires.com\/wp-content\/uploads\/2013\/04\/ruta-6.jpg?resize=350%2C200","width":350,"height":200,"srcset":"https:\/\/i0.wp.com\/www.24baires.com\/wp-content\/uploads\/2013\/04\/ruta-6.jpg?resize=350%2C200 1x, https:\/\/i0.wp.com\/www.24baires.com\/wp-content\/uploads\/2013\/04\/ruta-6.jpg?resize=525%2C300 1.5x"},"classes":[]},{"id":27783,"url":"https:\/\/www.24baires.com\/?p=27783","url_meta":{"origin":3982,"position":2},"title":"Una mujer muerta y dos heridos al volcar su auto sobre la Ruta 226 en Sierra de los Padres","author":"Grupo Sierra","date":"07\/07\/2013","format":false,"excerpt":"Una mujer muri\u00f3 y dos personas resultaron heridas tras volcar un auto en la ruta 226, a la altura de la localidad bonaerense de Sierra de los Padres, distante a 17 kil\u00f3metros al oeste de Mar del Plata. La v\u00edctima fatal fue identificada por la Polic\u00eda como Elsa Ferrario, quien\u2026","rel":"","context":"En \u00abPoliciales\u00bb","block_context":{"text":"Policiales","link":"https:\/\/www.24baires.com\/?cat=49"},"img":{"alt_text":"","src":"","width":0,"height":0},"classes":[]},{"id":8174,"url":"https:\/\/www.24baires.com\/?p=8174","url_meta":{"origin":3982,"position":3},"title":"Habilitan el \u00faltimo tramo de la Autopista Balcarce &#8211; Mar del Plata","author":"Grupo Sierra","date":"06\/12\/2012","format":false,"excerpt":"Si bien a\u00fan no se inaugur\u00f3 de manera oficial, ya se encuentra habilitada al tr\u00e1nsito la doble v\u00eda de la ruta N \u00b0 226, en el tramo que une las localidades bonaerenses de Balcarce y Mar del Plata. Siguiendo lo anunciado por el diario de Balcarce, La Vanguardia, se trata\u2026","rel":"","context":"En \u00abLocales\u00bb","block_context":{"text":"Locales","link":"https:\/\/www.24baires.com\/?cat=38"},"img":{"alt_text":"","src":"","width":0,"height":0},"classes":[]},{"id":105065,"url":"https:\/\/www.24baires.com\/?p=105065","url_meta":{"origin":3982,"position":4},"title":"Transportistas paran por tiempo indeterminado","author":"GB","date":"23\/10\/2018","format":false,"excerpt":"Transportistas de granos iniciar\u00e1n ma\u00f1ana un paro de actividades por tiempo indeterminado en reclamo de medidas que aten\u00faen la crisis que enfrenta el sector y la medida de fuerza incluir\u00e1 piquetes en cruces de ruta clave del sur del territorio provincial, sobre la ruta 3, la 226 y la 51.\u2026","rel":"","context":"En \u00abSociedad\u00bb","block_context":{"text":"Sociedad","link":"https:\/\/www.24baires.com\/?cat=1"},"img":{"alt_text":"","src":"https:\/\/i0.wp.com\/www.24baires.com\/wp-content\/uploads\/2016\/07\/camiones-1.jpg?resize=350%2C200","width":350,"height":200,"srcset":"https:\/\/i0.wp.com\/www.24baires.com\/wp-content\/uploads\/2016\/07\/camiones-1.jpg?resize=350%2C200 1x, https:\/\/i0.wp.com\/www.24baires.com\/wp-content\/uploads\/2016\/07\/camiones-1.jpg?resize=525%2C300 1.5x"},"classes":[]},{"id":47259,"url":"https:\/\/www.24baires.com\/?p=47259","url_meta":{"origin":3982,"position":5},"title":"Licitaron obras para las Rutas Provinciales 30, 51, 76 y 80","author":"AF","date":"03\/06\/2014","format":false,"excerpt":"Con un presupuesto oficial de casi 100 millones de pesos, el ministerio de Infraestructura bonaerense licit\u00f3 este lunes obras viales de rehabilitaci\u00f3n y mejoramiento para las rutas provinciales que atraviesan los partidos de Olavarr\u00eda, Gral. La Madrid, Azul, Rauch, Tapalqu\u00e9, Saladillo, Laprida y Gral. Alvear. En tanto, el titular de\u2026","rel":"","context":"En \u00abLocales\u00bb","block_context":{"text":"Locales","link":"https:\/\/www.24baires.com\/?cat=38"},"img":{"alt_text":"ruta partida","src":"https:\/\/i0.wp.com\/www.24baires.com\/wp-content\/uploads\/2012\/11\/ruta-50.jpg?resize=350%2C200","width":350,"height":200,"srcset":"https:\/\/i0.wp.com\/www.24baires.com\/wp-content\/uploads\/2012\/11\/ruta-50.jpg?resize=350%2C200 1x, https:\/\/i0.wp.com\/www.24baires.com\/wp-content\/uploads\/2012\/11\/ruta-50.jpg?resize=525%2C300 1.5x"},"classes":[]}],"jetpack_sharing_enabled":true,"jetpack_likes_enabled":true,"_links":{"self":[{"href":"https:\/\/www.24baires.com\/index.php?rest_route=\/wp\/v2\/posts\/3982","targetHints":{"allow":["GET"]}}],"collection":[{"href":"https:\/\/www.24baires.com\/index.php?rest_route=\/wp\/v2\/posts"}],"about":[{"href":"https:\/\/www.24baires.com\/index.php?rest_route=\/wp\/v2\/types\/post"}],"author":[{"embeddable":true,"href":"https:\/\/www.24baires.com\/index.php?rest_route=\/wp\/v2\/users\/4"}],"replies":[{"embeddable":true,"href":"https:\/\/www.24baires.com\/index.php?rest_route=%2Fwp%2Fv2%2Fcomments&post=3982"}],"version-history":[{"count":3,"href":"https:\/\/www.24baires.com\/index.php?rest_route=\/wp\/v2\/posts\/3982\/revisions"}],"predecessor-version":[{"id":3986,"href":"https:\/\/www.24baires.com\/index.php?rest_route=\/wp\/v2\/posts\/3982\/revisions\/3986"}],"wp:attachment":[{"href":"https:\/\/www.24baires.com\/index.php?rest_route=%2Fwp%2Fv2%2Fmedia&parent=3982"}],"wp:term":[{"taxonomy":"category","embeddable":true,"href":"https:\/\/www.24baires.com\/index.php?rest_route=%2Fwp%2Fv2%2Fcategories&post=3982"},{"taxonomy":"post_tag","embeddable":true,"href":"https:\/\/www.24baires.com\/index.php?rest_route=%2Fwp%2Fv2%2Ftags&post=3982"}],"curies":[{"name":"wp","href":"https:\/\/api.w.org\/{rel}","templated":true}]}}