{"id":3973,"date":"2012-10-31T13:40:48","date_gmt":"2012-10-31T16:40:48","guid":{"rendered":"http:\/\/www.24baires.com\/?p=3973"},"modified":"2012-10-31T13:40:48","modified_gmt":"2012-10-31T16:40:48","slug":"el-juicio-etico-por-la-ocupacion-en-palestina-fue-suspendido-por-presiones-de-la-embajada-israeli","status":"publish","type":"post","link":"https:\/\/www.24baires.com\/?p=3973","title":{"rendered":"\u00abEl Juicio \u00c9tico por la ocupaci\u00f3n en Palestina fue suspendido por presiones de la Embajada israel\u00ed\u00bb"},"content":{"rendered":"<p><img data-recalc-dims=\"1\" loading=\"lazy\" decoding=\"async\" class=\"alignleft  wp-image-3978\" title=\"merchan2\" src=\"https:\/\/i0.wp.com\/www.24baires.com\/wp-content\/uploads\/2012\/10\/merchan2.jpg?resize=230%2C240\" alt=\"\" width=\"230\" height=\"240\" srcset=\"https:\/\/i0.wp.com\/www.24baires.com\/wp-content\/uploads\/2012\/10\/merchan2.jpg?resize=288%2C300&amp;ssl=1 288w, https:\/\/i0.wp.com\/www.24baires.com\/wp-content\/uploads\/2012\/10\/merchan2.jpg?w=538&amp;ssl=1 538w\" sizes=\"auto, (max-width: 230px) 100vw, 230px\" \/>As\u00ed lo expres\u00f3 la ex Diputada Nacional, Cecilia \u201cChecha\u201d Merch\u00e1n, en di\u00e1logo con el programa radial marplatense Un D\u00eda Perfecto , al referirse al Tribunal \u00c9tico por la Ocupaci\u00f3n y Colonizaci\u00f3n de Israel en Palestina que deb\u00eda realizarse el pasado martes, organizado por el Comit\u00e9 Argentino de Solidaridad con el Pueblo Palestino y la Federaci\u00f3n de Entidades Argentino-Palestinas.<!--more--><\/p>\n<p>La actividad estaba organizada para el martes en la sala Julio Cort\u00e1zar de la Biblioteca Nacional, pero fue repentinamente suspendida. En dicho Tribunal \u00c9tico iban a exponerse el testimonio de diferentes personas respecto a la situaci\u00f3n que se vive en Palestina a causa de la ocupaci\u00f3n del Estado de Israel. Adem\u00e1s de Merch\u00e1n, estaba prevista la participaci\u00f3n de otras figuras destacadas de la causa palestina.<\/p>\n<p>En entrevista con el programa radial Un D\u00eda Perfecto, la ex Diputada y referente de la Corriente Pol\u00edtica y Social La Colectiva, Cecilia \u201cChecha\u201d Merch\u00e1n, explic\u00f3: \u201cEste tribunal que iba a realizarse, se lleva a cabo en todo el mundo y tiene como objetivo defender la autonom\u00eda del pueblo palestino\u201d.<\/p>\n<p>Seg\u00fan expresaron desde la organizaci\u00f3n, en nuestro pa\u00eds ya se hab\u00edan recibido las adhesiones de figuras como Adolfo P\u00e9rez Esquivel, la Asociaci\u00f3n Madres de Plaza de Mayo, y el reconocido fil\u00f3sofo estadounidense, Noam Chomsky, entre otros.<\/p>\n<p>Respecto a la suspensi\u00f3n de la actividad, Merch\u00e1n asegur\u00f3: \u201cLo que ocurri\u00f3 fue que existieron m\u00faltiples presiones por parte de la Embajada de Israel, que es una Embajada con caracter\u00edsticas de una derecha no s\u00f3lo conservadora sino de ocupaci\u00f3n\u201d. Adem\u00e1s, profundiz\u00f3: \u201cHubo muchas presiones, y creo que est\u00e1 vinculado a que Argentina decidi\u00f3 reconocer a Palestina como un Estado independiente, algo que la Embajada de Israel no soporta, as\u00ed como tampoco soporta que se discutan estas cosas\u201d.<\/p>\n<p>En referencia a su relaci\u00f3n con la causa palestina, \u201cChecha\u201d Merch\u00e1n dijo: \u201cEstuve en el territorio de Palestina, y pude ver lo que es la ocupaci\u00f3n, y c\u00f3mo un pueblito de tres mil habitantes hizo una movilizaci\u00f3n pac\u00edficamente para pronunciarse en contra del muro del apartheid del Estado de Israel\u201d. Y continu\u00f3: \u201cCuando mencionamos a Israel, pensamos en el pueblo jud\u00edo perseguido, y una cosa es el pueblo perseguido por el nazismo, y otra cosa totalmente diferente es lo que lleva adelante este Estado en contra del pueblo y el territorio palestino\u201d.<\/p>\n<p>Finalmente, la ex Diputada Merch\u00e1n se refiri\u00f3 a la posibilidad de que este Juicio \u00c9tico finalmente se realice en otro momento, y dijo: \u201cYo estoy segura que se va a reprogramar, porque eso es lo que me expresaron desde la organizaci\u00f3n de la actividad. Lo cierto es que en total hubo tres lugares que se negaron a prestar o dar sus instalaciones para que se lleve a cabo, incluso siendo alquilados, en funci\u00f3n de las presiones que surgieron de la Embajada de Israel\u201d.<\/p>\n","protected":false},"excerpt":{"rendered":"<p>As\u00ed lo expres\u00f3 la ex Diputada Nacional, Cecilia \u201cChecha\u201d Merch\u00e1n, en di\u00e1logo con el programa radial marplatense Un D\u00eda Perfecto , al referirse al Tribunal \u00c9tico por la Ocupaci\u00f3n y Colonizaci\u00f3n de Israel en Palestina que deb\u00eda realizarse el pasado martes, organizado por el Comit\u00e9 Argentino de Solidaridad con el Pueblo Palestino y la Federaci\u00f3n de Entidades Argentino-Palestinas.<\/p>\n","protected":false},"author":11,"featured_media":0,"comment_status":"open","ping_status":"open","sticky":false,"template":"","format":"standard","meta":{"_jetpack_newsletter_access":"","_jetpack_dont_email_post_to_subs":false,"_jetpack_newsletter_tier_id":0,"_jetpack_memberships_contains_paywalled_content":false,"_jetpack_memberships_contains_paid_content":false,"footnotes":""},"categories":[51],"tags":[],"class_list":["post-3973","post","type-post","status-publish","format-standard","hentry","category-politica"],"jetpack_featured_media_url":"","jetpack_shortlink":"https:\/\/wp.me\/p2JWE0-125","jetpack-related-posts":[{"id":102545,"url":"https:\/\/www.24baires.com\/?p=102545","url_meta":{"origin":3973,"position":0},"title":"Suspendieron el amistoso entre Argentina e Israel por las amenazas","author":"AF","date":"05\/06\/2018","format":false,"excerpt":"Tras las amenazas contra Lionel Messi, se decidi\u00f3 no disputar el \u00faltimo encuentro del seleccionado argentino previo al comienzo de Rusia 2018. Tras la carta que envi\u00f3 el presidente de la Federaci\u00f3n Palestina a su par de la AFA, Chiqui Tapia y las amenazas de quemar camisetas de Lionel Messi,\u2026","rel":"","context":"En \u00abDeportes\u00bb","block_context":{"text":"Deportes","link":"https:\/\/www.24baires.com\/?cat=12"},"img":{"alt_text":"","src":"https:\/\/i0.wp.com\/www.24baires.com\/wp-content\/uploads\/2018\/06\/selecci%C3%B3n-argentina.jpeg?resize=350%2C200","width":350,"height":200,"srcset":"https:\/\/i0.wp.com\/www.24baires.com\/wp-content\/uploads\/2018\/06\/selecci%C3%B3n-argentina.jpeg?resize=350%2C200 1x, https:\/\/i0.wp.com\/www.24baires.com\/wp-content\/uploads\/2018\/06\/selecci%C3%B3n-argentina.jpeg?resize=525%2C300 1.5x"},"classes":[]},{"id":50035,"url":"https:\/\/www.24baires.com\/?p=50035","url_meta":{"origin":3973,"position":1},"title":"Cerca de 300 personas protestaron en Capital contra el ataque a Gaza","author":"Grupo Sierra","date":"16\/07\/2014","format":false,"excerpt":"Se concentraron frente a la embajada israel\u00ed en el centro porte\u00f1o para protestar contra la nueva ofensiva lanzada contra la Franja de Gaza, que ya dej\u00f3 m\u00e1s de 220 muertos. Convocada por el Comit\u00e9 Argentino de Solidaridad con el Pueblo Palestino, la peque\u00f1a multitud que cop\u00f3 la cuadra de Avenida\u2026","rel":"","context":"En \u00abSociedad\u00bb","block_context":{"text":"Sociedad","link":"https:\/\/www.24baires.com\/?cat=1"},"img":{"alt_text":"Palestina-1-620x399","src":"https:\/\/i0.wp.com\/www.24baires.com\/wp-content\/uploads\/2014\/07\/Palestina-1-620x399.jpg?resize=350%2C200","width":350,"height":200,"srcset":"https:\/\/i0.wp.com\/www.24baires.com\/wp-content\/uploads\/2014\/07\/Palestina-1-620x399.jpg?resize=350%2C200 1x, https:\/\/i0.wp.com\/www.24baires.com\/wp-content\/uploads\/2014\/07\/Palestina-1-620x399.jpg?resize=525%2C300 1.5x"},"classes":[]},{"id":70489,"url":"https:\/\/www.24baires.com\/?p=70489","url_meta":{"origin":3973,"position":2},"title":"Cristina \u00ablider\u00f3 la decisi\u00f3n del continente de reconocer al Estado palestino\u00bb","author":"GB","date":"12\/08\/2015","format":false,"excerpt":"La m\u00e1xima autoridad de la Organizaci\u00f3n para la Liberaci\u00f3n de Palestina (OLP), Saeb Erekat, agradeci\u00f3 en Buenos Aires a la Presidenta por su \"firmeza\" en la defensa de la soluci\u00f3n de dos Estados en el conflicto con Israel. \"Estoy acostumbrado a ir a Mosc\u00fa, Berl\u00edn, Roma, Londres, Par\u00eds a negociar;\u2026","rel":"","context":"En \u00abPol\u00edtica\u00bb","block_context":{"text":"Pol\u00edtica","link":"https:\/\/www.24baires.com\/?cat=51"},"img":{"alt_text":"","src":"","width":0,"height":0},"classes":[]},{"id":677,"url":"https:\/\/www.24baires.com\/?p=677","url_meta":{"origin":3973,"position":3},"title":"El embajador palestino advirti\u00f3 que \u201cScioli negocia con una empresa del apartheid israel\u00ed\u201d","author":"Grupo Sierra","date":"30\/09\/2012","format":false,"excerpt":"A la luz del arribo de MEKOROT, la compa\u00f1\u00eda de agua nacional de Israel en suelo bonaerense, el embajador palestino en Argentina, Walid Muaqqat, cuestion\u00f3 duramente al gobernador Scioli por permitir el ingreso al pa\u00eds de una \u201cempresa 'monstruo, c\u00f3mplice de delitos de lesa humanidad\u201d. En ese sentido, pidi\u00f3 al\u2026","rel":"","context":"En \u00abPol\u00edtica\u00bb","block_context":{"text":"Pol\u00edtica","link":"https:\/\/www.24baires.com\/?cat=51"},"img":{"alt_text":"","src":"https:\/\/i0.wp.com\/www.24baires.com\/wp-content\/uploads\/2012\/09\/embajador-palestino1.png?resize=350%2C200","width":350,"height":200,"srcset":"https:\/\/i0.wp.com\/www.24baires.com\/wp-content\/uploads\/2012\/09\/embajador-palestino1.png?resize=350%2C200 1x, https:\/\/i0.wp.com\/www.24baires.com\/wp-content\/uploads\/2012\/09\/embajador-palestino1.png?resize=525%2C300 1.5x"},"classes":[]},{"id":53063,"url":"https:\/\/www.24baires.com\/?p=53063","url_meta":{"origin":3973,"position":4},"title":"La Plata: convocan a un acto y marcha contra la invasi\u00f3n a Palestina","author":"GB","date":"04\/09\/2014","format":false,"excerpt":"El embajador de Palestina en Argentina, Walid Muaqqat encabezar\u00e1 ma\u00f1ana una charla en la C\u00e1mara de Diputados de la provincia de Buenos Aires, invitado por agrupaciones pol\u00edticas y sociales quienes anunciaron una movilizaci\u00f3n para repudiar la invasi\u00f3n israel\u00ed sobre Palestina. El embajador disertar\u00e1 en la legislatura, ubicada en calle 53\u2026","rel":"","context":"En \u00abLocales\u00bb","block_context":{"text":"Locales","link":"https:\/\/www.24baires.com\/?cat=38"},"img":{"alt_text":"convocatoria","src":"https:\/\/i0.wp.com\/www.24baires.com\/wp-content\/uploads\/2014\/09\/convocatoria.jpg?resize=350%2C200","width":350,"height":200,"srcset":"https:\/\/i0.wp.com\/www.24baires.com\/wp-content\/uploads\/2014\/09\/convocatoria.jpg?resize=350%2C200 1x, https:\/\/i0.wp.com\/www.24baires.com\/wp-content\/uploads\/2014\/09\/convocatoria.jpg?resize=525%2C300 1.5x"},"classes":[]},{"id":52487,"url":"https:\/\/www.24baires.com\/?p=52487","url_meta":{"origin":3973,"position":5},"title":"Egipto anunci\u00f3 que Israel y Hamas llegaron a un acuerdo para cesar las hostilidades","author":"GB","date":"26\/08\/2014","format":false,"excerpt":"El gobierno egipcio anunci\u00f3 hoy que el alto el fuego acordado entre las delegaciones israel\u00ed y palestina que negocian en El Cairo entr\u00f3 en vigor a las 19 hora local (13 hora argentina). Aunque la prensa israel\u00ed confirm\u00f3 el anuncio, no hay a\u00fan anuncio oficial de Tel Aviv. Minutos antes\u2026","rel":"","context":"En \u00abInternacionales\u00bb","block_context":{"text":"Internacionales","link":"https:\/\/www.24baires.com\/?cat=73"},"img":{"alt_text":"gaza","src":"https:\/\/i0.wp.com\/www.24baires.com\/wp-content\/uploads\/2014\/08\/gaza.jpg?resize=350%2C200","width":350,"height":200,"srcset":"https:\/\/i0.wp.com\/www.24baires.com\/wp-content\/uploads\/2014\/08\/gaza.jpg?resize=350%2C200 1x, https:\/\/i0.wp.com\/www.24baires.com\/wp-content\/uploads\/2014\/08\/gaza.jpg?resize=525%2C300 1.5x"},"classes":[]}],"jetpack_sharing_enabled":true,"jetpack_likes_enabled":true,"_links":{"self":[{"href":"https:\/\/www.24baires.com\/index.php?rest_route=\/wp\/v2\/posts\/3973","targetHints":{"allow":["GET"]}}],"collection":[{"href":"https:\/\/www.24baires.com\/index.php?rest_route=\/wp\/v2\/posts"}],"about":[{"href":"https:\/\/www.24baires.com\/index.php?rest_route=\/wp\/v2\/types\/post"}],"author":[{"embeddable":true,"href":"https:\/\/www.24baires.com\/index.php?rest_route=\/wp\/v2\/users\/11"}],"replies":[{"embeddable":true,"href":"https:\/\/www.24baires.com\/index.php?rest_route=%2Fwp%2Fv2%2Fcomments&post=3973"}],"version-history":[{"count":3,"href":"https:\/\/www.24baires.com\/index.php?rest_route=\/wp\/v2\/posts\/3973\/revisions"}],"predecessor-version":[{"id":3981,"href":"https:\/\/www.24baires.com\/index.php?rest_route=\/wp\/v2\/posts\/3973\/revisions\/3981"}],"wp:attachment":[{"href":"https:\/\/www.24baires.com\/index.php?rest_route=%2Fwp%2Fv2%2Fmedia&parent=3973"}],"wp:term":[{"taxonomy":"category","embeddable":true,"href":"https:\/\/www.24baires.com\/index.php?rest_route=%2Fwp%2Fv2%2Fcategories&post=3973"},{"taxonomy":"post_tag","embeddable":true,"href":"https:\/\/www.24baires.com\/index.php?rest_route=%2Fwp%2Fv2%2Ftags&post=3973"}],"curies":[{"name":"wp","href":"https:\/\/api.w.org\/{rel}","templated":true}]}}