{"id":39616,"date":"2014-02-01T09:00:05","date_gmt":"2014-02-01T12:00:05","guid":{"rendered":"http:\/\/www.24baires.com\/?p=39616"},"modified":"2014-02-01T11:35:50","modified_gmt":"2014-02-01T14:35:50","slug":"cinco-anos-sin-luciano-arruga-2","status":"publish","type":"post","link":"https:\/\/www.24baires.com\/?p=39616","title":{"rendered":"Cinco a\u00f1os sin Luciano Arruga"},"content":{"rendered":"<p><img data-recalc-dims=\"1\" loading=\"lazy\" decoding=\"async\" class=\"aligncenter size-full wp-image-39617\" alt=\"luciano\" src=\"https:\/\/i0.wp.com\/www.24baires.com\/wp-content\/uploads\/2014\/02\/luciano.jpg?resize=560%2C478\" width=\"560\" height=\"478\" srcset=\"https:\/\/i0.wp.com\/www.24baires.com\/wp-content\/uploads\/2014\/02\/luciano.jpg?w=560&amp;ssl=1 560w, https:\/\/i0.wp.com\/www.24baires.com\/wp-content\/uploads\/2014\/02\/luciano.jpg?resize=300%2C256&amp;ssl=1 300w\" sizes=\"auto, (max-width: 560px) 100vw, 560px\" \/>Soy joven. Soy negro. Soy del conurbano. NO quiero ser mano de obra de la polic\u00eda: Desaparezco. Cinco a\u00f1os sin Luciano Arruga. <!--more--><\/p>\n<p style=\"text-align: right;\">\u201cPero cuidado lo que hac\u00e9s<br \/>\no adonde vas<br \/>\ndespues del gran recital<br \/>\nest\u00e1n los pu\u00f1os de la ley<br \/>\npara atraparte<br \/>\ntarde para reaccionar<br \/>\nla ciudad va a reventar<br \/>\nel camino es largo,<br \/>\ny Buenos Aires arde.<\/p>\n<p style=\"text-align: right;\">Arde de sirenas y de canas<br \/>\nBuenos Aires<br \/>\nArde de violencia ya se quema<br \/>\nBuenos Aires\u201d<\/p>\n<p style=\"text-align: right;\">Arde Buenos Aires (Los Fabulosos Cadillacs)<\/p>\n<p>Soy joven. Soy negro. Soy del conurbano. NO quiero ser mano de obra de la polic\u00eda: Desaparezco. Cinco a\u00f1os sin Luciano Arruga.<\/p>\n<p>Alguna vez supimos llamarla Maldita Polic\u00eda, la del gatillo f\u00e1cil y el palazo siempre listo. La que pega por las dudas y no pregunta antes de ponerte un balazo en la nuca si viv\u00eds en una villa. La que te agarra en la calle y palpa de armas y te humilla s\u00f3lo porque us\u00e1s gorrita o capucha. \u00c9sa. No son todos, se sabe, todav\u00eda hay algunos que se visten de azul porque creen en servir a los dem\u00e1s, en defender al otro, en la justicia. Pero los otros, que son muchos, que abusan de la autoridad, del arma que llevan atada al costado, de la impunidad que parece renovarse sola.<\/p>\n<p>De ellos hablo, no del cana honesto que hasta puede dejar la vida para cumplir con el deber que un d\u00eda lo llev\u00f3 a ser polic\u00eda, hablo de los otros. Los malditos. Los que reclutan pibes de los barrios y los llevan a robar y les pagan con paco. Y eso es cuando les dan el s\u00ed, por miedo, por necesidad, por enfermedad. Los que no quieren, mueren o no vuelven m\u00e1s a los lugares que frecuentaban. No vuelven m\u00e1s a ning\u00fan lado.<\/p>\n<p>Aprientan a chicos j\u00f3venes, a adolescentes y a otros apenas ni\u00f1os, los obligan a delinquir, les ponen armas viejas y gastadas en las manos, les arruinan la vida y a veces hasta esconden sus muertes y las hacen parecer enfrentamientos, cuando algo falla. Como en la dictadura genocida, donde te pegaban dos tiros en la nuca y dec\u00edan que hab\u00edas sido \u2018abatido\u2019 en un \u2018enfrentamiento\u2019. Ejecuciones de antes, de ahora.<\/p>\n<p>\u00bfCu\u00e1ntos pibes que faltan de sus casas les dijeron no a la polic\u00eda chorra y corrupta? \u00bfCu\u00e1ntos pibes que hoy est\u00e1n perdidos se negaron a robar o ser sicarios de la polic\u00eda narco? Sabemos de algunos, sabemos de Luciano, que cometi\u00f3 los cuatro pecados juntos: era un chico, morocho, del conurbano y dijo no. Luciano no est\u00e1 m\u00e1s. No sabemos nada de \u00e9l desde hace cinco a\u00f1os, su familia lo busca, todos lo queremos con vida, pero Luciano no aparece, no est\u00e1. Pasa que Luciano no arrug\u00f3 y tuvo aguante y dijo no. Su madre, M\u00f3nica Raquel Alegre, con el dolor sobre sus hombros, pesado cual monta\u00f1a, con la dignidad en su voz, sus actos y su lucha, dice todo: \u201cPar\u00ed un argentino y negro que no quiso robar y estoy orgullosa de eso\u201d.<\/p>\n<p>Pasa que Luciano, en democracia, desapareci\u00f3. Pasa que ten\u00eda diecis\u00e9is a\u00f1os. Pasa que cortaron un lindo \u00e1rbol jovencito, apenas brotando, pasa que nunca vamos a saber cu\u00e1n alto ese \u00e1rbol iba a poder ser. Y pasa que hay muchos Luciano y empeora, todav\u00eda: habr\u00e1 m\u00e1s Lucianos. Y que en nuestros o\u00eddos resuene su verdad, que grita desde la ausencia: \u201cSoy joven. Soy negro. Soy del conurbano. NO quiero ser mano de obra de la polic\u00eda: Desaparezco\u201d.<\/p>\n","protected":false},"excerpt":{"rendered":"<p>Soy joven. Soy negro. Soy del conurbano. NO quiero ser mano de obra de la polic\u00eda: Desaparezco. Cinco a\u00f1os sin Luciano Arruga.<\/p>\n","protected":false},"author":11,"featured_media":0,"comment_status":"open","ping_status":"open","sticky":false,"template":"","format":"standard","meta":{"_jetpack_newsletter_access":"","_jetpack_dont_email_post_to_subs":false,"_jetpack_newsletter_tier_id":0,"_jetpack_memberships_contains_paywalled_content":false,"_jetpack_memberships_contains_paid_content":false,"footnotes":""},"categories":[64],"tags":[],"class_list":["post-39616","post","type-post","status-publish","format-standard","hentry","category-opinion"],"jetpack_featured_media_url":"","jetpack_shortlink":"https:\/\/wp.me\/p2JWE0-aiY","jetpack-related-posts":[{"id":32898,"url":"https:\/\/www.24baires.com\/?p=32898","url_meta":{"origin":39616,"position":0},"title":"La querella del caso de Luciano Arruga pedir\u00e1 un jury para dos funcionarios","author":"GB","date":"02\/10\/2013","format":false,"excerpt":"Lo hicieron durante una conferencia de prensa en el CELS. Anunciaron que pedir\u00e1n juicio pol\u00edtico contra los dos principales funcionarios que investigaron la causa antes de que pasara a la Justicia Federal: la fiscal Celia Cejas y el juez de Garant\u00edas de La Matanza, Gustavo Banco. Cada vez que los\u2026","rel":"","context":"En \u00abJUDICIALES\u00bb","block_context":{"text":"JUDICIALES","link":"https:\/\/www.24baires.com\/?cat=68"},"img":{"alt_text":"","src":"","width":0,"height":0},"classes":[]},{"id":49716,"url":"https:\/\/www.24baires.com\/?p=49716","url_meta":{"origin":39616,"position":1},"title":"Casaci\u00f3n orden\u00f3 buscar a Luciano Arruga y cuestion\u00f3 la investigaci\u00f3n","author":"GB","date":"12\/07\/2014","format":false,"excerpt":"Los jueces hicieron lugar a un habeas corpus presentado por la familia del joven, quien desapareci\u00f3 en 2009 luego de haber estado presuntamente en un destacamento policial de Lomas del Mirador. a C\u00e1mara Federal de Casaci\u00f3n Penal orden\u00f3 que se busque al joven desaparecido en 2009 luego de haber estado\u2026","rel":"","context":"En \u00abJUDICIALES\u00bb","block_context":{"text":"JUDICIALES","link":"https:\/\/www.24baires.com\/?cat=68"},"img":{"alt_text":"luciano","src":"https:\/\/i0.wp.com\/www.24baires.com\/wp-content\/uploads\/2014\/02\/luciano.jpg?resize=350%2C200","width":350,"height":200,"srcset":"https:\/\/i0.wp.com\/www.24baires.com\/wp-content\/uploads\/2014\/02\/luciano.jpg?resize=350%2C200 1x, https:\/\/i0.wp.com\/www.24baires.com\/wp-content\/uploads\/2014\/02\/luciano.jpg?resize=525%2C300 1.5x"},"classes":[]},{"id":50440,"url":"https:\/\/www.24baires.com\/?p=50440","url_meta":{"origin":39616,"position":2},"title":"Caso Arruga: piden colaboraci\u00f3n al gobierno provincial para la investigaci\u00f3n","author":"Grupo Sierra","date":"23\/07\/2014","format":false,"excerpt":"\u201cPedimos al Poder Ejecutivo de la provincia de Buenos Aires que ponga a disposici\u00f3n de la Justicia todos los recursos necesarios para avanzar en la investigaci\u00f3n y se pueda esclarecer lo ocurrido con la desaparici\u00f3n forzada de Luciano Arruga en manos de la polic\u00eda bonaerense\u201d, explic\u00f3 la senadora provincial por\u2026","rel":"","context":"En \u00abProvincia\u00bb","block_context":{"text":"Provincia","link":"https:\/\/www.24baires.com\/?cat=40"},"img":{"alt_text":"arruga Luciano","src":"https:\/\/i0.wp.com\/www.24baires.com\/wp-content\/uploads\/2012\/12\/arruga-Luciano.jpg?resize=350%2C200","width":350,"height":200,"srcset":"https:\/\/i0.wp.com\/www.24baires.com\/wp-content\/uploads\/2012\/12\/arruga-Luciano.jpg?resize=350%2C200 1x, https:\/\/i0.wp.com\/www.24baires.com\/wp-content\/uploads\/2012\/12\/arruga-Luciano.jpg?resize=525%2C300 1.5x"},"classes":[]},{"id":50353,"url":"https:\/\/www.24baires.com\/?p=50353","url_meta":{"origin":39616,"position":3},"title":"Piden a Provincia \u00abtodos los recursos para esclarecer el caso Arruga\u00bb","author":"AF","date":"22\/07\/2014","format":false,"excerpt":"\u201cPedimos al Poder Ejecutivo de la provincia de Buenos Aires que ponga a disposici\u00f3n de la Justicia todos los recursos necesarios para avanzar en la investigaci\u00f3n y se pueda esclarecer lo ocurrido con la desaparici\u00f3n forzada de Luciano Arruga en manos de la polic\u00eda bonaerense\u201d, explic\u00f3 la senadora provincial por\u2026","rel":"","context":"En \u00abMemoria\u00bb","block_context":{"text":"Memoria","link":"https:\/\/www.24baires.com\/?cat=50"},"img":{"alt_text":"arruga Luciano","src":"https:\/\/i0.wp.com\/www.24baires.com\/wp-content\/uploads\/2012\/12\/arruga-Luciano.jpg?resize=350%2C200","width":350,"height":200,"srcset":"https:\/\/i0.wp.com\/www.24baires.com\/wp-content\/uploads\/2012\/12\/arruga-Luciano.jpg?resize=350%2C200 1x, https:\/\/i0.wp.com\/www.24baires.com\/wp-content\/uploads\/2012\/12\/arruga-Luciano.jpg?resize=525%2C300 1.5x"},"classes":[]},{"id":58997,"url":"https:\/\/www.24baires.com\/?p=58997","url_meta":{"origin":39616,"position":4},"title":"Luciano Arruga: \u00abLo que est\u00e1 claro es que est\u00e1 la mano de la Polic\u00eda Bonaerense\u00bb","author":"GB","date":"22\/12\/2014","format":false,"excerpt":"La Comisi\u00f3n de Familiares y Amigos del joven, desaparecido y muerto en 2009, redobla sus cr\u00edticas a la fuerza provincial y habla de las irregularidades tambi\u00e9n de la Polic\u00eda Federal. \"Esto le pas\u00f3 a un nene, ten\u00eda s\u00f3lo 16 a\u00f1os cuando pas\u00f3 todo esto\", record\u00f3 uno de sus miembros, Mat\u00edas.\u2026","rel":"","context":"En \u00abPoliciales\u00bb","block_context":{"text":"Policiales","link":"https:\/\/www.24baires.com\/?cat=49"},"img":{"alt_text":"luciano-arruga-foto","src":"https:\/\/i0.wp.com\/www.24baires.com\/wp-content\/uploads\/2014\/10\/luciano-arruga-foto.jpg?resize=350%2C200","width":350,"height":200,"srcset":"https:\/\/i0.wp.com\/www.24baires.com\/wp-content\/uploads\/2014\/10\/luciano-arruga-foto.jpg?resize=350%2C200 1x, https:\/\/i0.wp.com\/www.24baires.com\/wp-content\/uploads\/2014\/10\/luciano-arruga-foto.jpg?resize=525%2C300 1.5x"},"classes":[]},{"id":39599,"url":"https:\/\/www.24baires.com\/?p=39599","url_meta":{"origin":39616,"position":5},"title":"Cinco a\u00f1os sin Luciano Arruga","author":"GB","date":"31\/01\/2014","format":false,"excerpt":"Se trata del joven que ten\u00eda 16 a\u00f1os cuando el 31 de enero de 2009 sali\u00f3 de su casa de Lomas del Mirador y nunca m\u00e1s regres\u00f3. La Secretar\u00eda de Derechos Humanos reafirm\u00f3 su compromiso y recalc\u00f3 que es fundamental que \"el Estado nacional, provincial y municipal reafirmen esa responsabilidad\u2026","rel":"","context":"En \u00abSociedad\u00bb","block_context":{"text":"Sociedad","link":"https:\/\/www.24baires.com\/?cat=1"},"img":{"alt_text":"","src":"","width":0,"height":0},"classes":[]}],"jetpack_sharing_enabled":true,"jetpack_likes_enabled":true,"_links":{"self":[{"href":"https:\/\/www.24baires.com\/index.php?rest_route=\/wp\/v2\/posts\/39616","targetHints":{"allow":["GET"]}}],"collection":[{"href":"https:\/\/www.24baires.com\/index.php?rest_route=\/wp\/v2\/posts"}],"about":[{"href":"https:\/\/www.24baires.com\/index.php?rest_route=\/wp\/v2\/types\/post"}],"author":[{"embeddable":true,"href":"https:\/\/www.24baires.com\/index.php?rest_route=\/wp\/v2\/users\/11"}],"replies":[{"embeddable":true,"href":"https:\/\/www.24baires.com\/index.php?rest_route=%2Fwp%2Fv2%2Fcomments&post=39616"}],"version-history":[{"count":1,"href":"https:\/\/www.24baires.com\/index.php?rest_route=\/wp\/v2\/posts\/39616\/revisions"}],"predecessor-version":[{"id":39618,"href":"https:\/\/www.24baires.com\/index.php?rest_route=\/wp\/v2\/posts\/39616\/revisions\/39618"}],"wp:attachment":[{"href":"https:\/\/www.24baires.com\/index.php?rest_route=%2Fwp%2Fv2%2Fmedia&parent=39616"}],"wp:term":[{"taxonomy":"category","embeddable":true,"href":"https:\/\/www.24baires.com\/index.php?rest_route=%2Fwp%2Fv2%2Fcategories&post=39616"},{"taxonomy":"post_tag","embeddable":true,"href":"https:\/\/www.24baires.com\/index.php?rest_route=%2Fwp%2Fv2%2Ftags&post=39616"}],"curies":[{"name":"wp","href":"https:\/\/api.w.org\/{rel}","templated":true}]}}