{"id":3955,"date":"2012-10-31T11:01:41","date_gmt":"2012-10-31T14:01:41","guid":{"rendered":"http:\/\/www.24baires.com\/?p=3955"},"modified":"2012-10-31T11:35:16","modified_gmt":"2012-10-31T14:35:16","slug":"ate-y-cta-se-movilizan-contra-el-presupuesto-2013","status":"publish","type":"post","link":"https:\/\/www.24baires.com\/?p=3955","title":{"rendered":"ATE y CTA se movilizan contra el presupuesto 2013"},"content":{"rendered":"<p><img data-recalc-dims=\"1\" loading=\"lazy\" decoding=\"async\" class=\"alignleft size-medium wp-image-3957\" title=\"ate cta\" src=\"https:\/\/i0.wp.com\/www.24baires.com\/wp-content\/uploads\/2012\/10\/ate-cta.jpg?resize=300%2C200\" alt=\"\" width=\"300\" height=\"200\" srcset=\"https:\/\/i0.wp.com\/www.24baires.com\/wp-content\/uploads\/2012\/10\/ate-cta.jpg?resize=300%2C200&amp;ssl=1 300w, https:\/\/i0.wp.com\/www.24baires.com\/wp-content\/uploads\/2012\/10\/ate-cta.jpg?w=560&amp;ssl=1 560w\" sizes=\"auto, (max-width: 300px) 100vw, 300px\" \/>En el marco del inicio de un paro de 48 horas, los estatales marchar\u00e1n a partir de las 11 a la Legislatura bonaerense para expresarse en contra del proyecto de Presupuesto 2013 enviado por el Ejecutivo. Alegan que \u201cno incluye la pauta salarial, reduce 6 mil cargos en planta permanente, aumenta los cargos en planta temporaria y mantiene bajos los niveles en pol\u00edticas sociales.<!--more--><\/p>\n<p>Desde la Asociaci\u00f3n de Trabajadores del Estado (ATE) y la Central de Trabajadores Argentina (CTA) de la Provincia de Buenos Aires convocaron a una movilizaci\u00f3n a la Legislatura bonaerense para expresarse con el proyecto de Ley de Leyes 2013. Las columnas se concentran en 7 y 38 y comenzar\u00e1n a marchar por la ciudad de La Plata.<\/p>\n<p>\u201cVamos a rechazar el proyecto de presupuesto de Scioli, que pretende consolidar el ajuste en el a\u00f1o 2013\u201d, expres\u00f3 el titular de ATE Provincia, Oscar de Isasi, y agreg\u00f3 que este proyecto \u201cno incluye la pauta salarial, reduce 6 mil cargos en planta permanente, aumenta de manera exponencial los cargos en planta temporaria y mantiene los bajos niveles en pol\u00edticas sociales, que est\u00e1n provocando desastres actualmente\u201d.<\/p>\n<p>Adem\u00e1s, anticip\u00f3 que ser\u00e1n afectadas distintas \u00e1reas del Estado, desde hospitales hasta escuelas, pasando por la administraci\u00f3n Central, el IPS, IOMA y Astilleros R\u00edo Santiago, entre otros organismos.<\/p>\n<p>\u201cVamos a construir un nuevo dato pol\u00edtico. Esperamos que el gobernador se convenza de que hay que cambiar el rumbo, si insiste con las pol\u00edticas de ajuste, \u00e9l es quien garantiza el conflicto. De ser as\u00ed definiremos nuevas medidas de cara a fin de a\u00f1o y al principio del a\u00f1o pr\u00f3ximo\u201d, asever\u00f3 el gremialista.<\/p>\n<p>En tanto, Julio Ortellado, director de Organizaci\u00f3n de CTA Nacional, explic\u00f3 que \u201cel presupuesto 2013 b\u00e1sicamente es un c\u00e1lculo de lo que es el presupuesto actual, donde en la pr\u00e1ctica no hay capacidad de resolver como se llega a fin de a\u00f1o, cuando ya ten\u00edamos para junio-julio el 70% ejecutado\u201d, y agreg\u00f3: \u201cel presupuesto 2013 vuelve a ser de ajuste, por eso lo rechazamos\u201d.<\/p>\n<p>Por su parte Hugo Amor, en representaci\u00f3n de la CICOP, dio la postura de los profesionales de la Salud. \u201cVamos a parar este 31 y a movilizar en el rechazo al proyecto de presupuesto del ejecutivo para el a\u00f1o que viene\u201d, dijo. Se\u00f1alando que desde la CTA est\u00e1n reclamando \u201cpor una reforma impositiva en la provincia de Buenos Aires y un aumento en la coparticipaci\u00f3n, y por otro presupuesto general. Y en particular en Salud, pedimos un 10% del gasto estatal, hoy esta en 6,5. Esto significa un aumento de 4 mil millones, para cubrir las necesidades b\u00e1sicas que tiene el sistema p\u00fablico\u201d. Entre las principales necesidades, Amor puso a la creaci\u00f3n de \u201c2000 nuevos cargos y que se hagan efectivas las 1600 vacantes que no se han ejecutado\u201d.<\/p>\n<p>Finalmente Hugo Blasco, Secretario General de AJB, confirm\u00f3 que los judiciales adhieren a la jornada. \u201cHay un presupuesto de ajuste que en el caso del Poder Judicial se va a ver reflejado en varias cuestiones severas: no se cubren las vacantes por refuerzo de planta, no se ponen en funcionamiento creados por ley como juzgados y asesorias, hay problemas con los insumos y las cuestiones edilicias\u201d. Destacando que \u201cel presupuesto proyectado para 2013 significa una disminuci\u00f3n relativa respecto de 2012, que ya era miserable. Nosotros queremos discutir salarios, queremos que se implemente la porcentual, entre otras cosas\u201d, concluy\u00f3.<\/p>\n","protected":false},"excerpt":{"rendered":"<p>En el marco del inicio de un paro de 48 horas, los estatales marchar\u00e1n a partir de las 11 a la Legislatura bonaerense para expresarse en contra del proyecto de Presupuesto 2013 enviado por el Ejecutivo. Alegan que \u201cno incluye la pauta salarial, reduce 6 mil cargos en planta permanente, aumenta los cargos en planta temporaria y mantiene bajos los [&#8230;]<\/p>\n","protected":false},"author":4,"featured_media":0,"comment_status":"open","ping_status":"open","sticky":false,"template":"","format":"standard","meta":{"_jetpack_newsletter_access":"","_jetpack_dont_email_post_to_subs":false,"_jetpack_newsletter_tier_id":0,"_jetpack_memberships_contains_paywalled_content":false,"_jetpack_memberships_contains_paid_content":false,"footnotes":""},"categories":[51],"tags":[],"class_list":["post-3955","post","type-post","status-publish","format-standard","hentry","category-politica"],"jetpack_featured_media_url":"","jetpack_shortlink":"https:\/\/wp.me\/p2JWE0-11N","jetpack-related-posts":[{"id":4007,"url":"https:\/\/www.24baires.com\/?p=4007","url_meta":{"origin":3955,"position":0},"title":"\u201cHoy le declaramos la guerra al ajuste en la Provincia de Buenos Aires\u201d","author":"Grupo Sierra","date":"31\/10\/2012","format":false,"excerpt":"ATE y otros gremios nucleados en la CTA opositora se movilizaron en el marco de un paro de 48 horas para rechazar el Presupuesto 2013 que ser\u00e1 votado ma\u00f1ana en la C\u00e1mara de Diputados bonaerense. Contin\u00faan la protesta con una vigilia en los jardines de la Legislatura. Los estatales realizaron\u2026","rel":"","context":"En \u00abProvincia\u00bb","block_context":{"text":"Provincia","link":"https:\/\/www.24baires.com\/?cat=40"},"img":{"alt_text":"","src":"","width":0,"height":0},"classes":[]},{"id":3732,"url":"https:\/\/www.24baires.com\/?p=3732","url_meta":{"origin":3955,"position":1},"title":"Estatales bonaerenses vuelven a parar \u00abpara repudiar el ajuste de Scioli\u00bb","author":"AF","date":"29\/10\/2012","format":false,"excerpt":"La CTA bonaerense, alineada a nivel nacional con Pablo Micheli, realizar\u00e1 un paro el mi\u00e9rcoles y jueves pr\u00f3ximos y una movilizaci\u00f3n a la Legislatura en repudio del proyecto de Presupuesto 2013 y la Ley Fiscal enviados por el Ejecutivo. Parar\u00e1n los trabajadores de la administraci\u00f3n central, de la Direcci\u00f3n General\u2026","rel":"","context":"En \u00abSociedad\u00bb","block_context":{"text":"Sociedad","link":"https:\/\/www.24baires.com\/?cat=1"},"img":{"alt_text":"","src":"https:\/\/i0.wp.com\/www.24baires.com\/wp-content\/uploads\/2012\/10\/de-isasi-300x198.png?resize=350%2C200","width":350,"height":200},"classes":[]},{"id":97797,"url":"https:\/\/www.24baires.com\/?p=97797","url_meta":{"origin":3955,"position":2},"title":"ATE y la CTA Aut\u00f3noma convocan a un paro nacional","author":"GB","date":"02\/10\/2017","format":false,"excerpt":"La medida de fuerza est\u00e1 prevista para este mi\u00e9rcoles con marchas en todo el pa\u00eds y presentar\u00e1n en el Congreso de la Naci\u00f3n un proyecto alternativo al del Presupuesto 2018. Denuncian que el que present\u00f3 Cambiemos significa \u201cajuste, m\u00e1s tarifazos y endeudamiento externo\u201d. Este mi\u00e9rcoles 4 de octubre ATE convoc\u00f3\u2026","rel":"","context":"En \u00abSindicales\u00bb","block_context":{"text":"Sindicales","link":"https:\/\/www.24baires.com\/?cat=326"},"img":{"alt_text":"","src":"https:\/\/i0.wp.com\/www.24baires.com\/wp-content\/uploads\/2016\/03\/marcha-ate.jpg?resize=350%2C200","width":350,"height":200,"srcset":"https:\/\/i0.wp.com\/www.24baires.com\/wp-content\/uploads\/2016\/03\/marcha-ate.jpg?resize=350%2C200 1x, https:\/\/i0.wp.com\/www.24baires.com\/wp-content\/uploads\/2016\/03\/marcha-ate.jpg?resize=525%2C300 1.5x"},"classes":[]},{"id":3793,"url":"https:\/\/www.24baires.com\/?p=3793","url_meta":{"origin":3955,"position":3},"title":"M\u00e9dicos y Judiciales se suman al paro \u00abcontra el ajuste en la Provincia\u00bb","author":"Grupo Sierra","date":"30\/10\/2012","format":false,"excerpt":"M\u00e9dicos de los hospitales p\u00fablicos nucleados en la Cicop, y miembros de la Asociaci\u00f3n Judicial Bonaerense (AJB) adhieren a la jornada de lucha impulsada por los gremios que integran la CTA opositora. Hoy a las 11, desde ATE dar\u00e1n una conferencia de prensa para dar detalles de la manifestaci\u00f3n a\u2026","rel":"","context":"En \u00abProvincia\u00bb","block_context":{"text":"Provincia","link":"https:\/\/www.24baires.com\/?cat=40"},"img":{"alt_text":"","src":"","width":0,"height":0},"classes":[]},{"id":55418,"url":"https:\/\/www.24baires.com\/?p=55418","url_meta":{"origin":3955,"position":4},"title":"La CTA opositora monta una carpa de protesta frente a Gobernaci\u00f3n","author":"AF","date":"15\/10\/2014","format":false,"excerpt":"LA PLATA - Los gremios nucleados en la opositora CTA bonaerense montar\u00e1n desde este mi\u00e9rcoles una carpa frente a la Gobernaci\u00f3n provincial para reclamar aumentos salariales y un mayor presupuesto para \u00e1reas sociales al tiempo que preparan una nueva huelga y movilizaci\u00f3n a la Legislatura para el pr\u00f3ximo jueves 23.\u2026","rel":"","context":"En \u00abProvincia\u00bb","block_context":{"text":"Provincia","link":"https:\/\/www.24baires.com\/?cat=40"},"img":{"alt_text":"ate-cta","src":"https:\/\/i0.wp.com\/www.24baires.com\/wp-content\/uploads\/2012\/09\/ate-cta1.jpg?resize=350%2C200","width":350,"height":200,"srcset":"https:\/\/i0.wp.com\/www.24baires.com\/wp-content\/uploads\/2012\/09\/ate-cta1.jpg?resize=350%2C200 1x, https:\/\/i0.wp.com\/www.24baires.com\/wp-content\/uploads\/2012\/09\/ate-cta1.jpg?resize=525%2C300 1.5x"},"classes":[]},{"id":87549,"url":"https:\/\/www.24baires.com\/?p=87549","url_meta":{"origin":3955,"position":5},"title":"Estatales, m\u00e9dicos y docentes marcharon a la Gobernaci\u00f3n","author":"GB","date":"14\/09\/2016","format":false,"excerpt":"Los trabajadores de ATE, Cicop, AJB y los disidentes de Suteba, entre otros, reclamaron que el presupuesto 2017 incluya respuestas a demandas laborales y sociales. Al mediod\u00eda se movilizaron a la Casa de Gobierno con organizaciones sociales. Trabajadores estatales, m\u00e9dicos y docentes bonaerenses realizaron hoy un paro y se movilizaron\u2026","rel":"","context":"En \u00abProvincia\u00bb","block_context":{"text":"Provincia","link":"https:\/\/www.24baires.com\/?cat=40"},"img":{"alt_text":"marcha ate","src":"https:\/\/i0.wp.com\/www.24baires.com\/wp-content\/uploads\/2016\/03\/marcha-ate.jpg?resize=350%2C200","width":350,"height":200,"srcset":"https:\/\/i0.wp.com\/www.24baires.com\/wp-content\/uploads\/2016\/03\/marcha-ate.jpg?resize=350%2C200 1x, https:\/\/i0.wp.com\/www.24baires.com\/wp-content\/uploads\/2016\/03\/marcha-ate.jpg?resize=525%2C300 1.5x"},"classes":[]}],"jetpack_sharing_enabled":true,"jetpack_likes_enabled":true,"_links":{"self":[{"href":"https:\/\/www.24baires.com\/index.php?rest_route=\/wp\/v2\/posts\/3955","targetHints":{"allow":["GET"]}}],"collection":[{"href":"https:\/\/www.24baires.com\/index.php?rest_route=\/wp\/v2\/posts"}],"about":[{"href":"https:\/\/www.24baires.com\/index.php?rest_route=\/wp\/v2\/types\/post"}],"author":[{"embeddable":true,"href":"https:\/\/www.24baires.com\/index.php?rest_route=\/wp\/v2\/users\/4"}],"replies":[{"embeddable":true,"href":"https:\/\/www.24baires.com\/index.php?rest_route=%2Fwp%2Fv2%2Fcomments&post=3955"}],"version-history":[{"count":2,"href":"https:\/\/www.24baires.com\/index.php?rest_route=\/wp\/v2\/posts\/3955\/revisions"}],"predecessor-version":[{"id":3959,"href":"https:\/\/www.24baires.com\/index.php?rest_route=\/wp\/v2\/posts\/3955\/revisions\/3959"}],"wp:attachment":[{"href":"https:\/\/www.24baires.com\/index.php?rest_route=%2Fwp%2Fv2%2Fmedia&parent=3955"}],"wp:term":[{"taxonomy":"category","embeddable":true,"href":"https:\/\/www.24baires.com\/index.php?rest_route=%2Fwp%2Fv2%2Fcategories&post=3955"},{"taxonomy":"post_tag","embeddable":true,"href":"https:\/\/www.24baires.com\/index.php?rest_route=%2Fwp%2Fv2%2Ftags&post=3955"}],"curies":[{"name":"wp","href":"https:\/\/api.w.org\/{rel}","templated":true}]}}