{"id":3951,"date":"2012-10-31T11:25:12","date_gmt":"2012-10-31T14:25:12","guid":{"rendered":"http:\/\/www.24baires.com\/?p=3951"},"modified":"2012-11-01T14:28:53","modified_gmt":"2012-11-01T17:28:53","slug":"sabbatella-aseguro-que-clarin-esta-desafiando-a-la-democracia","status":"publish","type":"post","link":"https:\/\/www.24baires.com\/?p=3951","title":{"rendered":"Sabbatella asegur\u00f3 que \u00abClar\u00edn est\u00e1 desafiando a la democracia\u00bb"},"content":{"rendered":"<p><img data-recalc-dims=\"1\" loading=\"lazy\" decoding=\"async\" class=\"aligncenter size-full wp-image-3952\" title=\"sabbatella desafio\" src=\"https:\/\/i0.wp.com\/www.24baires.com\/wp-content\/uploads\/2012\/10\/sabbatella-desafio.jpg?resize=560%2C335\" alt=\"\" width=\"560\" height=\"335\" srcset=\"https:\/\/i0.wp.com\/www.24baires.com\/wp-content\/uploads\/2012\/10\/sabbatella-desafio.jpg?w=560&amp;ssl=1 560w, https:\/\/i0.wp.com\/www.24baires.com\/wp-content\/uploads\/2012\/10\/sabbatella-desafio.jpg?resize=300%2C179&amp;ssl=1 300w\" sizes=\"auto, (max-width: 560px) 100vw, 560px\" \/><\/p>\n<p>El titular de la Autoridad Federal de Servicios de Comunicaci\u00f3n Audiovisual, Mart\u00edn Sabbatella, se refiri\u00f3 a la negativa de Clar\u00edn a presentar un plan de adecuaci\u00f3n a la ley.<br \/>\nAdem\u00e1s reiter\u00f3 que despu\u00e9s del 7 de diciembre el organismo \u00abactuar\u00e1 de oficio\u00bb.<!--more--><br \/>\n\u00abEs un desaf\u00edo a la democracia, al estado de derecho y a las leyes. Es como si alguien dijera: a partir de ahora paso los sem\u00e1foros en rojo\u00bb, dijo el titular de la AFSCA a radio Vorterix, al ser consultado sobre la negativa expresada ayer nuevamente por el grupo Clar\u00edn en relaci\u00f3n a la presentaci\u00f3n de un plan de adecuaci\u00f3n a la ley de medios.<br \/>\nSabbatella explic\u00f3 asimismo que \u00abhasta antes del 7 de diciembre, el plan es voluntario; despu\u00e9s del 7, es una transferencia de oficio que hace la Afsca; por lo tanto selecciona las licencias con las cuales se excede y las concursa\u00bb.<br \/>\nSe refiri\u00f3 as\u00ed a las declaraciones que hizo el martes el gerente de Comunicaciones del grupo Clar\u00edn, Mart\u00edn Etchevers, quien -ante corresponsales extranjeros- insisti\u00f3 en que no se presentar\u00e1 un plan de adecuaci\u00f3n, ya que considera que la norma que dispone la desinversi\u00f3n de los multimedios con posici\u00f3n monop\u00f3lica \u00abest\u00e1 suspendida por la justicia\u00bb.<br \/>\n\u00abEs raro que alguien diga que la ley no lo abarca, no lo toca. Sienten que pueden estar por encima de la ley, de los poderes del Estado, por encima de los representantes del pueblo\u00bb, dijo hoy Sabbatella.<br \/>\n\u00abLa ley es pareja para todos, est\u00e1 hecha para que todos la cumplamos. Es imposible pensar en la construcci\u00f3n de una sociedad democr\u00e1tica y de derecho si no se est\u00e1 dispuesto a cumplir las normas que la regulan\u00bb, a\u00f1adi\u00f3.<br \/>\nEl funcionario explic\u00f3 que si antes del 7 de diciembre -fijada por la Corte Suprema como la fecha en que dejan de tener vigencia las medidas cautelares que suspend\u00edan la aplicaci\u00f3n de la ley- no se presenta el plan de adecuaci\u00f3n \u00abel 10 de diciembre, primer d\u00eda h\u00e1bil despu\u00e9s del 7, est\u00e1n fuera de la ley y la AFSCA tiene que actuar de oficio\u00bb.<br \/>\nPara cumplir ese objetivo, el organismo debe \u00abgarantizar el servicio y las fuentes de trabajo, y hacer cumplir la ley concursando las licencias en las cuales est\u00e1n excedidos\u00bb, seg\u00fan indic\u00f3.<br \/>\n\u00abEl fallo de la Corte es claro. El 7 de diciembre es la fecha l\u00edmite y despu\u00e9s de ella, todos los plazos est\u00e1n vencidos\u00bb, sostuvo el funcionario.<\/p>\n","protected":false},"excerpt":{"rendered":"<p>El titular de la Autoridad Federal de Servicios de Comunicaci\u00f3n Audiovisual, Mart\u00edn Sabbatella, se refiri\u00f3 a la negativa de Clar\u00edn a presentar un plan de adecuaci\u00f3n a la ley. Adem\u00e1s reiter\u00f3 que despu\u00e9s del 7 de diciembre el organismo \u00abactuar\u00e1 de oficio\u00bb.<\/p>\n","protected":false},"author":11,"featured_media":0,"comment_status":"open","ping_status":"open","sticky":false,"template":"","format":"standard","meta":{"_jetpack_newsletter_access":"","_jetpack_dont_email_post_to_subs":false,"_jetpack_newsletter_tier_id":0,"_jetpack_memberships_contains_paywalled_content":false,"_jetpack_memberships_contains_paid_content":false,"footnotes":""},"categories":[54],"tags":[],"class_list":["post-3951","post","type-post","status-publish","format-standard","hentry","category-medios"],"jetpack_featured_media_url":"","jetpack_shortlink":"https:\/\/wp.me\/p2JWE0-11J","jetpack-related-posts":[{"id":5405,"url":"https:\/\/www.24baires.com\/?p=5405","url_meta":{"origin":3951,"position":0},"title":"Sabbatella: \u00abNadie puede tener en una ciudad m\u00e1s de 3 licencias de radio\u00bb","author":"Grupo Sierra","date":"14\/11\/2012","format":false,"excerpt":"El titular de la Afsca, Mart\u00edn Sabbatella, confirm\u00f3 que \"despu\u00e9s del 7 de diciembre comienza el proceso de oficio\". Y detall\u00f3 que el grupo Clar\u00edn \"puede tener 24 y hoy tiene 237 licencias\" de cable.\u00a0\"De esta manera, despu\u00e9s del 7 de diciembre la AFSCA inicia el proceso de transferencia de\u2026","rel":"","context":"En \u00abMedios\u00bb","block_context":{"text":"Medios","link":"https:\/\/www.24baires.com\/?cat=54"},"img":{"alt_text":"","src":"","width":0,"height":0},"classes":[]},{"id":6032,"url":"https:\/\/www.24baires.com\/?p=6032","url_meta":{"origin":3951,"position":1},"title":"Llaman a concurso para 85 licencias de FM en la provincia de Mendoza","author":"Grupo Sierra","date":"19\/11\/2012","format":false,"excerpt":"El titular de la AFSCA, Mart\u00edn Sabbatella, reiter\u00f3 en Mendoza que \"estamos trabajando para que el conjunto de los grupos econ\u00f3micos que est\u00e1n excedidos (en licencias), presenten su plan de adecuaci\u00f3n\". \u00a0Al mismo tiempo el organismo que preside Sabbatella abri\u00f3 un concurso p\u00fablico para la adjudicaci\u00f3n de licencias para la\u00a0prestaci\u00f3n\u00a0del\u2026","rel":"","context":"En \u00abMedios\u00bb","block_context":{"text":"Medios","link":"https:\/\/www.24baires.com\/?cat=54"},"img":{"alt_text":"","src":"https:\/\/i0.wp.com\/www.24baires.com\/wp-content\/uploads\/2012\/11\/sabbatella-mendoza.jpg?resize=350%2C200","width":350,"height":200,"srcset":"https:\/\/i0.wp.com\/www.24baires.com\/wp-content\/uploads\/2012\/11\/sabbatella-mendoza.jpg?resize=350%2C200 1x, https:\/\/i0.wp.com\/www.24baires.com\/wp-content\/uploads\/2012\/11\/sabbatella-mendoza.jpg?resize=525%2C300 1.5x"},"classes":[]},{"id":7722,"url":"https:\/\/www.24baires.com\/?p=7722","url_meta":{"origin":3951,"position":2},"title":"7D: El \u00faltimo plazo para adecuarse es a la medianoche del viernes","author":"Grupo Sierra","date":"03\/12\/2012","format":false,"excerpt":"El titular de la Afsca precis\u00f3 que presentaron su adecuaci\u00f3n a la ley de medios \"14 grupos de los 21 que ten\u00edan que hacerlo\" y reafirm\u00f3 que \"la fecha l\u00edmite\" para \"sigue siendo el 7 de diciembre\".\u00a0 \u00a0 \u00a0 \"Esperamos que en estos d\u00edas se complete y estamos convencidos de\u2026","rel":"","context":"En \u00abMedios\u00bb","block_context":{"text":"Medios","link":"https:\/\/www.24baires.com\/?cat=54"},"img":{"alt_text":"","src":"","width":0,"height":0},"classes":[]},{"id":17513,"url":"https:\/\/www.24baires.com\/?p=17513","url_meta":{"origin":3951,"position":3},"title":"Sabbatella, clar\u00edsimo: \u00abNadie tiene coronita, las reglas son parejas\u00bb","author":"AF","date":"05\/03\/2013","format":false,"excerpt":"El titular de la Autoridad Federal de Servicios de Comunicaci\u00f3n Audiovisual (Afsca), Mart\u00edn Sabbatella, asegur\u00f3 hoy que la venta de medios del grupo Hadad al grupo Indalo, aprobada por ese organismo, \"se ajusta perfectamente a la ley\" porque se enmarca en el plan de adecuaci\u00f3n, e insisti\u00f3 con que \"las\u2026","rel":"","context":"En \u00abMedios\u00bb","block_context":{"text":"Medios","link":"https:\/\/www.24baires.com\/?cat=54"},"img":{"alt_text":"","src":"","width":0,"height":0},"classes":[]},{"id":34725,"url":"https:\/\/www.24baires.com\/?p=34725","url_meta":{"origin":3951,"position":4},"title":"\u00abAfsca a\u00fan no opin\u00f3 sobre el contenido del plan del Grupo Clar\u00edn\u201d","author":"AF","date":"06\/11\/2013","format":false,"excerpt":"El titular de la Autoridad Federal de Servicios de Comunicaci\u00f3n Audiovisual consider\u00f3 \"un paso muy importante\" que \"todos los grupos de medios en Argentina\" hayan presentado ya sus procesos de adecuaci\u00f3n a la ley y aclar\u00f3 que el organismo \"a\u00fan no opin\u00f3 sobre el contenido\" de la propuesta presentada por\u2026","rel":"","context":"En \u00abMedios\u00bb","block_context":{"text":"Medios","link":"https:\/\/www.24baires.com\/?cat=54"},"img":{"alt_text":"afsca cordoba","src":"https:\/\/i0.wp.com\/www.24baires.com\/wp-content\/uploads\/2013\/02\/afsca-cordoba-300x200.jpg?resize=350%2C200","width":350,"height":200},"classes":[]},{"id":5148,"url":"https:\/\/www.24baires.com\/?p=5148","url_meta":{"origin":3951,"position":5},"title":"\u00abEl Estado no viene ni a estatizar ni a expropiar a nadie, lo que viene a hacer es cumplir la ley\u00bb","author":"Grupo Sierra","date":"12\/11\/2012","format":false,"excerpt":"El presidente de la Afsca, Mart\u00edn Sabbatella, asegur\u00f3 que el Estado \"viene a cumplir con la ley\" y \"garantizar el servicio y las fuentes de trabajo del conjunto de los trabajadores\", as\u00ed como tambi\u00e9n \"la libertad de expresi\u00f3n y el derecho a estar informados\". \"El Estado no viene ni a\u2026","rel":"","context":"En \u00abMedios\u00bb","block_context":{"text":"Medios","link":"https:\/\/www.24baires.com\/?cat=54"},"img":{"alt_text":"","src":"","width":0,"height":0},"classes":[]}],"jetpack_sharing_enabled":true,"jetpack_likes_enabled":true,"_links":{"self":[{"href":"https:\/\/www.24baires.com\/index.php?rest_route=\/wp\/v2\/posts\/3951","targetHints":{"allow":["GET"]}}],"collection":[{"href":"https:\/\/www.24baires.com\/index.php?rest_route=\/wp\/v2\/posts"}],"about":[{"href":"https:\/\/www.24baires.com\/index.php?rest_route=\/wp\/v2\/types\/post"}],"author":[{"embeddable":true,"href":"https:\/\/www.24baires.com\/index.php?rest_route=\/wp\/v2\/users\/11"}],"replies":[{"embeddable":true,"href":"https:\/\/www.24baires.com\/index.php?rest_route=%2Fwp%2Fv2%2Fcomments&post=3951"}],"version-history":[{"count":2,"href":"https:\/\/www.24baires.com\/index.php?rest_route=\/wp\/v2\/posts\/3951\/revisions"}],"predecessor-version":[{"id":4090,"href":"https:\/\/www.24baires.com\/index.php?rest_route=\/wp\/v2\/posts\/3951\/revisions\/4090"}],"wp:attachment":[{"href":"https:\/\/www.24baires.com\/index.php?rest_route=%2Fwp%2Fv2%2Fmedia&parent=3951"}],"wp:term":[{"taxonomy":"category","embeddable":true,"href":"https:\/\/www.24baires.com\/index.php?rest_route=%2Fwp%2Fv2%2Fcategories&post=3951"},{"taxonomy":"post_tag","embeddable":true,"href":"https:\/\/www.24baires.com\/index.php?rest_route=%2Fwp%2Fv2%2Ftags&post=3951"}],"curies":[{"name":"wp","href":"https:\/\/api.w.org\/{rel}","templated":true}]}}