{"id":3947,"date":"2012-10-31T11:18:09","date_gmt":"2012-10-31T14:18:09","guid":{"rendered":"http:\/\/www.24baires.com\/?p=3947"},"modified":"2012-10-31T11:28:41","modified_gmt":"2012-10-31T14:28:41","slug":"se-reinician-las-audiencias-por-campo-de-mayo-a-bignone-riveros-y-otros-once","status":"publish","type":"post","link":"https:\/\/www.24baires.com\/?p=3947","title":{"rendered":"Se reinician las audiencias por Campo de Mayo a Bignone, Riveros y otros once represores"},"content":{"rendered":"<p>Las audiencias p\u00fablicas en el nuevo juicio por delitos de lesa humanidad cometidos en Campo de Mayo se retomar\u00e1 este jueves con la ampliaci\u00f3n indagatoria a trece imputados, seg\u00fan informaron allegados a la causa.<!--more--><br \/>\nEl Tribunal Oral en lo Criminal Federal tomar\u00e1 desde las 9.30 declaraci\u00f3n a los imputados que son juzgados por cr\u00edmenes de lesa humanidad contra veinte v\u00edctimas, entre ellas siete embarazadas, en su nueva sede ubicada en Pueyrred\u00f3n 3728, partido de San Mart\u00edn.<\/p>\n<p>Esta ser\u00e1 la \u00faltima audiencia antes del comienzo de los alegatos, previsto para el 13 de noviembre con la acusaci\u00f3n de parte de la querella de Abuelas de Plaza de Mayo.<\/p>\n<p>El sexto juicio por Campo de Mayo, que comenz\u00f3 el 23 de agosto, tiene como imputados adem\u00e1s de Riveros (ex comandante de Institutos Militares), Bignone (ex presidente de facto y segundo de Riveros), a Eugenio Guara\u00f1abens Perell\u00f3, Julio San Rom\u00e1n, Luis Sadi Pepa, Osvaldo Garc\u00eda, Hugo Castagno Monge, Carlos Somoza, Carlos Macedra, Eduardo Corrado, Carlos del Se\u00f1or Garz\u00f3n y Mar\u00eda Francisca Morillo, estos \u00faltimos acusados por apropiaci\u00f3n.<\/p>\n<p>Campo de Mayo fue uno de los mayores centros clandestinos de detenci\u00f3n con 5.000 hect\u00e1reas en el conurbano bonaerense y all\u00ed funcion\u00f3 la maternidad clandestina conocida como \u00abEl Campito\u00bb y tres lugares de alojamiento de secuestrados.<\/p>\n<p>Se calcula que por los tres centros clandestinos que hab\u00eda en el lugar pasaron unas 4.000 v\u00edctimas de las cu\u00e1les sobrevivi\u00f3 solo un diez por ciento.<\/p>\n","protected":false},"excerpt":{"rendered":"<p>Las audiencias p\u00fablicas en el nuevo juicio por delitos de lesa humanidad cometidos en Campo de Mayo se retomar\u00e1 este jueves con la ampliaci\u00f3n indagatoria a trece imputados, seg\u00fan informaron allegados a la causa.<\/p>\n","protected":false},"author":4,"featured_media":0,"comment_status":"open","ping_status":"open","sticky":false,"template":"","format":"standard","meta":{"_jetpack_newsletter_access":"","_jetpack_dont_email_post_to_subs":false,"_jetpack_newsletter_tier_id":0,"_jetpack_memberships_contains_paywalled_content":false,"_jetpack_memberships_contains_paid_content":false,"footnotes":""},"categories":[50],"tags":[],"class_list":["post-3947","post","type-post","status-publish","format-standard","hentry","category-memoria"],"jetpack_featured_media_url":"","jetpack_shortlink":"https:\/\/wp.me\/p2JWE0-11F","jetpack-related-posts":[{"id":16558,"url":"https:\/\/www.24baires.com\/?p=16558","url_meta":{"origin":3947,"position":0},"title":"Comienza la etapa final del Juicio por delitos de Lesa Humanidad cometidos en Campo de Mayo","author":"AF","date":"23\/02\/2013","format":false,"excerpt":"El pr\u00f3ximo 7 de marzo el Tribunal Oral en lo Criminal Federal N\u00b0 1 de San Mart\u00edn dar\u00e1 a los acusados la posibilidad de expresar sus \u00faltimas palabras, antes de la sentencia. Entre los imputados se encuentran Reynaldo Bignone y Santiago Omar Riveros. El Tribunal Oral Federal N\u00ba 1 de\u2026","rel":"","context":"En \u00abMemoria\u00bb","block_context":{"text":"Memoria","link":"https:\/\/www.24baires.com\/?cat=50"},"img":{"alt_text":"","src":"","width":0,"height":0},"classes":[]},{"id":107850,"url":"https:\/\/www.24baires.com\/?p=107850","url_meta":{"origin":3947,"position":1},"title":"Comienza juicio por delitos de lesa humanidad en San Mart\u00edn","author":"AF","date":"26\/04\/2019","format":false,"excerpt":"Veintid\u00f3s represores, varios de ellos del Ej\u00e9rcito, la Polic\u00eda Federal y Gendarmer\u00eda Nacional, ser\u00e1n juzgados a partir del pr\u00f3ximo lunes por un tribunal federal de San Mart\u00edn por cr\u00edmenes de lesa humanidad cometidos contra 323 v\u00edctimas entre 1976 y 1977, en el centro clandestino de detenci\u00f3n de la \u00faltima dictadura\u2026","rel":"","context":"En \u00abMemoria\u00bb","block_context":{"text":"Memoria","link":"https:\/\/www.24baires.com\/?cat=50"},"img":{"alt_text":"","src":"https:\/\/i0.wp.com\/www.24baires.com\/wp-content\/uploads\/2013\/04\/nunca-m%C3%A1s-perfil.jpg?resize=350%2C200","width":350,"height":200,"srcset":"https:\/\/i0.wp.com\/www.24baires.com\/wp-content\/uploads\/2013\/04\/nunca-m%C3%A1s-perfil.jpg?resize=350%2C200 1x, https:\/\/i0.wp.com\/www.24baires.com\/wp-content\/uploads\/2013\/04\/nunca-m%C3%A1s-perfil.jpg?resize=525%2C300 1.5x"},"classes":[]},{"id":35039,"url":"https:\/\/www.24baires.com\/?p=35039","url_meta":{"origin":3947,"position":2},"title":"Comenzaron los alegatos en el juicio de Campo de Mayo","author":"AF","date":"12\/11\/2013","format":false,"excerpt":"El Tribunal Oral Federal 1 de San Mart\u00edn comenz\u00f3 hoy las audiencias de alegatos en el noveno juicio oral y p\u00fablico por delitos de lesa humanidad cometidos durante el terrorismo de Estado en jurisdicci\u00f3n de Campo de Mayo. En el debate que comenz\u00f3 el 17 de octubre pasado se investiga\u2026","rel":"","context":"En \u00abMemoria\u00bb","block_context":{"text":"Memoria","link":"https:\/\/www.24baires.com\/?cat=50"},"img":{"alt_text":"juicio lesa humanidad","src":"https:\/\/i0.wp.com\/www.24baires.com\/wp-content\/uploads\/2012\/11\/juicio-lesa-humanidad.jpg?resize=350%2C200","width":350,"height":200,"srcset":"https:\/\/i0.wp.com\/www.24baires.com\/wp-content\/uploads\/2012\/11\/juicio-lesa-humanidad.jpg?resize=350%2C200 1x, https:\/\/i0.wp.com\/www.24baires.com\/wp-content\/uploads\/2012\/11\/juicio-lesa-humanidad.jpg?resize=525%2C300 1.5x"},"classes":[]},{"id":93105,"url":"https:\/\/www.24baires.com\/?p=93105","url_meta":{"origin":3947,"position":3},"title":"Condenaron a perpetua a Bignone y a Riveros por cr\u00edmenes de lesa humanidad","author":"AF","date":"16\/03\/2017","format":false,"excerpt":"La Justicia conden\u00f3 a prisi\u00f3n perpetua al \u00faltimo presidente de facto Reynaldo Bignone y al tambi\u00e9n represor Santiago Omar Riveros por cr\u00edmenes de lesa humanidad cometidos en el Colegio Militar de la Naci\u00f3n y de los que fueran v\u00edctimas conscriptos que estaban realizando el servicio militar obligatorio entre 1976 y\u2026","rel":"","context":"En \u00abJUDICIALES\u00bb","block_context":{"text":"JUDICIALES","link":"https:\/\/www.24baires.com\/?cat=68"},"img":{"alt_text":"","src":"https:\/\/i0.wp.com\/www.24baires.com\/wp-content\/uploads\/2014\/06\/Bignone.jpg?resize=350%2C200","width":350,"height":200,"srcset":"https:\/\/i0.wp.com\/www.24baires.com\/wp-content\/uploads\/2014\/06\/Bignone.jpg?resize=350%2C200 1x, https:\/\/i0.wp.com\/www.24baires.com\/wp-content\/uploads\/2014\/06\/Bignone.jpg?resize=525%2C300 1.5x"},"classes":[]},{"id":17561,"url":"https:\/\/www.24baires.com\/?p=17561","url_meta":{"origin":3947,"position":4},"title":"Plan C\u00f3ndor: comenz\u00f3 el Juicio por los cr\u00edmenes de Lesa Humanidad","author":"AF","date":"05\/03\/2013","format":false,"excerpt":"El Tribunal Oral en lo Federal (TOF) 1 dio inicio al juicio por cr\u00edmenes de lesa humanidad cometidos en el marco del Plan C\u00f3ndor, tal como se denomin\u00f3 al acuerdo de dictaduras sudamericanas para perseguir a opositores fuera de sus pa\u00edses. Ser\u00e1n juzgados los ex dictadores Jorge Rafael Videla y\u2026","rel":"","context":"En \u00abMemoria\u00bb","block_context":{"text":"Memoria","link":"https:\/\/www.24baires.com\/?cat=50"},"img":{"alt_text":"","src":"","width":0,"height":0},"classes":[]},{"id":21042,"url":"https:\/\/www.24baires.com\/?p=21042","url_meta":{"origin":3947,"position":5},"title":"Empez\u00f3 un nuevo Juicio por delitos de Lesa Humanidad en Campo de Mayo","author":"AF","date":"15\/04\/2013","format":false,"excerpt":"El Tribunal Oral Federal 5 de San Mart\u00edn comenz\u00f3 a juzgar al represor Santiago Omar Riveros y otros tres imputados por delitos cometidos en perjuicio de 31 v\u00edctimas. Todos los casos se vinculan a secuestros en la zona de Z\u00e1rate, Campana y Escobar. El Tribunal Oral Federal 5 de San\u2026","rel":"","context":"En \u00abMemoria\u00bb","block_context":{"text":"Memoria","link":"https:\/\/www.24baires.com\/?cat=50"},"img":{"alt_text":"tof 5","src":"https:\/\/i0.wp.com\/www.24baires.com\/wp-content\/uploads\/2013\/04\/tof-5.jpg?resize=350%2C200","width":350,"height":200},"classes":[]}],"jetpack_sharing_enabled":true,"jetpack_likes_enabled":true,"_links":{"self":[{"href":"https:\/\/www.24baires.com\/index.php?rest_route=\/wp\/v2\/posts\/3947","targetHints":{"allow":["GET"]}}],"collection":[{"href":"https:\/\/www.24baires.com\/index.php?rest_route=\/wp\/v2\/posts"}],"about":[{"href":"https:\/\/www.24baires.com\/index.php?rest_route=\/wp\/v2\/types\/post"}],"author":[{"embeddable":true,"href":"https:\/\/www.24baires.com\/index.php?rest_route=\/wp\/v2\/users\/4"}],"replies":[{"embeddable":true,"href":"https:\/\/www.24baires.com\/index.php?rest_route=%2Fwp%2Fv2%2Fcomments&post=3947"}],"version-history":[{"count":3,"href":"https:\/\/www.24baires.com\/index.php?rest_route=\/wp\/v2\/posts\/3947\/revisions"}],"predecessor-version":[{"id":3950,"href":"https:\/\/www.24baires.com\/index.php?rest_route=\/wp\/v2\/posts\/3947\/revisions\/3950"}],"wp:attachment":[{"href":"https:\/\/www.24baires.com\/index.php?rest_route=%2Fwp%2Fv2%2Fmedia&parent=3947"}],"wp:term":[{"taxonomy":"category","embeddable":true,"href":"https:\/\/www.24baires.com\/index.php?rest_route=%2Fwp%2Fv2%2Fcategories&post=3947"},{"taxonomy":"post_tag","embeddable":true,"href":"https:\/\/www.24baires.com\/index.php?rest_route=%2Fwp%2Fv2%2Ftags&post=3947"}],"curies":[{"name":"wp","href":"https:\/\/api.w.org\/{rel}","templated":true}]}}