{"id":39418,"date":"2014-01-29T09:15:08","date_gmt":"2014-01-29T12:15:08","guid":{"rendered":"http:\/\/www.24baires.com\/?p=39418"},"modified":"2014-01-29T09:14:12","modified_gmt":"2014-01-29T12:14:12","slug":"los-diputados-pro-shell","status":"publish","type":"post","link":"https:\/\/www.24baires.com\/?p=39418","title":{"rendered":"Los diputados PRO-Shell"},"content":{"rendered":"<p><img data-recalc-dims=\"1\" loading=\"lazy\" decoding=\"async\" class=\"aligncenter size-full wp-image-39419\" alt=\"shell\" src=\"https:\/\/i0.wp.com\/www.24baires.com\/wp-content\/uploads\/2014\/01\/shell.jpg?resize=560%2C314\" width=\"560\" height=\"314\" srcset=\"https:\/\/i0.wp.com\/www.24baires.com\/wp-content\/uploads\/2014\/01\/shell.jpg?w=560&amp;ssl=1 560w, https:\/\/i0.wp.com\/www.24baires.com\/wp-content\/uploads\/2014\/01\/shell.jpg?resize=300%2C168&amp;ssl=1 300w\" sizes=\"auto, (max-width: 560px) 100vw, 560px\" \/>\u201cCon gran preocupaci\u00f3n hemos tomado conocimiento de las declaraciones de funcionarios del Gobierno nacional acusando p\u00fablicamente a la petrolera anglo-holandesa de intentar desestabilizar la cotizaci\u00f3n de la divisa estadounidense al llevar adelante una maniobra de compra de la moneda por arriba de ocho pesos, cuando la cotizaci\u00f3n era menor\u201d, suscriben los diputados nacionales del PRO Patricia Bullrich, Federico Sturzenegger, H\u00e9ctor Baldassi y Cornelia Schmidt-Liermann, quienes presentaron una especie de proyecto para solidarizarse con el titular de la petrolera Shell, Jorge Aranguren, quien fuera se\u00f1alado por funcionarios del gobierno nacional por haber operado el jueves pasado para que el precio del d\u00f3lar se disparara.<!--more--><\/p>\n<p>No vamos a caer en un abuso de la inocencia al creer que estos diputados desconocen las maniobras que las grandes empresas multinacionales aplicaron y aplican en pa\u00edses como el nuestro. Pero no, para nada, las conocen de primera mano. De hecho son algunos de ellos quienes muchas veces les han facilitado ese proceder y han tapado ese accionar obviamente desestabilizador con mentirosas diatribas sobre la libertad de expresi\u00f3n, -que evidentemente profesan-, y \u201cel agravio, la persecuci\u00f3n ideol\u00f3gica\u201d de la que es sujeto, seg\u00fan estos legisladores macristas, Aranguren.<\/p>\n<p>El texto de este proyecto de Resoluci\u00f3n, que deber\u00e1 esperar a que termine el receso en el que el Congreso se encuentra para ser tratado, sostiene una defensa irrestricta a la causa infame de quien representa los intereses econ\u00f3micos, siempre econ\u00f3micos, de la multinacional Shell.<\/p>\n<p>Fidel Castro, un se\u00f1or que de esto sabe bastante, dijo que \u201cEl neoliberalismo no es una teor\u00eda de desarrollo, el neoliberalismo es la teor\u00eda del saqueo total de nuestros pueblos\u201d, pero si son gustosos citemos a San Mart\u00edn, ya que de seguro no ser\u00e1 censurada su opini\u00f3n como suele pasar con la del genial luchador cubano. Don Jos\u00e9 dijo y sostuvo a sable y sangre que: \u201cA aquellos argentinos que por un indigno esp\u00edritu de partido se unan al extranjero para humillar su patria y reducirla a una condici\u00f3n peor que la que sufr\u00edamos en tiempos de la dominaci\u00f3n espa\u00f1ola; esa felon\u00eda, ni el sepulcro la puede hacer desaparecer\u201d.<\/p>\n<p>Y es por plata, y poder y el poder que da la plata, que compra todo, menos las cosas importantes. Y si alguien atina a llamar esto ideolog\u00eda, los remito a las l\u00edneas de Fidel: el neoliberalismo, esa m\u00e1quina come pobres a la que nos han subyugado durante a\u00f1os, no es ideolog\u00eda, es especulaci\u00f3n, es saqueo, es sembrar ignorancia para cosechar d\u00f3ciles, es plantar \u00e1rboles de miseria, para obtener sus frutos desgarradores y devorarlos con premura en la cima del monte Cipayo.<\/p>\n<p>Entonces, defender al hombre que motoriz\u00f3 el aumento del d\u00f3lar al comprar millones pag\u00e1ndolo a los bancos m\u00e1s que el precio oficial, en el momento que el gobierno trataba de controlar su precio, en momento en que el gobierno despliega medidas como el cuidado de los precios de los alimentos que van a tu mesa, como dijo Don Jos\u00e9, ni la tumba podr\u00e1 hacer desaparecer la ignominia de este pu\u00f1ado de terroristas que atentan contra la patria.<\/p>\n","protected":false},"excerpt":{"rendered":"<p>\u201cCon gran preocupaci\u00f3n hemos tomado conocimiento de las declaraciones de funcionarios del Gobierno nacional acusando p\u00fablicamente a la petrolera anglo-holandesa de intentar desestabilizar la cotizaci\u00f3n de la divisa estadounidense al llevar adelante una maniobra de compra de la moneda por arriba de ocho pesos, cuando la cotizaci\u00f3n era menor\u201d, suscriben los diputados nacionales del PRO Patricia Bullrich, Federico Sturzenegger, H\u00e9ctor [&#8230;]<\/p>\n","protected":false},"author":11,"featured_media":0,"comment_status":"open","ping_status":"open","sticky":false,"template":"","format":"standard","meta":{"_jetpack_newsletter_access":"","_jetpack_dont_email_post_to_subs":false,"_jetpack_newsletter_tier_id":0,"_jetpack_memberships_contains_paywalled_content":false,"_jetpack_memberships_contains_paid_content":false,"footnotes":""},"categories":[64],"tags":[],"class_list":["post-39418","post","type-post","status-publish","format-standard","hentry","category-opinion"],"jetpack_featured_media_url":"","jetpack_shortlink":"https:\/\/wp.me\/p2JWE0-afM","jetpack-related-posts":[{"id":113287,"url":"https:\/\/www.24baires.com\/?p=113287","url_meta":{"origin":39418,"position":0},"title":"Procesan a Juan Jos\u00e9 Aranguren y Laura Alonso por beneficiar a Shell","author":"AF","date":"06\/12\/2019","format":false,"excerpt":"Los funcionarios macristas fueron procesados por negociaciones incompatibles y encubrimiento. El ex ministro de Energ\u00eda Juan Jos\u00e9 Aranguren y la titular de la Oficina Anticurrupci\u00f3n, Laura Alonso fueron procesados este viernes por el juez Luis Rodriguez, quien entiende que mientras el ex funcionario beneficio a la petrolera Shell- de la\u2026","rel":"","context":"En \u00abJUDICIALES\u00bb","block_context":{"text":"JUDICIALES","link":"https:\/\/www.24baires.com\/?cat=68"},"img":{"alt_text":"","src":"https:\/\/i0.wp.com\/www.24baires.com\/wp-content\/uploads\/2016\/07\/laurita-alonso.jpg?resize=350%2C200","width":350,"height":200,"srcset":"https:\/\/i0.wp.com\/www.24baires.com\/wp-content\/uploads\/2016\/07\/laurita-alonso.jpg?resize=350%2C200 1x, https:\/\/i0.wp.com\/www.24baires.com\/wp-content\/uploads\/2016\/07\/laurita-alonso.jpg?resize=525%2C300 1.5x"},"classes":[]},{"id":105817,"url":"https:\/\/www.24baires.com\/?p=105817","url_meta":{"origin":39418,"position":1},"title":"El Gobierno orden\u00f3 frenar un proyecto que pod\u00eda encarecer las naftas en provincia","author":"GB","date":"08\/12\/2018","format":false,"excerpt":"El Gobierno bonaerense orden\u00f3 frenar un proyecto de ley aprobado esta semana en la C\u00e1mara de Diputados, que en caso de prosperar pod\u00eda encarecer las naftas en la provincia al crear un nuevo impuesto sobre las petroleras y comercializadoras mayoristas. Seg\u00fan confirmaron a DIB fuentes del Ejecutivo bonaerense, el oficialismo\u2026","rel":"","context":"En \u00abPol\u00edtica\u00bb","block_context":{"text":"Pol\u00edtica","link":"https:\/\/www.24baires.com\/?cat=51"},"img":{"alt_text":"","src":"https:\/\/i0.wp.com\/www.24baires.com\/wp-content\/uploads\/2013\/02\/surtidor-nafta.jpg?resize=350%2C200","width":350,"height":200,"srcset":"https:\/\/i0.wp.com\/www.24baires.com\/wp-content\/uploads\/2013\/02\/surtidor-nafta.jpg?resize=350%2C200 1x, https:\/\/i0.wp.com\/www.24baires.com\/wp-content\/uploads\/2013\/02\/surtidor-nafta.jpg?resize=525%2C300 1.5x"},"classes":[]},{"id":87514,"url":"https:\/\/www.24baires.com\/?p=87514","url_meta":{"origin":39418,"position":2},"title":"Aranguren lament\u00f3 haber perdido dinero tras vender sus acciones de Shell","author":"AF","date":"14\/09\/2016","format":false,"excerpt":"El ministro de Energ\u00eda habl\u00f3 sobre el desprendimiento de sus activos y no pudo evitar su descontento, ya que a causa del precio del crudo el funcionario tuvo perdidas econ\u00f3micas. El ministro de Energ\u00eda, Juan Jos\u00e9 Aranguren, confirm\u00f3 la venta de sus acciones en la petrolera Shell, pero asegur\u00f3 que\u2026","rel":"","context":"En \u00abPol\u00edtica\u00bb","block_context":{"text":"Pol\u00edtica","link":"https:\/\/www.24baires.com\/?cat=51"},"img":{"alt_text":"aranguren","src":"https:\/\/i0.wp.com\/www.24baires.com\/wp-content\/uploads\/2015\/12\/aranguen.jpg?resize=350%2C200","width":350,"height":200,"srcset":"https:\/\/i0.wp.com\/www.24baires.com\/wp-content\/uploads\/2015\/12\/aranguen.jpg?resize=350%2C200 1x, https:\/\/i0.wp.com\/www.24baires.com\/wp-content\/uploads\/2015\/12\/aranguen.jpg?resize=525%2C300 1.5x"},"classes":[]},{"id":39111,"url":"https:\/\/www.24baires.com\/?p=39111","url_meta":{"origin":39418,"position":3},"title":"Una oferta de compra hecha por Shell fue la causante de la suba del d\u00f3lar","author":"GB","date":"23\/01\/2014","format":false,"excerpt":"La cotizaci\u00f3n de 8,40 pesos que lleg\u00f3 a tocar el d\u00f3lar en el mercado mayorista, se dio a partir de una oferta de compra realizada por la empresa petrolera Shell, presidida por Juan Jos\u00e9 Aranguren. El pedido de d\u00f3lares fue realizado al banco HBSC minutos despu\u00e9s de la media rueda\u2026","rel":"","context":"En \u00abEconom\u00eda\u00bb","block_context":{"text":"Econom\u00eda","link":"https:\/\/www.24baires.com\/?cat=45"},"img":{"alt_text":"Aranguren","src":"https:\/\/i0.wp.com\/www.24baires.com\/wp-content\/uploads\/2014\/01\/Aranguren.jpg?resize=350%2C200","width":350,"height":200,"srcset":"https:\/\/i0.wp.com\/www.24baires.com\/wp-content\/uploads\/2014\/01\/Aranguren.jpg?resize=350%2C200 1x, https:\/\/i0.wp.com\/www.24baires.com\/wp-content\/uploads\/2014\/01\/Aranguren.jpg?resize=525%2C300 1.5x"},"classes":[]},{"id":104713,"url":"https:\/\/www.24baires.com\/?p=104713","url_meta":{"origin":39418,"position":4},"title":"YPF y Shell tambi\u00e9n aumentaron los precios de los combustibles hasta 10%","author":"GB","date":"01\/10\/2018","format":false,"excerpt":"En l\u00ednea con los aumentos de YPF y Axion, los combustibles de Shell para las estaciones de servicio de CABA mostraran estos los precios de referencia en los surtidores a partir de este lunes: VPN $ 43,99; S\u00faper $ 37,97; VPD $ 39,99; y FD $ 34,39. Las estaciones de\u2026","rel":"","context":"En \u00abConsumidores\u00bb","block_context":{"text":"Consumidores","link":"https:\/\/www.24baires.com\/?cat=78"},"img":{"alt_text":"","src":"https:\/\/i0.wp.com\/www.24baires.com\/wp-content\/uploads\/2013\/02\/surtidor-nafta.jpg?resize=350%2C200","width":350,"height":200,"srcset":"https:\/\/i0.wp.com\/www.24baires.com\/wp-content\/uploads\/2013\/02\/surtidor-nafta.jpg?resize=350%2C200 1x, https:\/\/i0.wp.com\/www.24baires.com\/wp-content\/uploads\/2013\/02\/surtidor-nafta.jpg?resize=525%2C300 1.5x"},"classes":[]},{"id":98602,"url":"https:\/\/www.24baires.com\/?p=98602","url_meta":{"origin":39418,"position":5},"title":"Adem\u00e1s de Caputo, Aranguren tambi\u00e9n est\u00e1 involucrado en los Paradise Papers","author":"AF","date":"07\/11\/2017","format":false,"excerpt":"Seg\u00fan la nueva revelaci\u00f3n del Consorcio Internacional de Periodistas de Investigaci\u00f3n, el ministro de Energ\u00eda fue director de una sociedad offshore radicada en Barbados que se benefici\u00f3 con m\u00e1s de 150 millones de d\u00f3lares por la compra de gasoil por parte del Estado argentino en los \u00faltimos dos a\u00f1os. Otro\u2026","rel":"","context":"En \u00abPol\u00edtica\u00bb","block_context":{"text":"Pol\u00edtica","link":"https:\/\/www.24baires.com\/?cat=51"},"img":{"alt_text":"","src":"https:\/\/i0.wp.com\/www.24baires.com\/wp-content\/uploads\/2016\/09\/aranguren.jpg?resize=350%2C200","width":350,"height":200,"srcset":"https:\/\/i0.wp.com\/www.24baires.com\/wp-content\/uploads\/2016\/09\/aranguren.jpg?resize=350%2C200 1x, https:\/\/i0.wp.com\/www.24baires.com\/wp-content\/uploads\/2016\/09\/aranguren.jpg?resize=525%2C300 1.5x"},"classes":[]}],"jetpack_sharing_enabled":true,"jetpack_likes_enabled":true,"_links":{"self":[{"href":"https:\/\/www.24baires.com\/index.php?rest_route=\/wp\/v2\/posts\/39418","targetHints":{"allow":["GET"]}}],"collection":[{"href":"https:\/\/www.24baires.com\/index.php?rest_route=\/wp\/v2\/posts"}],"about":[{"href":"https:\/\/www.24baires.com\/index.php?rest_route=\/wp\/v2\/types\/post"}],"author":[{"embeddable":true,"href":"https:\/\/www.24baires.com\/index.php?rest_route=\/wp\/v2\/users\/11"}],"replies":[{"embeddable":true,"href":"https:\/\/www.24baires.com\/index.php?rest_route=%2Fwp%2Fv2%2Fcomments&post=39418"}],"version-history":[{"count":1,"href":"https:\/\/www.24baires.com\/index.php?rest_route=\/wp\/v2\/posts\/39418\/revisions"}],"predecessor-version":[{"id":39420,"href":"https:\/\/www.24baires.com\/index.php?rest_route=\/wp\/v2\/posts\/39418\/revisions\/39420"}],"wp:attachment":[{"href":"https:\/\/www.24baires.com\/index.php?rest_route=%2Fwp%2Fv2%2Fmedia&parent=39418"}],"wp:term":[{"taxonomy":"category","embeddable":true,"href":"https:\/\/www.24baires.com\/index.php?rest_route=%2Fwp%2Fv2%2Fcategories&post=39418"},{"taxonomy":"post_tag","embeddable":true,"href":"https:\/\/www.24baires.com\/index.php?rest_route=%2Fwp%2Fv2%2Ftags&post=39418"}],"curies":[{"name":"wp","href":"https:\/\/api.w.org\/{rel}","templated":true}]}}