{"id":3941,"date":"2012-10-31T10:55:22","date_gmt":"2012-10-31T13:55:22","guid":{"rendered":"http:\/\/www.24baires.com\/?p=3941"},"modified":"2012-10-31T10:55:22","modified_gmt":"2012-10-31T13:55:22","slug":"necochea-se-quedo-sin-vuelos-a-capital","status":"publish","type":"post","link":"https:\/\/www.24baires.com\/?p=3941","title":{"rendered":"Necochea se qued\u00f3 sin vuelos a Capital"},"content":{"rendered":"<p><img data-recalc-dims=\"1\" loading=\"lazy\" decoding=\"async\" class=\"alignleft size-medium wp-image-3942\" title=\"vuelo n\" src=\"https:\/\/i0.wp.com\/www.24baires.com\/wp-content\/uploads\/2012\/10\/vuelo-n.jpg?resize=300%2C156\" alt=\"\" width=\"300\" height=\"156\" srcset=\"https:\/\/i0.wp.com\/www.24baires.com\/wp-content\/uploads\/2012\/10\/vuelo-n.jpg?resize=300%2C156&amp;ssl=1 300w, https:\/\/i0.wp.com\/www.24baires.com\/wp-content\/uploads\/2012\/10\/vuelo-n.jpg?w=500&amp;ssl=1 500w\" sizes=\"auto, (max-width: 300px) 100vw, 300px\" \/>En forma sorpresiva, ya que no hubo informaci\u00f3n oficial al respecto, la empresa L\u00edneas A\u00e9reas Entre R\u00edos (LAER) levant\u00f3 ayer el servicio que ven\u00eda brindando entre Necochea y la Ciudad Aut\u00f3noma de Buenos Aires.<!--more--><\/p>\n<p>Seg\u00fan los trascendidos, la medida fue tomada en virtud de la escasez de pasajeros que ven\u00edan embarcando en los aviones de 19 plazas, que ten\u00edan dos frecuencias semanales entre el aer\u00f3dromo necochense y el aeroparque metropolitano.<\/p>\n<p>El jefe del aer\u00f3dromo, Alfredo Coronel, confirm\u00f3 el no arribo del vuelo previsto para ayer, a la vez que se mostr\u00f3 sumamente indignado por no haber recibido comunicaci\u00f3n alguna sobre la finalizaci\u00f3n del servicio, tanto desde la empresa como de la comuna o el Consorcio.<\/p>\n<p>De hecho Coronel tuvo que llamar a Bomberos para que no enviaran el autobomba, que acud\u00eda a cada llegada o partida de los aviones, as\u00ed como tambi\u00e9n al Hospital, que enviaba una ambulancia. En ambas reparticiones tampoco nadie hab\u00eda sido informado sobre la suspensi\u00f3n de los vuelos.<\/p>\n","protected":false},"excerpt":{"rendered":"<p>En forma sorpresiva, ya que no hubo informaci\u00f3n oficial al respecto, la empresa L\u00edneas A\u00e9reas Entre R\u00edos (LAER) levant\u00f3 ayer el servicio que ven\u00eda brindando entre Necochea y la Ciudad Aut\u00f3noma de Buenos Aires.<\/p>\n","protected":false},"author":4,"featured_media":0,"comment_status":"open","ping_status":"open","sticky":false,"template":"","format":"standard","meta":{"_jetpack_newsletter_access":"","_jetpack_dont_email_post_to_subs":false,"_jetpack_newsletter_tier_id":0,"_jetpack_memberships_contains_paywalled_content":false,"_jetpack_memberships_contains_paid_content":false,"footnotes":""},"categories":[38],"tags":[],"class_list":["post-3941","post","type-post","status-publish","format-standard","hentry","category-locales"],"jetpack_featured_media_url":"","jetpack_shortlink":"https:\/\/wp.me\/p2JWE0-11z","jetpack-related-posts":[{"id":100079,"url":"https:\/\/www.24baires.com\/?p=100079","url_meta":{"origin":3941,"position":0},"title":"El Aer\u00f3dromo de Jun\u00edn tambi\u00e9n podr\u00eda ser utilizado para vuelos low cost","author":"GB","date":"22\/01\/2018","format":false,"excerpt":"En el marco del conflicto generado por la instalaci\u00f3n de un aeropuerto en El Palomar, ahora surgi\u00f3 la posibilidad de establecer otra estaci\u00f3n a\u00e9rea en la provincia de Buenos Aires. Al conflicto generado hace meses en El Palomar por la decisi\u00f3n del gobierno nacional de instalar un aeropuerto para el\u2026","rel":"","context":"En \u00abMunicipios\u00bb","block_context":{"text":"Municipios","link":"https:\/\/www.24baires.com\/?cat=44"},"img":{"alt_text":"","src":"","width":0,"height":0},"classes":[]},{"id":17646,"url":"https:\/\/www.24baires.com\/?p=17646","url_meta":{"origin":3941,"position":1},"title":"El aer\u00f3dromo de General Rodr\u00edguez ser\u00e1 sede del mayor festival a\u00e9reo del pa\u00eds","author":"AF","date":"06\/03\/2013","format":false,"excerpt":"El aer\u00f3dromo Ildeonso Durana est\u00e1 ubicado a pocos kil\u00f3metros de la ciudad de General Rodr\u00edguez. Desde su pista de pasto despegan diariamente los aviones experimentales de los fan\u00e1ticos de la aviaci\u00f3n de la regi\u00f3n. Se trata, en su mayor\u00eda, de aviones construidos por sus propios due\u00f1os. Armados a partir de\u2026","rel":"","context":"En \u00abLocales\u00bb","block_context":{"text":"Locales","link":"https:\/\/www.24baires.com\/?cat=38"},"img":{"alt_text":"aviones expo","src":"https:\/\/i0.wp.com\/www.24baires.com\/wp-content\/uploads\/2013\/03\/aviones-expo.jpg?resize=350%2C200","width":350,"height":200,"srcset":"https:\/\/i0.wp.com\/www.24baires.com\/wp-content\/uploads\/2013\/03\/aviones-expo.jpg?resize=350%2C200 1x, https:\/\/i0.wp.com\/www.24baires.com\/wp-content\/uploads\/2013\/03\/aviones-expo.jpg?resize=525%2C300 1.5x"},"classes":[]},{"id":53736,"url":"https:\/\/www.24baires.com\/?p=53736","url_meta":{"origin":3941,"position":2},"title":"Muri\u00f3 el piloto de la avioneta que cay\u00f3 ayer en General Villegas","author":"GB","date":"16\/09\/2014","format":false,"excerpt":"El instructor de vuelo falleci\u00f3 hoy por las grave quemaduras, mientras que el otro herido permanece internado con \u201cel 40% del cuerpo quemado y asistencia respiratoria\u201d, de acuerdo al parte m\u00e9dico. La v\u00edctima fatal fue identificada como Jorge Irastorza, de 40 a\u00f1os, y estaba en un estado grave de salud\u2026","rel":"","context":"En \u00abSociedad\u00bb","block_context":{"text":"Sociedad","link":"https:\/\/www.24baires.com\/?cat=1"},"img":{"alt_text":"avioneta gral villegas","src":"https:\/\/i0.wp.com\/www.24baires.com\/wp-content\/uploads\/2014\/09\/avioneta-gral-villegas.jpg?resize=350%2C200","width":350,"height":200,"srcset":"https:\/\/i0.wp.com\/www.24baires.com\/wp-content\/uploads\/2014\/09\/avioneta-gral-villegas.jpg?resize=350%2C200 1x, https:\/\/i0.wp.com\/www.24baires.com\/wp-content\/uploads\/2014\/09\/avioneta-gral-villegas.jpg?resize=525%2C300 1.5x"},"classes":[]},{"id":79875,"url":"https:\/\/www.24baires.com\/?p=79875","url_meta":{"origin":3941,"position":3},"title":"Tres muertos y un herido tras chocar dos avionetas en General Rodr\u00edguez","author":"GB","date":"08\/03\/2016","format":false,"excerpt":"Dos avionetas colisionaron en pleno vuelo y, seg\u00fan inform\u00f3 C5N, tres personas perdieron la vida y una cuarta persona result\u00f3 herida. Tres dotaciones de bomberos trabajan en el lugar. Cerca del lugar hay un aer\u00f3dromo donde se realizan cursos de vuelo. Las victimas ser\u00edan dos instructores y dos alumnos. Dos\u2026","rel":"","context":"En \u00abSociedad\u00bb","block_context":{"text":"Sociedad","link":"https:\/\/www.24baires.com\/?cat=1"},"img":{"alt_text":"","src":"","width":0,"height":0},"classes":[]},{"id":16968,"url":"https:\/\/www.24baires.com\/?p=16968","url_meta":{"origin":3941,"position":4},"title":"Se estrell\u00f3 un Cessna contra un \u00e1rbol en el aer\u00f3dromo de Olavarr\u00eda: un herido leve","author":"AF","date":"28\/02\/2013","format":false,"excerpt":"El siniestro ocurri\u00f3 cerca de las 16 del mi\u00e9rcoles en el aer\u00f3dromo de Olavarr\u00eda, cuando al avi\u00f3n Cessna, que pertenece al ingeniero Arturo Versecci, lo estaban poniendo en marcha con alimentaci\u00f3n de bater\u00eda externa y por un error termin\u00f3 estrell\u00e1ndose sin piloto y a gran velocidad contra los \u00e1rboles. El\u2026","rel":"","context":"En \u00abLocales\u00bb","block_context":{"text":"Locales","link":"https:\/\/www.24baires.com\/?cat=38"},"img":{"alt_text":"avi\u00f3n1","src":"https:\/\/i0.wp.com\/www.24baires.com\/wp-content\/uploads\/2013\/02\/avi%C3%B3n1.jpg?resize=350%2C200","width":350,"height":200,"srcset":"https:\/\/i0.wp.com\/www.24baires.com\/wp-content\/uploads\/2013\/02\/avi%C3%B3n1.jpg?resize=350%2C200 1x, https:\/\/i0.wp.com\/www.24baires.com\/wp-content\/uploads\/2013\/02\/avi%C3%B3n1.jpg?resize=525%2C300 1.5x"},"classes":[]},{"id":4472,"url":"https:\/\/www.24baires.com\/?p=4472","url_meta":{"origin":3941,"position":5},"title":"El aer\u00f3dromo de Pehuaj\u00f3 qued\u00f3 bajo el agua tras romperse muro de contenci\u00f3n","author":"AF","date":"05\/11\/2012","format":false,"excerpt":"El avance del agua fue insostenible para el terrapl\u00e9n que oficiaba de contenci\u00f3n en cercan\u00eda al Aer\u00f3dromo Pedro Zanni de Pehuaj\u00f3. En horas de la ma\u00f1ana del domingo, la masa de agua logr\u00f3 romper el talud de tierra y de esa forma comenz\u00f3 a ganar terreno. En primer lugar, los\u2026","rel":"","context":"En \u00abLocales\u00bb","block_context":{"text":"Locales","link":"https:\/\/www.24baires.com\/?cat=38"},"img":{"alt_text":"","src":"https:\/\/i0.wp.com\/www.24baires.com\/wp-content\/uploads\/2012\/11\/pehuaj%C3%B3-aer%C3%B3dromo.jpg?resize=350%2C200","width":350,"height":200},"classes":[]}],"jetpack_sharing_enabled":true,"jetpack_likes_enabled":true,"_links":{"self":[{"href":"https:\/\/www.24baires.com\/index.php?rest_route=\/wp\/v2\/posts\/3941","targetHints":{"allow":["GET"]}}],"collection":[{"href":"https:\/\/www.24baires.com\/index.php?rest_route=\/wp\/v2\/posts"}],"about":[{"href":"https:\/\/www.24baires.com\/index.php?rest_route=\/wp\/v2\/types\/post"}],"author":[{"embeddable":true,"href":"https:\/\/www.24baires.com\/index.php?rest_route=\/wp\/v2\/users\/4"}],"replies":[{"embeddable":true,"href":"https:\/\/www.24baires.com\/index.php?rest_route=%2Fwp%2Fv2%2Fcomments&post=3941"}],"version-history":[{"count":2,"href":"https:\/\/www.24baires.com\/index.php?rest_route=\/wp\/v2\/posts\/3941\/revisions"}],"predecessor-version":[{"id":3944,"href":"https:\/\/www.24baires.com\/index.php?rest_route=\/wp\/v2\/posts\/3941\/revisions\/3944"}],"wp:attachment":[{"href":"https:\/\/www.24baires.com\/index.php?rest_route=%2Fwp%2Fv2%2Fmedia&parent=3941"}],"wp:term":[{"taxonomy":"category","embeddable":true,"href":"https:\/\/www.24baires.com\/index.php?rest_route=%2Fwp%2Fv2%2Fcategories&post=3941"},{"taxonomy":"post_tag","embeddable":true,"href":"https:\/\/www.24baires.com\/index.php?rest_route=%2Fwp%2Fv2%2Ftags&post=3941"}],"curies":[{"name":"wp","href":"https:\/\/api.w.org\/{rel}","templated":true}]}}