{"id":3931,"date":"2012-10-31T10:10:31","date_gmt":"2012-10-31T13:10:31","guid":{"rendered":"http:\/\/www.24baires.com\/?p=3931"},"modified":"2012-10-31T10:45:20","modified_gmt":"2012-10-31T13:45:20","slug":"3931","status":"publish","type":"post","link":"https:\/\/www.24baires.com\/?p=3931","title":{"rendered":"Voto joven, a un paso de convertirse en Ley"},"content":{"rendered":"<p><img data-recalc-dims=\"1\" loading=\"lazy\" decoding=\"async\" class=\"alignleft size-full wp-image-3932\" title=\"diputados\" src=\"https:\/\/i0.wp.com\/www.24baires.com\/wp-content\/uploads\/2012\/10\/diputados.jpg?resize=298%2C200\" alt=\"\" width=\"298\" height=\"200\" \/>El kirchnerismo convoc\u00f3 una sesi\u00f3n especial para las 11.45 de este mi\u00e9rcole y tiene asegurado el apoyo de sus aliados. La oposici\u00f3n ir\u00e1 dividida: el FAP ratific\u00f3 que se abstendr\u00e1, con la excepci\u00f3n de Unidad Popular, y la UCR dar\u00e1 libertad de acci\u00f3n. El Pro, la CC-ARI y el Frente Peronista rechazar\u00e1n la propuesta.<!--more--><\/p>\n<p>En el marco de una sesi\u00f3n especial convocada para las 11.45, la C\u00e1mara de Diputados volver\u00e1 a reunirse este mi\u00e9rcoles en el recinto para convertir en ley la reforma electoral que habilita el voto optativo a los j\u00f3venes de 16 y 17 a\u00f1os.<\/p>\n<p>La iniciativa, de los senadores oficialistas An\u00edbal Fern\u00e1ndez y Elena Corregido, tiene confirmado el apoyo del Frente para la Victoria y los bloques aliados, y encuentra resistencia en las bancadas opositoras.<\/p>\n<p>Si bien la UCR dar\u00e1 libertad de acci\u00f3n, el bloque defender\u00e1 su propio dictamen, que propone la obligatoriedad del voto. En tanto, el FAP se abstendr\u00e1 de la votaci\u00f3n, con la excepci\u00f3n del bloque Unidad Popular, que apoyar\u00e1 la iniciativa. Tanto el Pro como la Coalici\u00f3n C\u00edvica-ARI y el Frente Peronista ir\u00e1n por la negativa.<\/p>\n<p>La iniciativa busca modificar m\u00e1s de seis leyes adem\u00e1s del C\u00f3digo Electoral Nacional, con el fin de adaptar todo el sistema electoral para permitir la inclusi\u00f3n de estos nuevos electores.<\/p>\n<p>Entre otras cosas, se altera el primer art\u00edculo del C\u00f3digo Electoral, que dir\u00e1 que son electores nacionales \u201clos argentinos nativos y por opci\u00f3n desde los 16 a\u00f1os y los argentinos naturalizados desde los 18 a\u00f1os\u201d.<\/p>\n<p>Paralelamente, la Ley de Ciudadan\u00eda establecer\u00e1 que \u201clos argentinos que hubiesen cumplido los 16 a\u00f1os gozan de todos los derechos pol\u00edticos conforme a la Constituci\u00f3n y a las leyes de la Rep\u00fablica\u201d.<\/p>\n<p>Adem\u00e1s, el DNI ya no se actualizar\u00eda a los 16, sino que ese tr\u00e1mite deber\u00e1 adelantarse a los 14 a\u00f1os. Seg\u00fan la Ley 17.671 de Registro Nacional de las Personas, el mismo se cambia por primera vez a los 8 a\u00f1os, nuevamente a los 16, y finalmente a los 30.<\/p>\n","protected":false},"excerpt":{"rendered":"<p>El kirchnerismo convoc\u00f3 una sesi\u00f3n especial para las 11.45 de este mi\u00e9rcole y tiene asegurado el apoyo de sus aliados. La oposici\u00f3n ir\u00e1 dividida: el FAP ratific\u00f3 que se abstendr\u00e1, con la excepci\u00f3n de Unidad Popular, y la UCR dar\u00e1 libertad de acci\u00f3n. El Pro, la CC-ARI y el Frente Peronista rechazar\u00e1n la propuesta.<\/p>\n","protected":false},"author":4,"featured_media":0,"comment_status":"open","ping_status":"open","sticky":false,"template":"","format":"standard","meta":{"_jetpack_newsletter_access":"","_jetpack_dont_email_post_to_subs":false,"_jetpack_newsletter_tier_id":0,"_jetpack_memberships_contains_paywalled_content":false,"_jetpack_memberships_contains_paid_content":false,"footnotes":""},"categories":[51],"tags":[],"class_list":["post-3931","post","type-post","status-publish","format-standard","hentry","category-politica"],"jetpack_featured_media_url":"","jetpack_shortlink":"https:\/\/wp.me\/s2JWE0-3931","jetpack-related-posts":[{"id":122366,"url":"https:\/\/www.24baires.com\/?p=122366","url_meta":{"origin":3931,"position":0},"title":"Senado bonaerense aprob\u00f3 la reelecci\u00f3n indefinida para legisladores y concejales","author":"GB","date":"25\/06\/2025","format":false,"excerpt":"El kirchnerismo consigui\u00f3 el apoyo de legisladores de la oposici\u00f3n y lleg\u00f3 a 22 votos positivos. Los votos negativos fueron tambi\u00e9n 22 y desempat\u00f3 la vicegobernadora Ver\u00f3nica Magario. Daletto y dos dialoguistas apoyaron la iniciativa. No se permiti\u00f3 el ingreso a la prensa y cortaron la conexi\u00f3n a internet. Con\u2026","rel":"","context":"En \u00abProvincia\u00bb","block_context":{"text":"Provincia","link":"https:\/\/www.24baires.com\/?cat=40"},"img":{"alt_text":"","src":"","width":0,"height":0},"classes":[]},{"id":120897,"url":"https:\/\/www.24baires.com\/?p=120897","url_meta":{"origin":3931,"position":1},"title":"El gobierno logr\u00f3 dictamen de Mayor\u00eda y la Ley Omnibus llegar\u00e1 al recinto","author":"GB","date":"24\/01\/2024","format":false,"excerpt":"El oficialismo tuvo el apoyo del PRO, la UCR y Hacemos Coalici\u00f3n Federal, que de todas maneras manifestaron algunas disidencias \"parciales\" al proyecto. Esta madrugada, el oficialismo de la C\u00e1mara de Diputados logr\u00f3 un dictamen de mayor\u00eda respaldado por bloques opositores dialoguistas para la Ley \u00d3mnibus. La iniciativa, que aborda\u2026","rel":"","context":"En \u00abPol\u00edtica\u00bb","block_context":{"text":"Pol\u00edtica","link":"https:\/\/www.24baires.com\/?cat=51"},"img":{"alt_text":"","src":"https:\/\/i0.wp.com\/www.24baires.com\/wp-content\/uploads\/2024\/01\/menem-recinto.jpeg?resize=350%2C200","width":350,"height":200,"srcset":"https:\/\/i0.wp.com\/www.24baires.com\/wp-content\/uploads\/2024\/01\/menem-recinto.jpeg?resize=350%2C200 1x, https:\/\/i0.wp.com\/www.24baires.com\/wp-content\/uploads\/2024\/01\/menem-recinto.jpeg?resize=525%2C300 1.5x, https:\/\/i0.wp.com\/www.24baires.com\/wp-content\/uploads\/2024\/01\/menem-recinto.jpeg?resize=700%2C400 2x"},"classes":[]},{"id":3525,"url":"https:\/\/www.24baires.com\/?p=3525","url_meta":{"origin":3931,"position":2},"title":"Voto joven: cada vez m\u00e1s cerca de convertirse en Ley","author":"AF","date":"28\/10\/2012","format":false,"excerpt":"El oficialismo de la C\u00e1mara baja buscar\u00e1, el pr\u00f3ximo mi\u00e9rcoles, convertir en ley el proyecto que habilita el voto optativo para los j\u00f3venes de entre 16 y 18 a\u00f1os, aprobado hace diez d\u00edas por el Senado. As\u00ed lo confirm\u00f3 el jefe del bloque del Frente para la Victoria, Agust\u00edn Rossi,\u2026","rel":"","context":"En \u00abPol\u00edtica\u00bb","block_context":{"text":"Pol\u00edtica","link":"https:\/\/www.24baires.com\/?cat=51"},"img":{"alt_text":"","src":"","width":0,"height":0},"classes":[]},{"id":3576,"url":"https:\/\/www.24baires.com\/?p=3576","url_meta":{"origin":3931,"position":3},"title":"Este mi\u00e9rcoles podr\u00eda convertirse en ley el voto joven","author":"Grupo Sierra","date":"28\/10\/2012","format":false,"excerpt":"El jefe del bloque del Frente para la Victoria, Agust\u00edn Rossi, estim\u00f3 que el oficialismo no tendr\u00e1 dificultades para sancionar la norma que permitir\u00e1 sufragar a partir de los 16 a\u00f1os. En el Senado fue apoyada por una amplia mayor\u00eda. El oficialismo de la C\u00e1mara de Diputados de la Naci\u00f3n\u2026","rel":"","context":"En \u00abPol\u00edtica\u00bb","block_context":{"text":"Pol\u00edtica","link":"https:\/\/www.24baires.com\/?cat=51"},"img":{"alt_text":"","src":"","width":0,"height":0},"classes":[]},{"id":119476,"url":"https:\/\/www.24baires.com\/?p=119476","url_meta":{"origin":3931,"position":4},"title":"Con apoyo de la oposici\u00f3n, el oficialismo logr\u00f3 aprobar el Presupuesto 2023","author":"GB","date":"26\/10\/2022","format":false,"excerpt":"Con 180 votos afirmativos otorgados por el Frente de Todos, la UCR, Evoluci\u00f3n, el interbloque Federal y Provincias Unidas el proyecto obtuvo media sanci\u00f3n en la C\u00e1mara de Diputados. Tras una marat\u00f3nica sesi\u00f3n, la C\u00e1mara de Diputados aprob\u00f3 este mi\u00e9rcoles a la madrugada el proyecto de ley de Presupuesto 2023.\u2026","rel":"","context":"En \u00abPol\u00edtica\u00bb","block_context":{"text":"Pol\u00edtica","link":"https:\/\/www.24baires.com\/?cat=51"},"img":{"alt_text":"","src":"https:\/\/i0.wp.com\/www.24baires.com\/wp-content\/uploads\/2022\/10\/diputados.jpg?resize=350%2C200","width":350,"height":200,"srcset":"https:\/\/i0.wp.com\/www.24baires.com\/wp-content\/uploads\/2022\/10\/diputados.jpg?resize=350%2C200 1x, https:\/\/i0.wp.com\/www.24baires.com\/wp-content\/uploads\/2022\/10\/diputados.jpg?resize=525%2C300 1.5x, https:\/\/i0.wp.com\/www.24baires.com\/wp-content\/uploads\/2022\/10\/diputados.jpg?resize=700%2C400 2x"},"classes":[]},{"id":119651,"url":"https:\/\/www.24baires.com\/?p=119651","url_meta":{"origin":3931,"position":5},"title":"Juntos por el Cambio se neg\u00f3 a tratar el proyecto de moratoria previsional","author":"AF","date":"21\/12\/2022","format":false,"excerpt":"El bloque opositor no quiso bajar al recinto para discutir la iniciativa que beneficiaba a quienes no ten\u00edan los 30 a\u00f1os de aportes requeridos para la jubilaci\u00f3n y que propon\u00eda la creaci\u00f3n de ocho nuevas universidades nacionales. El Frente de Todos tambi\u00e9n hab\u00eda inclu\u00eddo en el temario de la sesi\u00f3n\u2026","rel":"","context":"En \u00abPol\u00edtica\u00bb","block_context":{"text":"Pol\u00edtica","link":"https:\/\/www.24baires.com\/?cat=51"},"img":{"alt_text":"","src":"https:\/\/i0.wp.com\/www.24baires.com\/wp-content\/uploads\/2022\/12\/diputados.jpeg?resize=350%2C200","width":350,"height":200,"srcset":"https:\/\/i0.wp.com\/www.24baires.com\/wp-content\/uploads\/2022\/12\/diputados.jpeg?resize=350%2C200 1x, https:\/\/i0.wp.com\/www.24baires.com\/wp-content\/uploads\/2022\/12\/diputados.jpeg?resize=525%2C300 1.5x, https:\/\/i0.wp.com\/www.24baires.com\/wp-content\/uploads\/2022\/12\/diputados.jpeg?resize=700%2C400 2x"},"classes":[]}],"jetpack_sharing_enabled":true,"jetpack_likes_enabled":true,"_links":{"self":[{"href":"https:\/\/www.24baires.com\/index.php?rest_route=\/wp\/v2\/posts\/3931","targetHints":{"allow":["GET"]}}],"collection":[{"href":"https:\/\/www.24baires.com\/index.php?rest_route=\/wp\/v2\/posts"}],"about":[{"href":"https:\/\/www.24baires.com\/index.php?rest_route=\/wp\/v2\/types\/post"}],"author":[{"embeddable":true,"href":"https:\/\/www.24baires.com\/index.php?rest_route=\/wp\/v2\/users\/4"}],"replies":[{"embeddable":true,"href":"https:\/\/www.24baires.com\/index.php?rest_route=%2Fwp%2Fv2%2Fcomments&post=3931"}],"version-history":[{"count":3,"href":"https:\/\/www.24baires.com\/index.php?rest_route=\/wp\/v2\/posts\/3931\/revisions"}],"predecessor-version":[{"id":3936,"href":"https:\/\/www.24baires.com\/index.php?rest_route=\/wp\/v2\/posts\/3931\/revisions\/3936"}],"wp:attachment":[{"href":"https:\/\/www.24baires.com\/index.php?rest_route=%2Fwp%2Fv2%2Fmedia&parent=3931"}],"wp:term":[{"taxonomy":"category","embeddable":true,"href":"https:\/\/www.24baires.com\/index.php?rest_route=%2Fwp%2Fv2%2Fcategories&post=3931"},{"taxonomy":"post_tag","embeddable":true,"href":"https:\/\/www.24baires.com\/index.php?rest_route=%2Fwp%2Fv2%2Ftags&post=3931"}],"curies":[{"name":"wp","href":"https:\/\/api.w.org\/{rel}","templated":true}]}}