{"id":3928,"date":"2012-10-31T10:20:21","date_gmt":"2012-10-31T13:20:21","guid":{"rendered":"http:\/\/www.24baires.com\/?p=3928"},"modified":"2012-10-31T10:20:21","modified_gmt":"2012-10-31T13:20:21","slug":"paran-los-hospitales-contra-el-ajuste-presupuestario","status":"publish","type":"post","link":"https:\/\/www.24baires.com\/?p=3928","title":{"rendered":"Paran los Hospitales contra el ajuste presupuestario"},"content":{"rendered":"<p>Trabajadores de los 77 hospitales y centros de salud de la provincia de Buenos Aires realizaban hoy un paro de 24 horas en rechazo al ajuste dispuesto por el gobernador Daniel Scioli, por mejoras salariales y por la creaci\u00f3n de 2.000 puestos de trabajo.<!--more--><\/p>\n<p>Los trabajadores nucleados en la Asociaci\u00f3n Sindical de Profesionales de la Salud de la Provincia de Buenos Aires (CICOP) tienen previsto, adem\u00e1s del paro, movilizarse este mediod\u00eda a la Legislatura bonaerense para rechazar el presupuesto de ajuste de Scioli. Est\u00e1 previsto que de la movilizaci\u00f3n tambi\u00e9n participen personal de la Asociaci\u00f3n Trabajadores del Estado (ATE), judiciales y otros gremios de la Central de Trabajadores de la Argentina (CTA).<\/p>\n<p>El paro concluir\u00e1 con una \u00abJornada de Protesta Provincial\u00bb el jueves, para ratificar el rechazo de ese presupuesto. Los trabajadores de la salud bonaerense reclaman un aumento del 10 por ciento del porcentaje del gasto total del Estado para el \u00e1rea, la creaci\u00f3n de 2.000 puestos de trabajo para garantizar el funcionamiento de los hospitales y centros de salud de la provincia, entre otras reivindicaciones laborales.<\/p>\n","protected":false},"excerpt":{"rendered":"<p>Trabajadores de los 77 hospitales y centros de salud de la provincia de Buenos Aires realizaban hoy un paro de 24 horas en rechazo al ajuste dispuesto por el gobernador Daniel Scioli, por mejoras salariales y por la creaci\u00f3n de 2.000 puestos de trabajo.<\/p>\n","protected":false},"author":4,"featured_media":0,"comment_status":"open","ping_status":"open","sticky":false,"template":"","format":"standard","meta":{"_jetpack_newsletter_access":"","_jetpack_dont_email_post_to_subs":false,"_jetpack_newsletter_tier_id":0,"_jetpack_memberships_contains_paywalled_content":false,"_jetpack_memberships_contains_paid_content":false,"footnotes":""},"categories":[1],"tags":[],"class_list":["post-3928","post","type-post","status-publish","format-standard","hentry","category-sociedad"],"jetpack_featured_media_url":"","jetpack_shortlink":"https:\/\/wp.me\/p2JWE0-11m","jetpack-related-posts":[{"id":101449,"url":"https:\/\/www.24baires.com\/?p=101449","url_meta":{"origin":3928,"position":0},"title":"Baradel: \u00abLa intenci\u00f3n de Vidal no es solucionar el conflicto, es disciplinar\u00bb","author":"AF","date":"05\/04\/2018","format":false,"excerpt":"El titular de Suteba destac\u00f3 la masiva marcha a La Plata y el alto acatamiento del paro docente que integr\u00f2 a estatales bonaerenses \"en rechazo al ajuste y al 15% de aumento salarial\" ofrecido por el gobierno provincial. El titular de Suteba, Roberto Baradel, destac\u00f3 el alto acatamiento del paro\u2026","rel":"","context":"En \u00abSociedad\u00bb","block_context":{"text":"Sociedad","link":"https:\/\/www.24baires.com\/?cat=1"},"img":{"alt_text":"","src":"https:\/\/i0.wp.com\/www.24baires.com\/wp-content\/uploads\/2017\/07\/baradel.jpg?resize=350%2C200","width":350,"height":200,"srcset":"https:\/\/i0.wp.com\/www.24baires.com\/wp-content\/uploads\/2017\/07\/baradel.jpg?resize=350%2C200 1x, https:\/\/i0.wp.com\/www.24baires.com\/wp-content\/uploads\/2017\/07\/baradel.jpg?resize=525%2C300 1.5x"},"classes":[]},{"id":490,"url":"https:\/\/www.24baires.com\/?p=490","url_meta":{"origin":3928,"position":1},"title":"Desde ATE anunciaron paro y movilizaci\u00f3n en reclamo de un aumento salarial","author":"Grupo Sierra","date":"26\/09\/2012","format":false,"excerpt":"Marchar\u00e1n a Casa de Gobierno como parte del plan de acci\u00f3n que llevan adelante contra el ajuste en la provincia de Buenos Aires y por la reapertura de paritarias. Se sumar\u00edan los trabajadores judiciales de la AJB y los profesionales de salud de la CICOP. La Asociaci\u00f3n Trabajadores del Estado\u2026","rel":"","context":"En \u00abProvincia\u00bb","block_context":{"text":"Provincia","link":"https:\/\/www.24baires.com\/?cat=40"},"img":{"alt_text":"","src":"https:\/\/i0.wp.com\/www.24baires.com\/wp-content\/uploads\/2012\/09\/movilizaci%C3%B3n-de-ATE.jpg?resize=350%2C200","width":350,"height":200,"srcset":"https:\/\/i0.wp.com\/www.24baires.com\/wp-content\/uploads\/2012\/09\/movilizaci%C3%B3n-de-ATE.jpg?resize=350%2C200 1x, https:\/\/i0.wp.com\/www.24baires.com\/wp-content\/uploads\/2012\/09\/movilizaci%C3%B3n-de-ATE.jpg?resize=525%2C300 1.5x"},"classes":[]},{"id":105295,"url":"https:\/\/www.24baires.com\/?p=105295","url_meta":{"origin":3928,"position":2},"title":"Gremios bonaerenses acampan contra el Presupuesto","author":"GB","date":"06\/11\/2018","format":false,"excerpt":"Estatales, m\u00e9dicos y judiciales marchar\u00e1n a Gobernaci\u00f3n e instalar\u00e1n una carpa frente a la Legislatura. Tambi\u00e9n participar\u00e1n organizaciones sociales. Gremios bonaerenses y organizaciones sociales marchar\u00e1n a la Casa de Gobierno y empezar\u00e1n un acampe frente a la Legislatura para rechazar el proyecto de Presupuesto 2019, que la Gobernadora enviar\u00e1 al\u2026","rel":"","context":"En \u00abProvincia\u00bb","block_context":{"text":"Provincia","link":"https:\/\/www.24baires.com\/?cat=40"},"img":{"alt_text":"","src":"https:\/\/i0.wp.com\/www.24baires.com\/wp-content\/uploads\/2018\/03\/ate-docentes-300x200.jpg?resize=350%2C200","width":350,"height":200},"classes":[]},{"id":3955,"url":"https:\/\/www.24baires.com\/?p=3955","url_meta":{"origin":3928,"position":3},"title":"ATE y CTA se movilizan contra el presupuesto 2013","author":"AF","date":"31\/10\/2012","format":false,"excerpt":"En el marco del inicio de un paro de 48 horas, los estatales marchar\u00e1n a partir de las 11 a la Legislatura bonaerense para expresarse en contra del proyecto de Presupuesto 2013 enviado por el Ejecutivo. Alegan que \u201cno incluye la pauta salarial, reduce 6 mil cargos en planta permanente,\u2026","rel":"","context":"En \u00abPol\u00edtica\u00bb","block_context":{"text":"Pol\u00edtica","link":"https:\/\/www.24baires.com\/?cat=51"},"img":{"alt_text":"","src":"https:\/\/i0.wp.com\/www.24baires.com\/wp-content\/uploads\/2012\/10\/ate-cta-300x200.jpg?resize=350%2C200","width":350,"height":200},"classes":[]},{"id":54825,"url":"https:\/\/www.24baires.com\/?p=54825","url_meta":{"origin":3928,"position":4},"title":"Los hospitales bonaerenses vuelven al paro","author":"Grupo Sierra","date":"05\/10\/2014","format":false,"excerpt":"Los m\u00e9dicos, profesionales y trabajadores de la salud agremiados en la Asociaci\u00f3n Sindical de Profesionales de la Salud de la Provincia de Buenos Aires (CICOP) resolvieron hoy en un Congreso Provincial realizado en la sede nacional de CTA, realizar un paro de 24 horas el pr\u00f3ximo mi\u00e9rcoles 8 de octubre.\u2026","rel":"","context":"En \u00abProvincia\u00bb","block_context":{"text":"Provincia","link":"https:\/\/www.24baires.com\/?cat=40"},"img":{"alt_text":"Paro Cicop","src":"https:\/\/i0.wp.com\/www.24baires.com\/wp-content\/uploads\/2014\/02\/Paro-Cicop.jpg?resize=350%2C200","width":350,"height":200,"srcset":"https:\/\/i0.wp.com\/www.24baires.com\/wp-content\/uploads\/2014\/02\/Paro-Cicop.jpg?resize=350%2C200 1x, https:\/\/i0.wp.com\/www.24baires.com\/wp-content\/uploads\/2014\/02\/Paro-Cicop.jpg?resize=525%2C300 1.5x"},"classes":[]},{"id":4007,"url":"https:\/\/www.24baires.com\/?p=4007","url_meta":{"origin":3928,"position":5},"title":"\u201cHoy le declaramos la guerra al ajuste en la Provincia de Buenos Aires\u201d","author":"Grupo Sierra","date":"31\/10\/2012","format":false,"excerpt":"ATE y otros gremios nucleados en la CTA opositora se movilizaron en el marco de un paro de 48 horas para rechazar el Presupuesto 2013 que ser\u00e1 votado ma\u00f1ana en la C\u00e1mara de Diputados bonaerense. Contin\u00faan la protesta con una vigilia en los jardines de la Legislatura. Los estatales realizaron\u2026","rel":"","context":"En \u00abProvincia\u00bb","block_context":{"text":"Provincia","link":"https:\/\/www.24baires.com\/?cat=40"},"img":{"alt_text":"","src":"","width":0,"height":0},"classes":[]}],"jetpack_sharing_enabled":true,"jetpack_likes_enabled":true,"_links":{"self":[{"href":"https:\/\/www.24baires.com\/index.php?rest_route=\/wp\/v2\/posts\/3928","targetHints":{"allow":["GET"]}}],"collection":[{"href":"https:\/\/www.24baires.com\/index.php?rest_route=\/wp\/v2\/posts"}],"about":[{"href":"https:\/\/www.24baires.com\/index.php?rest_route=\/wp\/v2\/types\/post"}],"author":[{"embeddable":true,"href":"https:\/\/www.24baires.com\/index.php?rest_route=\/wp\/v2\/users\/4"}],"replies":[{"embeddable":true,"href":"https:\/\/www.24baires.com\/index.php?rest_route=%2Fwp%2Fv2%2Fcomments&post=3928"}],"version-history":[{"count":2,"href":"https:\/\/www.24baires.com\/index.php?rest_route=\/wp\/v2\/posts\/3928\/revisions"}],"predecessor-version":[{"id":3930,"href":"https:\/\/www.24baires.com\/index.php?rest_route=\/wp\/v2\/posts\/3928\/revisions\/3930"}],"wp:attachment":[{"href":"https:\/\/www.24baires.com\/index.php?rest_route=%2Fwp%2Fv2%2Fmedia&parent=3928"}],"wp:term":[{"taxonomy":"category","embeddable":true,"href":"https:\/\/www.24baires.com\/index.php?rest_route=%2Fwp%2Fv2%2Fcategories&post=3928"},{"taxonomy":"post_tag","embeddable":true,"href":"https:\/\/www.24baires.com\/index.php?rest_route=%2Fwp%2Fv2%2Ftags&post=3928"}],"curies":[{"name":"wp","href":"https:\/\/api.w.org\/{rel}","templated":true}]}}