{"id":3923,"date":"2012-10-31T10:04:16","date_gmt":"2012-10-31T13:04:16","guid":{"rendered":"http:\/\/www.24baires.com\/?p=3923"},"modified":"2012-10-31T10:08:19","modified_gmt":"2012-10-31T13:08:19","slug":"el-spb-no-podra-transportar-presos-en-camiones-que-no-esten-en-condiciones","status":"publish","type":"post","link":"https:\/\/www.24baires.com\/?p=3923","title":{"rendered":"El SPB no podr\u00e1 transportar presos en camiones que no est\u00e9n en condiciones"},"content":{"rendered":"<p>As\u00ed lo dispuso la Sala I del Tribunal de Casaci\u00f3n Penal de la Provincia de Buenos Aires tras la presentaci\u00f3n de un habeas corpus en conjunto entre los abogados de varios reclusos.<!--more--><\/p>\n<p>En lo que va del a\u00f1o ya se registraron m\u00e1s de 20 accidentes de gravedad en los cuales salieron perjudicados personal del Servicio Penitenciario Bonaerense y tambi\u00e9n los reclusos.<\/p>\n<p>La sentencia dicta por la C\u00e1mara asegur\u00f3 que del total de los 500 veh\u00edculos de traslado que posee el servicio, m\u00e1s de la mitad no cuentan con frenos \u00a0y amortiguadores en buenas condiciones, equipamiento de auxilio y poseen muchas roturas en la parte exterior.<\/p>\n<p>Adem\u00e1s instruy\u00f3 al Servicio Penitenciario a fin de que se eviten los traslados de detenidos de las unidades carcelarias con m\u00f3viles o unidades de transporte que no guarden las condiciones mec\u00e1nicas, sanitarias y de capacidad acordes con un trato digno de la persona humana.<\/p>\n<p>Asimismo, encomend\u00f3 a Ricardo Casal la elaboraci\u00f3n de un protocolo de actuaci\u00f3n que d\u00e9 marco legal a las condiciones en que se realizan los traslados de las personas privadas de su libertad.<\/p>\n","protected":false},"excerpt":{"rendered":"<p>As\u00ed lo dispuso la Sala I del Tribunal de Casaci\u00f3n Penal de la Provincia de Buenos Aires tras la presentaci\u00f3n de un habeas corpus en conjunto entre los abogados de varios reclusos.<\/p>\n","protected":false},"author":4,"featured_media":0,"comment_status":"open","ping_status":"open","sticky":false,"template":"","format":"standard","meta":{"_jetpack_newsletter_access":"","_jetpack_dont_email_post_to_subs":false,"_jetpack_newsletter_tier_id":0,"_jetpack_memberships_contains_paywalled_content":false,"_jetpack_memberships_contains_paid_content":false,"footnotes":""},"categories":[40],"tags":[],"class_list":["post-3923","post","type-post","status-publish","format-standard","hentry","category-provincia"],"jetpack_featured_media_url":"","jetpack_shortlink":"https:\/\/wp.me\/p2JWE0-11h","jetpack-related-posts":[{"id":87403,"url":"https:\/\/www.24baires.com\/?p=87403","url_meta":{"origin":3923,"position":0},"title":"Mot\u00edn en Florencio Varela dej\u00f3 varios penitenciarios y reclusos heridos","author":"GB","date":"09\/09\/2016","format":false,"excerpt":"Una fuerte revuelta termin\u00f3 con varios reclusos y penitenciarios heridos, y varios traslados en la Unidad Penal 54, de Florencio Varela. El mot\u00edn comenz\u00f3 a partir del malestar generado por un traslado \u201cdisciplinario\u201d. Apuntan a Ferrari. La Unidad 54 de Florencio Varela mostr\u00f3 la peor cara del Servicio Penitenciario Bonaerense\u2026","rel":"","context":"En \u00abLocales\u00bb","block_context":{"text":"Locales","link":"https:\/\/www.24baires.com\/?cat=38"},"img":{"alt_text":"penal-florencio-varela","src":"https:\/\/i0.wp.com\/www.24baires.com\/wp-content\/uploads\/2016\/09\/penal-florencio-varela.jpg?resize=350%2C200","width":350,"height":200,"srcset":"https:\/\/i0.wp.com\/www.24baires.com\/wp-content\/uploads\/2016\/09\/penal-florencio-varela.jpg?resize=350%2C200 1x, https:\/\/i0.wp.com\/www.24baires.com\/wp-content\/uploads\/2016\/09\/penal-florencio-varela.jpg?resize=525%2C300 1.5x"},"classes":[]},{"id":101176,"url":"https:\/\/www.24baires.com\/?p=101176","url_meta":{"origin":3923,"position":1},"title":"El Gobierno considera que el genocida Astiz puede salir de la c\u00e1rcel","author":"AF","date":"20\/03\/2018","format":false,"excerpt":"El Servicio Penitenciario Federal sum\u00f3 al represor a la lista de quienes dice que est\u00e1n en condiciones de cumplir arresto domiciliario o salir en libertad condicional. Argument\u00f3 que por su estado de salud no es lo m\u00e1s aconsejable que contin\u00fae en el penal de Ezeiza. La posibilidad de que Alfredo\u2026","rel":"","context":"En \u00abJUDICIALES\u00bb","block_context":{"text":"JUDICIALES","link":"https:\/\/www.24baires.com\/?cat=68"},"img":{"alt_text":"","src":"https:\/\/i0.wp.com\/www.24baires.com\/wp-content\/uploads\/2017\/10\/astiz.jpg?resize=350%2C200","width":350,"height":200,"srcset":"https:\/\/i0.wp.com\/www.24baires.com\/wp-content\/uploads\/2017\/10\/astiz.jpg?resize=350%2C200 1x, https:\/\/i0.wp.com\/www.24baires.com\/wp-content\/uploads\/2017\/10\/astiz.jpg?resize=525%2C300 1.5x"},"classes":[]},{"id":122267,"url":"https:\/\/www.24baires.com\/?p=122267","url_meta":{"origin":3923,"position":2},"title":"Preocupa la falta de trabajadores sociales en c\u00e1rceles bonaerenses","author":"GB","date":"09\/05\/2025","format":false,"excerpt":"Anatilde Senatore, miembro del Colegio de Trabajadores Sociales de la provincia, advirti\u00f3 que la dotaci\u00f3n actual es insuficiente para abordar la complejidad de la poblaci\u00f3n carcelaria. El Colegio de Trabajadores Sociales de la provincia de Buenos Aires (CATSPBA) advirti\u00f3 sobre la escasez de profesionales en las unidades penitenciarias bonaerenses y\u2026","rel":"","context":"En \u00abProvincia\u00bb","block_context":{"text":"Provincia","link":"https:\/\/www.24baires.com\/?cat=40"},"img":{"alt_text":"","src":"https:\/\/i0.wp.com\/www.24baires.com\/wp-content\/uploads\/2025\/05\/carcel-penal.webp?resize=350%2C200","width":350,"height":200,"srcset":"https:\/\/i0.wp.com\/www.24baires.com\/wp-content\/uploads\/2025\/05\/carcel-penal.webp?resize=350%2C200 1x, https:\/\/i0.wp.com\/www.24baires.com\/wp-content\/uploads\/2025\/05\/carcel-penal.webp?resize=525%2C300 1.5x, https:\/\/i0.wp.com\/www.24baires.com\/wp-content\/uploads\/2025\/05\/carcel-penal.webp?resize=700%2C400 2x"},"classes":[]},{"id":112443,"url":"https:\/\/www.24baires.com\/?p=112443","url_meta":{"origin":3923,"position":3},"title":"Denuncian \u00abviolaci\u00f3n estructural de DDHH en c\u00e1rceles y comisar\u00edas de la provincia\u00bb","author":"GB","date":"10\/10\/2019","format":false,"excerpt":"El Comit\u00e9 Nacional para la Prevenci\u00f3n de la Tortura (CNPT) denunci\u00f3 esta tarde la grave situaci\u00f3n en los lugares de encierro de la provincia de Buenos Aires. Lo hizo durante la exposici\u00f3n de sus informes sobre las personas privadas de libertad en las c\u00e1rceles y comisar\u00edas bonaerenses, encuentro que tuvo\u2026","rel":"","context":"En \u00abProvincia\u00bb","block_context":{"text":"Provincia","link":"https:\/\/www.24baires.com\/?cat=40"},"img":{"alt_text":"","src":"https:\/\/i0.wp.com\/www.24baires.com\/wp-content\/uploads\/2014\/03\/c%C3%A1rcel-300x189.jpeg?resize=350%2C200","width":350,"height":200},"classes":[]},{"id":34389,"url":"https:\/\/www.24baires.com\/?p=34389","url_meta":{"origin":3923,"position":4},"title":"Se fugaron dos presos durante el traslado a una c\u00e1rcel en La Plata","author":"GB","date":"30\/10\/2013","format":false,"excerpt":"Dos presos que eran trasladados a la Unidad 9 se fugaron luego de que el m\u00f3vil que los transportaba chocara en la esquina de las calles 77 y 11, a pocas cuadras de la c\u00e1rcel, inform\u00f3 una fuente policial. El vocero detall\u00f3 que el conductor del celular que trasladaba a\u2026","rel":"","context":"En \u00abPoliciales\u00bb","block_context":{"text":"Policiales","link":"https:\/\/www.24baires.com\/?cat=49"},"img":{"alt_text":"poli","src":"https:\/\/i0.wp.com\/www.24baires.com\/wp-content\/uploads\/2013\/09\/poli-300x225.jpg?resize=350%2C200","width":350,"height":200},"classes":[]},{"id":121915,"url":"https:\/\/www.24baires.com\/?p=121915","url_meta":{"origin":3923,"position":5},"title":"Kicillof en Melchor Romero: \u00abNo hacemos marketing con la seguridad, avanzamos con hechos\u00bb","author":"GB","date":"24\/12\/2024","format":false,"excerpt":"Asegur\u00f3 que la Provincia impulsa \"el Plan de Infraestructura Penitenciaria m\u00e1s ambicioso de nuestra historia\". En la ciudad de La Plata, el Gobernador encabez\u00f3 este lunes la inauguraci\u00f3n de las obras de ampliaci\u00f3n de la Unidad Penitenciaria N\u00ba29 de Melchor Romero, junto al ministro de Justicia y Derechos Humanos, Juan\u2026","rel":"","context":"En \u00abProvincia\u00bb","block_context":{"text":"Provincia","link":"https:\/\/www.24baires.com\/?cat=40"},"img":{"alt_text":"","src":"https:\/\/i0.wp.com\/www.24baires.com\/wp-content\/uploads\/2024\/12\/kici-penal.jpg?resize=350%2C200","width":350,"height":200,"srcset":"https:\/\/i0.wp.com\/www.24baires.com\/wp-content\/uploads\/2024\/12\/kici-penal.jpg?resize=350%2C200 1x, https:\/\/i0.wp.com\/www.24baires.com\/wp-content\/uploads\/2024\/12\/kici-penal.jpg?resize=525%2C300 1.5x, https:\/\/i0.wp.com\/www.24baires.com\/wp-content\/uploads\/2024\/12\/kici-penal.jpg?resize=700%2C400 2x"},"classes":[]}],"jetpack_sharing_enabled":true,"jetpack_likes_enabled":true,"_links":{"self":[{"href":"https:\/\/www.24baires.com\/index.php?rest_route=\/wp\/v2\/posts\/3923","targetHints":{"allow":["GET"]}}],"collection":[{"href":"https:\/\/www.24baires.com\/index.php?rest_route=\/wp\/v2\/posts"}],"about":[{"href":"https:\/\/www.24baires.com\/index.php?rest_route=\/wp\/v2\/types\/post"}],"author":[{"embeddable":true,"href":"https:\/\/www.24baires.com\/index.php?rest_route=\/wp\/v2\/users\/4"}],"replies":[{"embeddable":true,"href":"https:\/\/www.24baires.com\/index.php?rest_route=%2Fwp%2Fv2%2Fcomments&post=3923"}],"version-history":[{"count":3,"href":"https:\/\/www.24baires.com\/index.php?rest_route=\/wp\/v2\/posts\/3923\/revisions"}],"predecessor-version":[{"id":3926,"href":"https:\/\/www.24baires.com\/index.php?rest_route=\/wp\/v2\/posts\/3923\/revisions\/3926"}],"wp:attachment":[{"href":"https:\/\/www.24baires.com\/index.php?rest_route=%2Fwp%2Fv2%2Fmedia&parent=3923"}],"wp:term":[{"taxonomy":"category","embeddable":true,"href":"https:\/\/www.24baires.com\/index.php?rest_route=%2Fwp%2Fv2%2Fcategories&post=3923"},{"taxonomy":"post_tag","embeddable":true,"href":"https:\/\/www.24baires.com\/index.php?rest_route=%2Fwp%2Fv2%2Ftags&post=3923"}],"curies":[{"name":"wp","href":"https:\/\/api.w.org\/{rel}","templated":true}]}}