{"id":39192,"date":"2014-01-25T11:15:04","date_gmt":"2014-01-25T14:15:04","guid":{"rendered":"http:\/\/www.24baires.com\/?p=39192"},"modified":"2014-01-25T11:08:48","modified_gmt":"2014-01-25T14:08:48","slug":"progresar-pelea-ganada-en-la-batalla-cultural","status":"publish","type":"post","link":"https:\/\/www.24baires.com\/?p=39192","title":{"rendered":"Progresar: pelea ganada en la Batalla Cultural"},"content":{"rendered":"<p><img data-recalc-dims=\"1\" loading=\"lazy\" decoding=\"async\" class=\"aligncenter size-full wp-image-39193\" alt=\"progresar\" src=\"https:\/\/i0.wp.com\/www.24baires.com\/wp-content\/uploads\/2014\/01\/progresar.jpg?resize=560%2C364\" width=\"560\" height=\"364\" srcset=\"https:\/\/i0.wp.com\/www.24baires.com\/wp-content\/uploads\/2014\/01\/progresar.jpg?w=560&amp;ssl=1 560w, https:\/\/i0.wp.com\/www.24baires.com\/wp-content\/uploads\/2014\/01\/progresar.jpg?resize=300%2C195&amp;ssl=1 300w\" sizes=\"auto, (max-width: 560px) 100vw, 560px\" \/>Puedo decir que mientras escribo esto el d\u00f3lar, (el oficial, el \u00fanico que debe comunicarse p\u00fablicamente), cotiza a $8. Y la verdad que mucho m\u00e1s no estoy facultada para decir, puesto que no s\u00f3lo no soy economista, sino que analizo la econom\u00eda desde una formaci\u00f3n de las ciencias humanas, y por estos d\u00edas, presumo con obvio margen de error, que casi nadie desea interiorizarse de las percepciones que pueda hacer con mis escasos conocimientos cuando lo que se quiere es la fr\u00eda lectura en met\u00e1lico, valga el juego de palabras. Ya vendr\u00e1n los d\u00edas en que desde una \u00f3ptica social y cultural, podamos ser escuchados, -porque hablar podemos siempre- en materia econ\u00f3mica.<!--more--><\/p>\n<p>Lo que me ocupa ahora es la mal llamada \u201creaparici\u00f3n\u201d de nuestra primera mandataria: Cristina Fern\u00e1ndez de Kirchner.<\/p>\n<p>Ya lo dijo ella, no puede reaparecer alguien que no desapareci\u00f3. Siempre se supo d\u00f3nde estaba e, incluso, que hac\u00eda. Pero, como suele pasarnos, las operaciones medi\u00e1ticas han estado a la orden del d\u00eda. Operaciones que, en realidad, distan ostensiblemente de ser simples notas period\u00edsticas, y son operaciones pol\u00edticas dirigidas desde los medios de comunicaci\u00f3n como uno de los canales que ciertos grupos de poder utilizan para alcanzar sus espurios fines. Son los ca\u00f1ones que disparan a los cinco sentidos de los ciudadanos buscando desinformar, b\u00e1sicamente.<\/p>\n<p>Dijeron que estaba recluida e incomunicada en el sur. Dijeron que no estaba al tanto de lo que acontec\u00eda en el pa\u00eds. Dijeron barbaridades tales como que hab\u00eda sufrido un ACV y estaba postrada, s\u00ed, no agranden los ojos mientras leen: dijeron eso. Dijeron, m\u00e1s bien escribieron, (sali\u00f3 en Clar\u00edn) que ped\u00eda que no le hablaran de los problemas de Argentina porque le dol\u00eda la cabeza. Es decir: tejieron una red de infamias que se cay\u00f3 a pedazos este mi\u00e9rcoles, cuando Cristina habl\u00f3 el p\u00fablico y lanz\u00f3 el programa Progresar, que le permitir\u00e1 estudiar a miles de j\u00f3venes argentinos, o sea, volvi\u00f3 con una muy buena noticia. No se si los ya casi 30000 chicos y chicas de entre 18 y 24 a\u00f1os que se inscribieron en este programa en las primeras 48 horas est\u00e1n consustanciados con la reciente devaluaci\u00f3n del d\u00f3lar y la especulaci\u00f3n sanguinaria de las grandes empresas y los mercados, pero de seguro han de estar contentos con esta oportunidad que se les presenta, que no es m\u00e1s (ni menos) que un derecho m\u00e1s conquistado: es el Estado velando por la educaci\u00f3n y la formaci\u00f3n de los hombres y mujeres que ser\u00e1n el futuro de nuestra sociedad. Recordemos que hubo gobiernos que apalearon la educaci\u00f3n p\u00fablica, que dejaron, con sus m\u00e9todos neoliberales fracasados, a millones de chicos fuera de las escuelas. Recordemos que hay quienes ahora meten a los alumnos en latas contenedoras porque no quieren o no pueden construir las escuelas que prometieron y porque cierran cursos y aulas.<\/p>\n<p>Recordemos.<\/p>\n<p>El Progresar no es s\u00f3lo una medida de contenci\u00f3n a los j\u00f3venes, es mucho m\u00e1s. En un paso m\u00e1s en el dif\u00edcil camino de la igualdad, que no quiere decir que seamos todos iguales, sino que significa que todos debemos tener las mismas oportunidades. Es una pelea ganada en la batalla Cultural en la que luchamos a brazo partido todos los d\u00edas. Es, adem\u00e1s, una estocada al corto, mediano y largo plazo al monstruo de la inseguridad. Porque los pibes tienen que terminar la escuela, porque los j\u00f3venes que quieran estudiar, deben poder hacerlo. Porque no se cu\u00e1n importante es que la Presidenta este apoltronada en su sill\u00f3n de la Casa Rosada o en otro punto del pa\u00eds que gobierna, pero si se y estoy convencida que cuando se le mejora la calidad de vida a los que menos tienen, est\u00e1 bien, est\u00e1 espectacular.<\/p>\n","protected":false},"excerpt":{"rendered":"<p>Puedo decir que mientras escribo esto el d\u00f3lar, (el oficial, el \u00fanico que debe comunicarse p\u00fablicamente), cotiza a $8. Y la verdad que mucho m\u00e1s no estoy facultada para decir, puesto que no s\u00f3lo no soy economista, sino que analizo la econom\u00eda desde una formaci\u00f3n de las ciencias humanas, y por estos d\u00edas, presumo con obvio margen de error, que [&#8230;]<\/p>\n","protected":false},"author":11,"featured_media":0,"comment_status":"open","ping_status":"open","sticky":false,"template":"","format":"standard","meta":{"_jetpack_newsletter_access":"","_jetpack_dont_email_post_to_subs":false,"_jetpack_newsletter_tier_id":0,"_jetpack_memberships_contains_paywalled_content":false,"_jetpack_memberships_contains_paid_content":false,"footnotes":""},"categories":[64],"tags":[],"class_list":["post-39192","post","type-post","status-publish","format-standard","hentry","category-opinion"],"jetpack_featured_media_url":"","jetpack_shortlink":"https:\/\/wp.me\/p2JWE0-ac8","jetpack-related-posts":[{"id":112640,"url":"https:\/\/www.24baires.com\/?p=112640","url_meta":{"origin":39192,"position":0},"title":"Kicillof asegur\u00f3 que \u00abfracas\u00f3 el neoliberalismo en la Argentina\u00bb","author":"AF","date":"24\/10\/2019","format":false,"excerpt":"El candidato a gobernador del Frente de Todos asegur\u00f3 que prim\u00f3 un objetivo colectivo por sobre otro individualista. En el cierre de campa\u00f1a del Frente de Todos, ante una rambla repleta en la ciudad de Mar del Plata, el candidato a gobernador bonaerense, Axel Kicillof, asegur\u00f3 que en la Argentina\u2026","rel":"","context":"En \u00abPol\u00edtica\u00bb","block_context":{"text":"Pol\u00edtica","link":"https:\/\/www.24baires.com\/?cat=51"},"img":{"alt_text":"","src":"https:\/\/i0.wp.com\/www.24baires.com\/wp-content\/uploads\/2019\/08\/kicillof-1.jpg?resize=350%2C200","width":350,"height":200,"srcset":"https:\/\/i0.wp.com\/www.24baires.com\/wp-content\/uploads\/2019\/08\/kicillof-1.jpg?resize=350%2C200 1x, https:\/\/i0.wp.com\/www.24baires.com\/wp-content\/uploads\/2019\/08\/kicillof-1.jpg?resize=525%2C300 1.5x"},"classes":[]},{"id":104382,"url":"https:\/\/www.24baires.com\/?p=104382","url_meta":{"origin":39192,"position":1},"title":"CGT: \u00abInevitablemente vamos al paro, y esta medida de fuerza va a ser contundente\u00bb","author":"AF","date":"10\/09\/2018","format":false,"excerpt":"As\u00ed lo dijo, casi como pidiendo disculpas, uno de los integrantes del triunvirato que encabeza la CGT, Carlos Acu\u00f1a. \"No pueden decir que uno no da posibilidades. Tuvieron m\u00e1s de 20 d\u00edas para empezar a dar respuestas y no las dan\", argument\u00f3. Uno de los integrantes del triunvirato que encabeza\u2026","rel":"","context":"En \u00abSociedad\u00bb","block_context":{"text":"Sociedad","link":"https:\/\/www.24baires.com\/?cat=1"},"img":{"alt_text":"","src":"https:\/\/i0.wp.com\/www.24baires.com\/wp-content\/uploads\/2018\/09\/CGT-1.jpg?resize=350%2C200","width":350,"height":200,"srcset":"https:\/\/i0.wp.com\/www.24baires.com\/wp-content\/uploads\/2018\/09\/CGT-1.jpg?resize=350%2C200 1x, https:\/\/i0.wp.com\/www.24baires.com\/wp-content\/uploads\/2018\/09\/CGT-1.jpg?resize=525%2C300 1.5x"},"classes":[]},{"id":107773,"url":"https:\/\/www.24baires.com\/?p=107773","url_meta":{"origin":39192,"position":2},"title":"CFK presentar\u00e1 su libro \u00abSinceramente\u00bb","author":"AF","date":"23\/04\/2019","format":false,"excerpt":"La expresidenta lanzar\u00e1 el 26 de abril un texto que no es \"autobiogr\u00e1fico, ni tampoco una enumeraci\u00f3n de logros personales o pol\u00edticos\". \"Mauricio Macri es el caos y por eso creo firmemente que hay que volver a ordenar la Argentina\", se puede leer en un adelanto. La presentaci\u00f3n ser\u00e1 el\u2026","rel":"","context":"En \u00abPol\u00edtica\u00bb","block_context":{"text":"Pol\u00edtica","link":"https:\/\/www.24baires.com\/?cat=51"},"img":{"alt_text":"","src":"https:\/\/i0.wp.com\/www.24baires.com\/wp-content\/uploads\/2019\/04\/libro-cfk.jpg?resize=350%2C200","width":350,"height":200,"srcset":"https:\/\/i0.wp.com\/www.24baires.com\/wp-content\/uploads\/2019\/04\/libro-cfk.jpg?resize=350%2C200 1x, https:\/\/i0.wp.com\/www.24baires.com\/wp-content\/uploads\/2019\/04\/libro-cfk.jpg?resize=525%2C300 1.5x"},"classes":[]},{"id":76848,"url":"https:\/\/www.24baires.com\/?p=76848","url_meta":{"origin":39192,"position":3},"title":"Macri: el miedo era saber lo que har\u00eda","author":"AF","date":"24\/12\/2015","format":false,"excerpt":"Como conocemos a Macri, nada nos sorprende en verdad. Lo sabemos capaz de arremetidas violentas contra las instituciones, capaz de reprimir trabajadores sin detenerse siquiera a pensarlo. Lo sabemos capaz de destruir nuestros salarios, de devaluar nuestra moneda, de avergonzar a nuestro pa\u00eds en cumbres latinoamericanas. Lo sabemos capaz de\u2026","rel":"","context":"En \u00abOpini\u00f3n\u00bb","block_context":{"text":"Opini\u00f3n","link":"https:\/\/www.24baires.com\/?cat=64"},"img":{"alt_text":"macrii","src":"https:\/\/i0.wp.com\/www.24baires.com\/wp-content\/uploads\/2015\/12\/macrii.jpg?resize=350%2C200","width":350,"height":200,"srcset":"https:\/\/i0.wp.com\/www.24baires.com\/wp-content\/uploads\/2015\/12\/macrii.jpg?resize=350%2C200 1x, https:\/\/i0.wp.com\/www.24baires.com\/wp-content\/uploads\/2015\/12\/macrii.jpg?resize=525%2C300 1.5x"},"classes":[]},{"id":13208,"url":"https:\/\/www.24baires.com\/?p=13208","url_meta":{"origin":39192,"position":4},"title":"Abal Medina destac\u00f3 \u00abel esfuerzo de la Presidenta en hacer m\u00e1s unidos a los pueblos del sur\u00bb","author":"AF","date":"22\/01\/2013","format":false,"excerpt":"MAR DEL PLATA - Al comenzar su visita a la ciudad de la costa, el jefe de Gabinete remarc\u00f3 que el viaje a Emiratos \u00c1rabes de la Presidenta fue importante por la \"cuesti\u00f3n energ\u00e9tica\", la de Indonesia por la \"cuesti\u00f3n econ\u00f3mica\" y la de Vietnam, por la \"cuesti\u00f3n econ\u00f3mica e\u2026","rel":"","context":"En \u00abPol\u00edtica\u00bb","block_context":{"text":"Pol\u00edtica","link":"https:\/\/www.24baires.com\/?cat=51"},"img":{"alt_text":"abal medina unzu\u00e9","src":"https:\/\/i0.wp.com\/www.24baires.com\/wp-content\/uploads\/2013\/01\/abal-medina-unzu%C3%A9.jpg?resize=350%2C200","width":350,"height":200,"srcset":"https:\/\/i0.wp.com\/www.24baires.com\/wp-content\/uploads\/2013\/01\/abal-medina-unzu%C3%A9.jpg?resize=350%2C200 1x, https:\/\/i0.wp.com\/www.24baires.com\/wp-content\/uploads\/2013\/01\/abal-medina-unzu%C3%A9.jpg?resize=525%2C300 1.5x"},"classes":[]},{"id":90025,"url":"https:\/\/www.24baires.com\/?p=90025","url_meta":{"origin":39192,"position":5},"title":"Macri anticip\u00f3 un triunfo electoral en las elecciones legislativas de 2017","author":"AF","date":"20\/11\/2016","format":false,"excerpt":"El Presidente anticip\u00f3 que se impondr\u00e1 en los comicios de medio t\u00e9rmino de 2017 porque \"la gente querr\u00e1 consolidar el nuevo rumbo\". Macri concendi\u00f3 una entrevista al diario Clar\u00edn, con motivo de cumplirse el martes pr\u00f3ximo un a\u00f1o de su triunfo electoral en segunda vuelta. En un reportaje exclusivo al\u2026","rel":"","context":"En \u00abPol\u00edtica\u00bb","block_context":{"text":"Pol\u00edtica","link":"https:\/\/www.24baires.com\/?cat=51"},"img":{"alt_text":"Mauricio Macri","src":"https:\/\/i0.wp.com\/www.24baires.com\/wp-content\/uploads\/2016\/08\/Mauricio-Macri.jpg?resize=350%2C200","width":350,"height":200,"srcset":"https:\/\/i0.wp.com\/www.24baires.com\/wp-content\/uploads\/2016\/08\/Mauricio-Macri.jpg?resize=350%2C200 1x, https:\/\/i0.wp.com\/www.24baires.com\/wp-content\/uploads\/2016\/08\/Mauricio-Macri.jpg?resize=525%2C300 1.5x"},"classes":[]}],"jetpack_sharing_enabled":true,"jetpack_likes_enabled":true,"_links":{"self":[{"href":"https:\/\/www.24baires.com\/index.php?rest_route=\/wp\/v2\/posts\/39192","targetHints":{"allow":["GET"]}}],"collection":[{"href":"https:\/\/www.24baires.com\/index.php?rest_route=\/wp\/v2\/posts"}],"about":[{"href":"https:\/\/www.24baires.com\/index.php?rest_route=\/wp\/v2\/types\/post"}],"author":[{"embeddable":true,"href":"https:\/\/www.24baires.com\/index.php?rest_route=\/wp\/v2\/users\/11"}],"replies":[{"embeddable":true,"href":"https:\/\/www.24baires.com\/index.php?rest_route=%2Fwp%2Fv2%2Fcomments&post=39192"}],"version-history":[{"count":1,"href":"https:\/\/www.24baires.com\/index.php?rest_route=\/wp\/v2\/posts\/39192\/revisions"}],"predecessor-version":[{"id":39195,"href":"https:\/\/www.24baires.com\/index.php?rest_route=\/wp\/v2\/posts\/39192\/revisions\/39195"}],"wp:attachment":[{"href":"https:\/\/www.24baires.com\/index.php?rest_route=%2Fwp%2Fv2%2Fmedia&parent=39192"}],"wp:term":[{"taxonomy":"category","embeddable":true,"href":"https:\/\/www.24baires.com\/index.php?rest_route=%2Fwp%2Fv2%2Fcategories&post=39192"},{"taxonomy":"post_tag","embeddable":true,"href":"https:\/\/www.24baires.com\/index.php?rest_route=%2Fwp%2Fv2%2Ftags&post=39192"}],"curies":[{"name":"wp","href":"https:\/\/api.w.org\/{rel}","templated":true}]}}