{"id":39102,"date":"2014-01-23T20:51:56","date_gmt":"2014-01-23T23:51:56","guid":{"rendered":"http:\/\/www.24baires.com\/?p=39102"},"modified":"2014-01-23T20:51:56","modified_gmt":"2014-01-23T23:51:56","slug":"progresar-para-evitar-la-mala-vida","status":"publish","type":"post","link":"https:\/\/www.24baires.com\/?p=39102","title":{"rendered":"Progresar para evitar la mala vida"},"content":{"rendered":"<p style=\"text-align: left;\"><img data-recalc-dims=\"1\" loading=\"lazy\" decoding=\"async\" class=\"aligncenter  wp-image-39103\" alt=\"escuela\" src=\"https:\/\/i0.wp.com\/www.24baires.com\/wp-content\/uploads\/2014\/01\/escuela.jpg?resize=560%2C375\" width=\"560\" height=\"375\" \/>Los crimin\u00f3logos de comienzos del siglo XX ten\u00edan como eje de sus preocupaciones la b\u00fasqueda de las ra\u00edces del delito, preocupaciones que, v\u00e1lido es recordarlo, con el auxilio de la ciencia m\u00e9dica, los llevaron a trepanar cr\u00e1neos para auscultar los vericuetos cerebrales e individualizar ciertos rasgos f\u00edsicos (orejas apantalladas, narices ganchudas, mentones prominentes, mirada esquiva, etc\u00e9tera) que, de acuerdo a sus pareceres, exteriorizaban una mayor propensi\u00f3n a las conductas antisociales.<!--more--><\/p>\n<p>La pertinaz b\u00fasqueda de estos crimin\u00f3logos, influenciados por una concepci\u00f3n perfeccionista del\u00a0 hombre, y de la vida misma (que promediando el siglo pasado abrir\u00eda paso a ciertas tragedias humanitarias que desembocar\u00edan en verdaderos genocidios), tambi\u00e9n los llev\u00f3 a bucear en la \u201cmala vida\u201d, entendiendo por tal a la forma de relacionarse con el mundo de los desplazados de la sociedad: desocupados y subocupados, prostitutas, mendigos, vagabundos, fulleros, pungas, adictos, disidentes y una variada gama de categor\u00edas que, a\u00fan hoy en d\u00eda, siguen preocupando a algunos \u201cespecialistas\u201d en el estudio de la conducta humana.<\/p>\n<p>Hasta tal punto esta pr\u00e9dica calar\u00eda hondo en la conciencia social que la tem\u00e1tica fue musa inspiradora de la letra de varios tangos (\u201cAlma de loca\u201d, \u201cCallejera\u201d,\u00a0 \u201cAtorrante\u201d, \u201cMu\u00f1eca brava\u201d, y otros) y cintas cinematogr\u00e1ficas (principalmente \u201cLa malavida\u201d, con Hugo Del Carril y Soledad Silveira -1973-).<\/p>\n<p>Nuestros especialistas vern\u00e1culos (tambi\u00e9n los de otras latitudes), entend\u00edan que la mala vida, identificada con la peligrosidad delincuencial, deb\u00eda ser enderezada con una vara moral (moralista) que persuadiese (impusiese) a los desviados, no sin cierto rigor, una forma de vida acorde con sus expectativas y modelos\u00a0 de comportamiento, en l\u00ednea con la civilizaci\u00f3n occidental.<\/p>\n<p>Hoy, estudios m\u00e1s serios, menos intuitivos, en los cuales son coincidentes numerosos organismos internacionales, que han estudiado la realidad social de modo emp\u00edrico, se\u00f1alan que la mala vida no es una opci\u00f3n personal, a la que se llega como consecuencia de una libre elecci\u00f3n. Muy por el contrario, la mala vida es una consecuencia. La\u00a0 consecuencia de una inequitativa distribuci\u00f3n de la riqueza, que condena a buena parte de la humanidad a subsistir con escasos recursos, por debajo de la l\u00ednea de la pobreza. Desequilibrio que, lejos de ser natural, es provocado por un desenfrenado capitalismo, inmune a cualquier tipo de sensibilidad.<\/p>\n<p>Tambi\u00e9n se coincide que la mala vida (traducida m\u00e1s espec\u00edficamente como exclusi\u00f3n y marginalidad) es una de las fuentes de producci\u00f3n de ciertos delitos o, al menos, de los delitos favoritos de una prensa medi\u00e1tica que lucra generando p\u00e1nico y alarma en ciertos sectores de la poblaci\u00f3n, algunas veces con fundadas razones (aclaremos que otra buena parte de los delitos que atraviesan a la sociedad son producidos por personas que tienen una muy buena vida, pero estos son hechos que, lejos de generar p\u00e1nico y alarma, suelen generan deseos de emulaci\u00f3n).<\/p>\n<p>Si bien no podemos incurrir en el simplismo de pensar que la inclusi\u00f3n har\u00e1 cesar m\u00e1gicamente la comisi\u00f3n de delitos (de ciertos delitos), ya que la conflictividad social es multicausal, lo cierto es que la promoci\u00f3n de los ciudadanos que viven fuera de los beneficios de la vida en sociedad, la igualdad de oportunidades, el acceso a los derechos econ\u00f3micos, sociales y culturales, contribuye, en forma decidida, a disminuir riesgos potenciales y reales de conflictividad.<\/p>\n<p>El programa \u201cProgresar\u201d, recientemente lanzado por el gobierno nacional, objetivamente visto, es una acci\u00f3n positiva, de efectos mediatos e inmediatos, que se orienta en la correcta direcci\u00f3n de la inclusi\u00f3n y la promoci\u00f3n de los ciudadanos m\u00e1s vulnerables, proclives a tener conflictos con la ley penal o, mejor dicho, con quienes la ley penal suele tener conflictos, seg\u00fan suele reflexionar Rodrigo Morabito, juez de menores de Catamarca.<\/p>\n<p>No de otra manera puede ser vista la convocatoria para que aproximadamente 1.400.000 j\u00f3venes de entre 18 y 24 a\u00f1os de edad, con dificultades de inserci\u00f3n, comiencen o retomen sus estudios, a cambio de una suma mensual de dinero.<\/p>\n<p>Es probable que existan otras iniciativas o programas mejores, m\u00e1s integrales, acerca de los cuales los argentinos venimos discutiendo y filosofando desde hace d\u00e9cadas. Esperamos que los gobiernos futuros, que indefectiblemente sobrevendr\u00e1n, como consecuencia de la natural din\u00e1mica de la pol\u00edtica y la democracia, los implementen y desarrollen, pasando de los dichos a los hechos, aspecto que tambi\u00e9n nos resulta bastante dificultoso realizar a los argentinos. Pero lo cierto es que hoy y aqu\u00ed es necesario intervenir, de modo urgente, en realidades francamente desfavorables, que si no reciben la atenci\u00f3n oficial, indefectiblemente desembocar\u00e1n en conflictos de diversa \u00edndole.<\/p>\n<p>No me encuentro en condiciones de hacer futurolog\u00eda, de predecir cu\u00e1l ser\u00e1 el impacto de esta medida en la conflictiva social. Es probable que algunos de los beneficiarios no aprovechen la oportunidad y destinen el esfuerzo colectivo a otros fines, menos edificantes. Pero seguramente habr\u00e1 miles de j\u00f3venes a los que esta iniciativa abrir\u00e1 una puerta al futuro, les permitir\u00e1 avizorar otras posibilidades de vida, forjar nuevos proyectos vitales. Si ocurre de esa manera, como estoy seguro que suceder\u00e1, ya que no podemos darnos el lujo de la desesperanza y la desaz\u00f3n, bien valdr\u00e1 la pena el esfuerzo de la inversi\u00f3n.<\/p>\n<p>La Argentina no tendr\u00e1 futuro con excluidos y marginados.<\/p>\n<p>&nbsp;<\/p>\n<p>&nbsp;<\/p>\n<p>&nbsp;<\/p>\n<p>&nbsp;<\/p>\n<p>&nbsp;<\/p>\n<p>&nbsp;<\/p>\n<p>&nbsp;<\/p>\n<p>&nbsp;<\/p>\n<p>&nbsp;<\/p>\n<p>&nbsp;<\/p>\n<p>&nbsp;<\/p>\n","protected":false},"excerpt":{"rendered":"<p>Los crimin\u00f3logos de comienzos del siglo XX ten\u00edan como eje de sus preocupaciones la b\u00fasqueda de las ra\u00edces del delito, preocupaciones que, v\u00e1lido es recordarlo, con el auxilio de la ciencia m\u00e9dica, los llevaron a trepanar cr\u00e1neos para auscultar los vericuetos cerebrales e individualizar ciertos rasgos f\u00edsicos (orejas apantalladas, narices ganchudas, mentones prominentes, mirada esquiva, etc\u00e9tera) que, de acuerdo a [&#8230;]<\/p>\n","protected":false},"author":8,"featured_media":0,"comment_status":"open","ping_status":"open","sticky":false,"template":"","format":"standard","meta":{"_jetpack_newsletter_access":"","_jetpack_dont_email_post_to_subs":false,"_jetpack_newsletter_tier_id":0,"_jetpack_memberships_contains_paywalled_content":false,"_jetpack_memberships_contains_paid_content":false,"footnotes":""},"categories":[64],"tags":[],"class_list":["post-39102","post","type-post","status-publish","format-standard","hentry","category-opinion"],"jetpack_featured_media_url":"","jetpack_shortlink":"https:\/\/wp.me\/p2JWE0-aaG","jetpack-related-posts":[{"id":30608,"url":"https:\/\/www.24baires.com\/?p=30608","url_meta":{"origin":39102,"position":0},"title":"\u00abNo vamos a dejar de defender la condici\u00f3n ni la dignidad humana\u00bb","author":"GB","date":"22\/08\/2013","format":false,"excerpt":"El secretario de Derechos Humanos, Mart\u00edn Fresneda, dijo que las c\u00e1rceles deben garantizar \"condiciones de detenci\u00f3n dignas, incluso a quienes fueron responsables de la muerte de nuestros padres\". \"Me parece que en estos tiempos el Servicio Penitenciario Federal ha sabido incorporar la perspectiva de derechos humanos\" en las c\u00e1rceles, dijo\u2026","rel":"","context":"En \u00abPol\u00edtica\u00bb","block_context":{"text":"Pol\u00edtica","link":"https:\/\/www.24baires.com\/?cat=51"},"img":{"alt_text":"Fresneda","src":"https:\/\/i0.wp.com\/www.24baires.com\/wp-content\/uploads\/2013\/08\/Fresneda.jpg?resize=350%2C200","width":350,"height":200,"srcset":"https:\/\/i0.wp.com\/www.24baires.com\/wp-content\/uploads\/2013\/08\/Fresneda.jpg?resize=350%2C200 1x, https:\/\/i0.wp.com\/www.24baires.com\/wp-content\/uploads\/2013\/08\/Fresneda.jpg?resize=525%2C300 1.5x"},"classes":[]},{"id":40792,"url":"https:\/\/www.24baires.com\/?p=40792","url_meta":{"origin":39102,"position":1},"title":"Lomas de Zamora: lanzaron un megaoperativo de control en Villa Centenario","author":"Grupo Sierra","date":"20\/02\/2014","format":false,"excerpt":"En un trabajo conjunto impulsado por la Secretar\u00eda de Seguridad y Justicia a trav\u00e9s del Programa Seguridad Lomas con agentes del Centro de Protecci\u00f3n Urbana (CPU), inspectores de la Direcci\u00f3n Municipal de Tr\u00e1nsito y oficiales de Gendarmer\u00eda Nacional y Polic\u00eda Bonaerense, se realiz\u00f3 un operativo de control vehicular y prevenci\u00f3n\u2026","rel":"","context":"En \u00abLocales\u00bb","block_context":{"text":"Locales","link":"https:\/\/www.24baires.com\/?cat=38"},"img":{"alt_text":"operativo","src":"https:\/\/i0.wp.com\/www.24baires.com\/wp-content\/uploads\/2014\/02\/operativo.jpg?resize=350%2C200","width":350,"height":200,"srcset":"https:\/\/i0.wp.com\/www.24baires.com\/wp-content\/uploads\/2014\/02\/operativo.jpg?resize=350%2C200 1x, https:\/\/i0.wp.com\/www.24baires.com\/wp-content\/uploads\/2014\/02\/operativo.jpg?resize=525%2C300 1.5x"},"classes":[]},{"id":46909,"url":"https:\/\/www.24baires.com\/?p=46909","url_meta":{"origin":39102,"position":2},"title":"Usurpaci\u00f3n, espacio p\u00fablico y el lugar de nuestros derechos","author":"Grupo Sierra","date":"28\/05\/2014","format":false,"excerpt":"(Por Gustavo A. Beade*)-Comenzamos a preocuparnos por las usurpaciones que ocurr\u00edan en lugares p\u00fablicos a partir de lo sucedido en el Parque Indoamericano all\u00e1 por el a\u00f1o 2010. Luego de un tiempo, este a\u00f1o nuevas usurpaciones se produjeron en lugares cercanos generando conflictos a\u00fan no resueltos. Usurpar un terreno, como\u2026","rel":"","context":"En \u00abOpini\u00f3n\u00bb","block_context":{"text":"Opini\u00f3n","link":"https:\/\/www.24baires.com\/?cat=64"},"img":{"alt_text":"toma parque indoamericano","src":"https:\/\/i0.wp.com\/www.24baires.com\/wp-content\/uploads\/2014\/05\/toma-parque-indoamericano.jpg?resize=350%2C200","width":350,"height":200,"srcset":"https:\/\/i0.wp.com\/www.24baires.com\/wp-content\/uploads\/2014\/05\/toma-parque-indoamericano.jpg?resize=350%2C200 1x, https:\/\/i0.wp.com\/www.24baires.com\/wp-content\/uploads\/2014\/05\/toma-parque-indoamericano.jpg?resize=525%2C300 1.5x"},"classes":[]},{"id":6516,"url":"https:\/\/www.24baires.com\/?p=6516","url_meta":{"origin":39102,"position":3},"title":"Lorenzetti y Zaffaroni presentar\u00e1n una nueva investigaci\u00f3n sobre homicidios dolosos","author":"AF","date":"23\/11\/2012","format":false,"excerpt":"Ser\u00e1 el pr\u00f3ximo mi\u00e9rcoles, a las 11, en el Palacio de Justicia. El estudio abarca hechos registrados durante 2011 en la Ciudad de Buenos Aires, La Plata y San Mart\u00edn. Estar\u00e1n presentes los ministros de Justicia, Julio Alak, y de Seguridad, Nilda Garr\u00e9. El presidente de la Corte Suprema de\u2026","rel":"","context":"En \u00abSociedad\u00bb","block_context":{"text":"Sociedad","link":"https:\/\/www.24baires.com\/?cat=1"},"img":{"alt_text":"","src":"https:\/\/i0.wp.com\/www.24baires.com\/wp-content\/uploads\/2012\/11\/lorenzetti-zaffaroni.jpg?resize=350%2C200","width":350,"height":200},"classes":[]},{"id":58812,"url":"https:\/\/www.24baires.com\/?p=58812","url_meta":{"origin":39102,"position":4},"title":"Aprobaron la creaci\u00f3n del Observatorio de Seguridad P\u00fablica en la Provincia","author":"AF","date":"18\/12\/2014","format":false,"excerpt":"La C\u00e1mara de Diputados bonaerense aprob\u00f3 el proyecto de Ley para la creaci\u00f3n de un Observatorio de la Seguridad P\u00fablica en la provincia de Buenos Aires que tendr\u00e1 como misi\u00f3n conocer y analizar las problem\u00e1ticas vinculadas a la seguridad y el estado de las herramientas disponibles para abordarlas. A partir\u2026","rel":"","context":"En \u00abProvincia\u00bb","block_context":{"text":"Provincia","link":"https:\/\/www.24baires.com\/?cat=40"},"img":{"alt_text":"","src":"","width":0,"height":0},"classes":[]},{"id":6857,"url":"https:\/\/www.24baires.com\/?p=6857","url_meta":{"origin":39102,"position":5},"title":"\u201cEn materia de seguridad, hacemos todo lo que podemos hacer\u201d, dijo Lunghi","author":"AF","date":"26\/11\/2012","format":false,"excerpt":"TANDIL - El Intendente de Tandil, Miguel Lunghi, se refiri\u00f3 al tema de la inseguridad en la ciudad, especialmente luego que durante el fin de semana se produjeran dos violentos asaltos en viviendas particulares en las que los malvivientes se alzaron con importantes sumas de dinero. \u201cEl tema de la\u2026","rel":"","context":"En \u00abLocales\u00bb","block_context":{"text":"Locales","link":"https:\/\/www.24baires.com\/?cat=38"},"img":{"alt_text":"","src":"https:\/\/i0.wp.com\/www.24baires.com\/wp-content\/uploads\/2012\/11\/lunghi-tandil.jpg?resize=350%2C200","width":350,"height":200},"classes":[]}],"jetpack_sharing_enabled":true,"jetpack_likes_enabled":true,"_links":{"self":[{"href":"https:\/\/www.24baires.com\/index.php?rest_route=\/wp\/v2\/posts\/39102","targetHints":{"allow":["GET"]}}],"collection":[{"href":"https:\/\/www.24baires.com\/index.php?rest_route=\/wp\/v2\/posts"}],"about":[{"href":"https:\/\/www.24baires.com\/index.php?rest_route=\/wp\/v2\/types\/post"}],"author":[{"embeddable":true,"href":"https:\/\/www.24baires.com\/index.php?rest_route=\/wp\/v2\/users\/8"}],"replies":[{"embeddable":true,"href":"https:\/\/www.24baires.com\/index.php?rest_route=%2Fwp%2Fv2%2Fcomments&post=39102"}],"version-history":[{"count":1,"href":"https:\/\/www.24baires.com\/index.php?rest_route=\/wp\/v2\/posts\/39102\/revisions"}],"predecessor-version":[{"id":39104,"href":"https:\/\/www.24baires.com\/index.php?rest_route=\/wp\/v2\/posts\/39102\/revisions\/39104"}],"wp:attachment":[{"href":"https:\/\/www.24baires.com\/index.php?rest_route=%2Fwp%2Fv2%2Fmedia&parent=39102"}],"wp:term":[{"taxonomy":"category","embeddable":true,"href":"https:\/\/www.24baires.com\/index.php?rest_route=%2Fwp%2Fv2%2Fcategories&post=39102"},{"taxonomy":"post_tag","embeddable":true,"href":"https:\/\/www.24baires.com\/index.php?rest_route=%2Fwp%2Fv2%2Ftags&post=39102"}],"curies":[{"name":"wp","href":"https:\/\/api.w.org\/{rel}","templated":true}]}}