{"id":3903,"date":"2012-10-30T20:41:38","date_gmt":"2012-10-30T23:41:38","guid":{"rendered":"http:\/\/www.24baires.com\/?p=3903"},"modified":"2012-10-30T20:41:38","modified_gmt":"2012-10-30T23:41:38","slug":"armendariz-ya-es-el-titular-de-la-ucr-bonaerense","status":"publish","type":"post","link":"https:\/\/www.24baires.com\/?p=3903","title":{"rendered":"Armend\u00e1riz ya es el titular de la UCR bonaerense"},"content":{"rendered":"<p><img data-recalc-dims=\"1\" loading=\"lazy\" decoding=\"async\" class=\"alignleft  wp-image-3904\" title=\"armendariz\" src=\"https:\/\/i0.wp.com\/www.24baires.com\/wp-content\/uploads\/2012\/10\/armendariz.jpg?resize=243%2C201\" alt=\"\" width=\"243\" height=\"201\" srcset=\"https:\/\/i0.wp.com\/www.24baires.com\/wp-content\/uploads\/2012\/10\/armendariz.jpg?resize=300%2C248&amp;ssl=1 300w, https:\/\/i0.wp.com\/www.24baires.com\/wp-content\/uploads\/2012\/10\/armendariz.jpg?w=560&amp;ssl=1 560w\" sizes=\"auto, (max-width: 243px) 100vw, 243px\" \/>Finalmente, Alejandro Armend\u00e1riz se puso al frente de la conducci\u00f3n del radicalismo bonaerense. Su asunci\u00f3n se produce luego de un complejo proceso interno que incluy\u00f3 impugnaciones, acusaciones y postergaciones.<!--more--><\/p>\n<p>La nueva conducci\u00f3n surgi\u00f3 del acuerdo de todos los sectores del centenario partido. Durante el mitin que tuvo lugar en la sede de la Junta Central, calle 48 entre 5 y 6 de La Plata, Armend\u00e1riz, alineado al alfonsinismo y que reemplaza al diputado nacional del mismo sector, Miguel Bazze, asumi\u00f3 acompa\u00f1ado del ex intendente de Tres Lomas, Mario Espada, en la vicepresidencia; el diputado Sergio Panella en la vice 1\u00ba y Cecilia Moreau, en la Secretar\u00eda General.<br \/>\nLa lista de unidad surgi\u00f3 de un complejo acuerdo interno entre el oficialismo liderado por Ricardo Alfons\u00edn, en t\u00e1ndem como el intendente de San Isidro Gustavo Posse, y los sectores de la oposici\u00f3n nucleados en Nuevos Aires que incluye jefes comunales como Mario Meoni, H\u00e9ctor Guti\u00e9rrez, Panella y los hist\u00f3ricos Leopoldo Moreau y Federico Storani.<br \/>\nEn tanto, los cuatro delegados ante el Comit\u00e9 Nacional partidario ser\u00e1n Meoni, Juan Manuel Casella, Lorena Tetaz y Alfons\u00edn.<\/p>\n","protected":false},"excerpt":{"rendered":"<p>Finalmente, Alejandro Armend\u00e1riz se puso al frente de la conducci\u00f3n del radicalismo bonaerense. Su asunci\u00f3n se produce luego de un complejo proceso interno que incluy\u00f3 impugnaciones, acusaciones y postergaciones.<\/p>\n","protected":false},"author":11,"featured_media":0,"comment_status":"open","ping_status":"open","sticky":false,"template":"","format":"standard","meta":{"_jetpack_newsletter_access":"","_jetpack_dont_email_post_to_subs":false,"_jetpack_newsletter_tier_id":0,"_jetpack_memberships_contains_paywalled_content":false,"_jetpack_memberships_contains_paid_content":false,"footnotes":""},"categories":[51],"tags":[],"class_list":["post-3903","post","type-post","status-publish","format-standard","hentry","category-politica"],"jetpack_featured_media_url":"","jetpack_shortlink":"https:\/\/wp.me\/p2JWE0-10X","jetpack-related-posts":[{"id":596,"url":"https:\/\/www.24baires.com\/?p=596","url_meta":{"origin":3903,"position":0},"title":"Armend\u00e1riz ser\u00e1 el nuevo titular del radicalismo bonaerense","author":"Grupo Sierra","date":"27\/09\/2012","format":false,"excerpt":"El acuerdo fue alcanzado hoy entre el oficialismo alfonsinista y los opositores de Nuevos Aires, que nuclea a ex cobistas, Renovadores y los sectores de Leopoldo Moreau y Federico Storani. \u00a0De esta manera la UCR evit\u00f3 la interna. El diputado provincial Alejandro Armend\u00e1riz (h) ser\u00e1 designado como el nuevo titular\u2026","rel":"","context":"En \u00abPol\u00edtica\u00bb","block_context":{"text":"Pol\u00edtica","link":"https:\/\/www.24baires.com\/?cat=51"},"img":{"alt_text":"","src":"","width":0,"height":0},"classes":[]},{"id":1591,"url":"https:\/\/www.24baires.com\/?p=1591","url_meta":{"origin":3903,"position":1},"title":"No habr\u00e1 internas en la UCR bonaerense","author":"AF","date":"10\/10\/2012","format":false,"excerpt":"Sobre la medianoche de este martes, la UCR bonaerense acord\u00f3 definitivamente una lista de unidad entre la conducci\u00f3n provincial, representada por el diputado Ricardo Alfons\u00edn y el intendente de San Isidro, Gustavo Posse, y la oposici\u00f3n, que integra el espacio denominado Nuevos Aires y entre quienes se destacan los intendentes\u2026","rel":"","context":"En \u00abPol\u00edtica\u00bb","block_context":{"text":"Pol\u00edtica","link":"https:\/\/www.24baires.com\/?cat=51"},"img":{"alt_text":"","src":"","width":0,"height":0},"classes":[]},{"id":3660,"url":"https:\/\/www.24baires.com\/?p=3660","url_meta":{"origin":3903,"position":2},"title":"Asume la nueva conducci\u00f3n de la UCR bonaerense","author":"Grupo Sierra","date":"29\/10\/2012","format":false,"excerpt":"Con un acto que se realizar\u00e1 este martes a las 20 en la Junta Central partidaria de La Plata, asumir\u00e1n los integrantes de la nueva conducci\u00f3n de la UCR bonaerense tras el trabajoso acuerdo de unidad que lograron sellar los distintos sectores internos. Tras el cimbronazo que desat\u00f3 la foto\u2026","rel":"","context":"En \u00abPol\u00edtica\u00bb","block_context":{"text":"Pol\u00edtica","link":"https:\/\/www.24baires.com\/?cat=51"},"img":{"alt_text":"","src":"","width":0,"height":0},"classes":[]},{"id":53230,"url":"https:\/\/www.24baires.com\/?p=53230","url_meta":{"origin":3903,"position":3},"title":"Se presentan dos listas para elegir la conducci\u00f3n de la UCR bonaerense","author":"Grupo Sierra","date":"07\/09\/2014","format":false,"excerpt":"El radicalismo bonaerense elegir\u00e1 este domingo una nueva conducci\u00f3n partidaria en el marco de una interna donde m\u00e1s de 600 mil afiliados podr\u00e1n elegir entre dos listas: la oficialista 27, que lleva como candidato a presidente del Comit\u00e9 Provincia al actual diputado nacional Ricardo Alfons\u00edn, y la 2015, que postula\u2026","rel":"","context":"En \u00abPol\u00edtica\u00bb","block_context":{"text":"Pol\u00edtica","link":"https:\/\/www.24baires.com\/?cat=51"},"img":{"alt_text":"ucr","src":"https:\/\/i0.wp.com\/www.24baires.com\/wp-content\/uploads\/2013\/03\/ucr-300x190.jpg?resize=350%2C200","width":350,"height":200},"classes":[]},{"id":25199,"url":"https:\/\/www.24baires.com\/?p=25199","url_meta":{"origin":3903,"position":4},"title":"Un sector del FAP y la UCR sellaron un acuerdo en la Provincia de Buenos Aires","author":"Grupo Sierra","date":"05\/06\/2013","format":false,"excerpt":"La UCR y un sector del FAP acordaron la constituci\u00f3n de un frente electoral en la provincia de Buenos Aires para presentar una lista \u00fanica de candidatos a diputados nacionales y provinciales en los comicios de octubre. \u00a0 As\u00ed fue resuelto en una reuni\u00f3n que mantuvieron la conducci\u00f3n del radicalismo\u2026","rel":"","context":"En \u00abPol\u00edtica\u00bb","block_context":{"text":"Pol\u00edtica","link":"https:\/\/www.24baires.com\/?cat=51"},"img":{"alt_text":"margarita ricardito","src":"https:\/\/i0.wp.com\/www.24baires.com\/wp-content\/uploads\/2013\/06\/margarita-ricardito-300x225.jpg?resize=350%2C200","width":350,"height":200},"classes":[]},{"id":2170,"url":"https:\/\/www.24baires.com\/?p=2170","url_meta":{"origin":3903,"position":5},"title":"Moreau rechaz\u00f3 una alianza con la centroderecha con \u201ctufillo neomenemista\u201d","author":"Grupo Sierra","date":"14\/10\/2012","format":false,"excerpt":"El ex senador y dirigente bonaerense del radicalismo, Leopoldo Moreau, sali\u00f3 hoy al cruce de las declaraciones del intendente de San Isidro, Gustavo Posse, y rechaz\u00f3 la conformaci\u00f3n de un \"frente de centroderecha con un fuerte tufillo neomenemista\", en relaci\u00f3n a un acuerdo con el PRO, de Mauricio Macri. Para\u2026","rel":"","context":"En \u00abPol\u00edtica\u00bb","block_context":{"text":"Pol\u00edtica","link":"https:\/\/www.24baires.com\/?cat=51"},"img":{"alt_text":"","src":"https:\/\/i0.wp.com\/www.24baires.com\/wp-content\/uploads\/2012\/10\/moreau74823-300x224.jpg?resize=350%2C200","width":350,"height":200},"classes":[]}],"jetpack_sharing_enabled":true,"jetpack_likes_enabled":true,"_links":{"self":[{"href":"https:\/\/www.24baires.com\/index.php?rest_route=\/wp\/v2\/posts\/3903","targetHints":{"allow":["GET"]}}],"collection":[{"href":"https:\/\/www.24baires.com\/index.php?rest_route=\/wp\/v2\/posts"}],"about":[{"href":"https:\/\/www.24baires.com\/index.php?rest_route=\/wp\/v2\/types\/post"}],"author":[{"embeddable":true,"href":"https:\/\/www.24baires.com\/index.php?rest_route=\/wp\/v2\/users\/11"}],"replies":[{"embeddable":true,"href":"https:\/\/www.24baires.com\/index.php?rest_route=%2Fwp%2Fv2%2Fcomments&post=3903"}],"version-history":[{"count":3,"href":"https:\/\/www.24baires.com\/index.php?rest_route=\/wp\/v2\/posts\/3903\/revisions"}],"predecessor-version":[{"id":3908,"href":"https:\/\/www.24baires.com\/index.php?rest_route=\/wp\/v2\/posts\/3903\/revisions\/3908"}],"wp:attachment":[{"href":"https:\/\/www.24baires.com\/index.php?rest_route=%2Fwp%2Fv2%2Fmedia&parent=3903"}],"wp:term":[{"taxonomy":"category","embeddable":true,"href":"https:\/\/www.24baires.com\/index.php?rest_route=%2Fwp%2Fv2%2Fcategories&post=3903"},{"taxonomy":"post_tag","embeddable":true,"href":"https:\/\/www.24baires.com\/index.php?rest_route=%2Fwp%2Fv2%2Ftags&post=3903"}],"curies":[{"name":"wp","href":"https:\/\/api.w.org\/{rel}","templated":true}]}}