{"id":3894,"date":"2012-10-30T20:21:09","date_gmt":"2012-10-30T23:21:09","guid":{"rendered":"http:\/\/www.24baires.com\/?p=3894"},"modified":"2012-10-31T11:27:20","modified_gmt":"2012-10-31T14:27:20","slug":"la-comision-provincial-de-la-memoria-insiste-en-el-reclamo-por-el-recorte-del-34","status":"publish","type":"post","link":"https:\/\/www.24baires.com\/?p=3894","title":{"rendered":"La Comisi\u00f3n Provincial por la Memoria insiste en el reclamo por el recorte del 34%"},"content":{"rendered":"<p style=\"text-align: center;\"><img data-recalc-dims=\"1\" loading=\"lazy\" decoding=\"async\" class=\"size-full wp-image-3895 aligncenter\" title=\"comision-provincial-memoria-conf\" src=\"https:\/\/i0.wp.com\/www.24baires.com\/wp-content\/uploads\/2012\/10\/comision-provincial-memoria-conf.jpg?resize=560%2C386\" alt=\"\" width=\"560\" height=\"386\" srcset=\"https:\/\/i0.wp.com\/www.24baires.com\/wp-content\/uploads\/2012\/10\/comision-provincial-memoria-conf.jpg?w=560&amp;ssl=1 560w, https:\/\/i0.wp.com\/www.24baires.com\/wp-content\/uploads\/2012\/10\/comision-provincial-memoria-conf.jpg?resize=300%2C206&amp;ssl=1 300w\" sizes=\"auto, (max-width: 560px) 100vw, 560px\" \/><\/p>\n<p>El co-presidente de la Comisi\u00f3n Provincial por la Memoria, Hugo Ca\u00f1\u00f3n, habl\u00f3 de cara a una reuni\u00f3n que mantendr\u00e1n ma\u00f1ana con el Ejecutivo. \u201cTodo lo que sea reducci\u00f3n en materia de derechos humanos es un retroceso en la b\u00fasqueda de la verdad, la justicia y la memoria\u201d, precis\u00f3. La decana de la Facultad de Periodismo, Florencia Saintout, acompa\u00f1\u00f3 el reclamo. Hoy brindaron una conferencia de prensa.<!--more--><\/p>\n<p>La Comisi\u00f3n Provincial por la Memoria (CPM) brind\u00f3 hoy una conferencia de prensa contra el recorte del 34 por ciento sobre el organismo, promovido por el gobernador Daniel Scioli.<\/p>\n<p>En ese marco, los integrantes de la CPM anunciaron que fueron convocados por el Secretario de Derechos Humanos, Guido Carlotto, para mantener una reuni\u00f3n con el jefe de Gabinete, Alberto P\u00e9rez, aunque no confirm\u00f3 la presencia de Scioli. El encuentro est\u00e1 previsto para las 15.30 y se espera que el Ejecutivo provincial d\u00e9 una respuesta al reclamo contra el recorte presupuestario.<\/p>\n<p>\u201cEl recorte que ha impuesto el gobernador Scioli significa un cambio de paradigma en materia de derechos humanos. En los trece a\u00f1os que llevamos de existencia como organismo plural, independiente y aut\u00f3nomo, jam\u00e1s hemos tenido un cercenamiento como \u00e9ste\u201d, dijo el co-presidente de la CPM, Hugo Ca\u00f1\u00f3n, en di\u00e1logo con AgePeBA.<\/p>\n<p>En este sentido, explic\u00f3 que \u201cla CPM hace una planificaci\u00f3n anual a principio de a\u00f1o con un presupuesto determinado, con un despliegue territorial, visitas a institutos de menores, c\u00e1rceles, comisar\u00edas y dem\u00e1s. Esto se ve afectado por el recorte no s\u00f3lo de este a\u00f1o, sino tambi\u00e9n el que se prev\u00e9 para el 2013\u201d.<\/p>\n<p>Ca\u00f1\u00f3n confirm\u00f3 que en la reuni\u00f3n con el Ejecutivo, adem\u00e1s de redoblar el rechazo al ajuste en derechos humanos, tambi\u00e9n plantear\u00e1n sus cuestionamientos sobre la Polic\u00eda Bonaerense, que \u201cresponde a una estructura de poder que tiene que ver con el manejo pol\u00edtico que hace el gobernador Scioli.<\/p>\n<p>\u201cSi no hay un mensaje claro respeto a la Polic\u00eda y al Servicio Penitenciario, evidentemente el territorio ser\u00e1 ganado por los sectores c\u00f3mplices del delito complejo\u201d, asegur\u00f3.<\/p>\n<p>La conferencia de la CPM cont\u00f3 con el respaldo de la decana de la Facultad de Periodismo y Comunicaci\u00f3n Social de la Universidad Nacional de La Plata (UNLP), Florencia Saintout, quien plante\u00f3 el compromiso de la unidad acad\u00e9mica contra el recorte presupuestario \u201cporque es un asunto de toda la sociedad argentina y especialmente de los bonaerenses\u201d.<\/p>\n<p>\u201cTenemos muchas esperanzas en que no se lleve adelante este recorte porque nos parece una barbaridad. En el mismo momento en el que la Provincia reconoce que hay torturas en las c\u00e1rceles y crea una entidad especial para prevenirlas, recorta el presupuesto de aquellos que hace a\u00f1os vienen trabajando en esa misma l\u00ednea\u201d, dijo Saintout a esta agencia.<\/p>\n<p>En tanto, el secretario ejecutivo de la CPM, Alejandro Mosquera, precis\u00f3 que \u201cla pol\u00edtica de combatir la tortura en la Provincia y en el pa\u00eds debe ser una pol\u00edtica de Estado. Si no reconocemos que hay tortura no vamos a solucionar el problema porque el propio sistema lo oculta\u201d.<\/p>\n<p>\u201cM\u00e1s all\u00e1 de las conversaciones a las que estamos dispuestos a realizar, el problema es que se tienen que cumplir lo que se promete, porque hasta ahora el Gobierno Provincial no lo hizo\u201d, dijo en relaci\u00f3n al presupuesto del organismo.<\/p>\n<p>En cuanto al rol de la Comisi\u00f3n Interministerial contra la tortura creada por el Ejecutivo, Mosquera explic\u00f3 que \u201csi reconocen que hay tortura y act\u00faan nos parece muy bien, pero no es un organismo de monitoreo aut\u00f3nomo como el que reclama la ONU\u201d.<\/p>\n<p>\u201cApoyamos el proyecto de ley que tiene media sanci\u00f3n en el Senado y que impulsa la creaci\u00f3n de un organismo aut\u00f3nomo. Pero si la ley no sale, o si el Gobierno veta esta iniciativa, y la interministerial queda como reemplazo, estaremos ante un retroceso enorme\u201d, concluy\u00f3 el secretario.<\/p>\n<p>De cara a la reuni\u00f3n de ma\u00f1ana por la tarde, Ca\u00f1\u00f3n adelant\u00f3 que \u00abesperemos que el gobernador reflexione y cumpla con su palabra como nos dijo el 8 de agosto y no se recorten las pol\u00edticas p\u00fablicas en materia de derechos humanos\u00bb.<\/p>\n<p>El pronunciamiento de la CPM, realizado en la sede platense del organismo, fue acompa\u00f1ado por senadores, diputados y autoridades de la CTA, la Asociaci\u00f3n Judicial Bonaerense (AJB), la Asociaci\u00f3n Trabajadores del Estado (ATE), la Facultad de Humanidades (UNLP) y diversas organizaciones sociales y de derechos humanos.<\/p>\n","protected":false},"excerpt":{"rendered":"<p>El co-presidente de la Comisi\u00f3n Provincial por la Memoria, Hugo Ca\u00f1\u00f3n, habl\u00f3 de cara a una reuni\u00f3n que mantendr\u00e1n ma\u00f1ana con el Ejecutivo. \u201cTodo lo que sea reducci\u00f3n en materia de derechos humanos es un retroceso en la b\u00fasqueda de la verdad, la justicia y la memoria\u201d, precis\u00f3. La decana de la Facultad de Periodismo, Florencia Saintout, acompa\u00f1\u00f3 el reclamo. [&#8230;]<\/p>\n","protected":false},"author":11,"featured_media":0,"comment_status":"open","ping_status":"open","sticky":false,"template":"","format":"standard","meta":{"_jetpack_newsletter_access":"","_jetpack_dont_email_post_to_subs":false,"_jetpack_newsletter_tier_id":0,"_jetpack_memberships_contains_paywalled_content":false,"_jetpack_memberships_contains_paid_content":false,"footnotes":""},"categories":[50],"tags":[],"class_list":["post-3894","post","type-post","status-publish","format-standard","hentry","category-memoria"],"jetpack_featured_media_url":"","jetpack_shortlink":"https:\/\/wp.me\/p2JWE0-10O","jetpack-related-posts":[{"id":4016,"url":"https:\/\/www.24baires.com\/?p=4016","url_meta":{"origin":3894,"position":0},"title":"Garz\u00f3n se solidariz\u00f3 con la Comisi\u00f3n Provincial por la Memoria por su recorte presupuestario","author":"Grupo Sierra","date":"31\/10\/2012","format":false,"excerpt":"Las autoridades de la Comisi\u00f3n Provincial por la Memoria (CPM) recibieron hoy al ex juez espa\u00f1ol Baltasar Garz\u00f3n, quien \u00a0se interioriz\u00f3 sobre la situaci\u00f3n presupuestaria de la CPM, que viene denunciando un recorte del 34 por ciento por parte del gobierno de Daniel Scioli, y manifest\u00f3 su apoyo al reclamo,\u2026","rel":"","context":"En \u00abMemoria\u00bb","block_context":{"text":"Memoria","link":"https:\/\/www.24baires.com\/?cat=50"},"img":{"alt_text":"","src":"","width":0,"height":0},"classes":[]},{"id":2498,"url":"https:\/\/www.24baires.com\/?p=2498","url_meta":{"origin":3894,"position":1},"title":"La Comisi\u00f3n por la Memoria denuncia al Gobierno bonaerense","author":"AF","date":"18\/10\/2012","format":false,"excerpt":"La Comisi\u00f3n Provincial por la Memoria (CPM) denunci\u00f3 que el Gobierno bonaerense subejecut\u00f3 en un 34% el presupuesto del organismo y reclam\u00f3 por el cumplimiento de las obligaciones pautadas para el ejercicio 2012. Mediante una carta p\u00fablica titulada \"No al ajuste en los derechos humanos de la Provincia\", el organismo\u2026","rel":"","context":"En \u00abMemoria\u00bb","block_context":{"text":"Memoria","link":"https:\/\/www.24baires.com\/?cat=50"},"img":{"alt_text":"","src":"","width":0,"height":0},"classes":[]},{"id":3134,"url":"https:\/\/www.24baires.com\/?p=3134","url_meta":{"origin":3894,"position":2},"title":"La CPM envi\u00f3 una carta abierta al Gobernador para evitar el recorte presupuestario al organismo","author":"AF","date":"24\/10\/2012","format":false,"excerpt":"La Comisi\u00f3n Provincial por la Memoria (CPM) le envi\u00f3 una carta abierta al gobernador Daniel Scioli, a fin de que d\u00e9 marcha atr\u00e1s con el recorte presupuestario al organismo y cumpla con el env\u00edo de las partidas acordadas con el Ministerio de Econom\u00eda para el ejercicio 2012. La CPM denunci\u00f3\u2026","rel":"","context":"En \u00abMemoria\u00bb","block_context":{"text":"Memoria","link":"https:\/\/www.24baires.com\/?cat=50"},"img":{"alt_text":"","src":"","width":0,"height":0},"classes":[]},{"id":112998,"url":"https:\/\/www.24baires.com\/?p=112998","url_meta":{"origin":3894,"position":3},"title":"Comisi\u00f3n Provincial por la Memoria, nombrada como mecanismo de prevenci\u00f3n contra la tortura","author":"GB","date":"14\/11\/2019","format":false,"excerpt":"El Consejo Federal de Prevenci\u00f3n de la Tortura destac\u00f3 a la Comisi\u00f3n Provincial por la Memoria (CPM) por el trabajo sostenido que realiza en el control y monitoreo de lugares de encierro y pol\u00edticas de seguridad. El organismo lucha contra la tortura en las c\u00e1rceles denunciando las graves violaciones de\u2026","rel":"","context":"En \u00abProvincia\u00bb","block_context":{"text":"Provincia","link":"https:\/\/www.24baires.com\/?cat=40"},"img":{"alt_text":"","src":"https:\/\/i0.wp.com\/www.24baires.com\/wp-content\/uploads\/2019\/11\/comision-provincial-por-la-tortura.png?resize=350%2C200","width":350,"height":200},"classes":[]},{"id":4130,"url":"https:\/\/www.24baires.com\/?p=4130","url_meta":{"origin":3894,"position":4},"title":"Hubo acuerdo entre la Provincia y la Comisi\u00f3n por la Memoria por el presupuesto 2013","author":"AF","date":"02\/11\/2012","format":false,"excerpt":"El Poder Ejecutivo y el Legislativo aceptaron el reclamo de la Comisi\u00f3n Provincial por la memoria de no recortar el presupuesto de las pol\u00edticas de Derechos Humanos. Se realizaron reuniones con los diputados Juan de Jes\u00fas, Dar\u00edo Golia, Alberto Espa\u00f1a y Fernanda Raverta y el senador Santiago Carreras. El secretario\u2026","rel":"","context":"En \u00abMemoria\u00bb","block_context":{"text":"Memoria","link":"https:\/\/www.24baires.com\/?cat=50"},"img":{"alt_text":"","src":"","width":0,"height":0},"classes":[]},{"id":90001,"url":"https:\/\/www.24baires.com\/?p=90001","url_meta":{"origin":3894,"position":5},"title":"Reclaman juicio pol\u00edtico al fiscal general de Mar del Plata, implicado en delitos de lesa humanidad","author":"GB","date":"18\/11\/2016","format":false,"excerpt":"Est\u00e1 involucrado en dos causas por secuestro, tortura y asesinato de militantes durante la \u00faltima dictadura. Los documentos prueban que particip\u00f3 realizando espionaje pol\u00edtico e infiltraci\u00f3n en organismos como Madres de Plaza de Mayo. Integrantes de la Comisi\u00f3n Provincial por la Memoria (CPM) y referentes de Madres de Plaza de\u2026","rel":"","context":"En \u00abMemoria\u00bb","block_context":{"text":"Memoria","link":"https:\/\/www.24baires.com\/?cat=50"},"img":{"alt_text":"fiscal-gral-mdp","src":"https:\/\/i0.wp.com\/www.24baires.com\/wp-content\/uploads\/2016\/11\/fiscal-gral-mdp.jpg?resize=350%2C200","width":350,"height":200},"classes":[]}],"jetpack_sharing_enabled":true,"jetpack_likes_enabled":true,"_links":{"self":[{"href":"https:\/\/www.24baires.com\/index.php?rest_route=\/wp\/v2\/posts\/3894","targetHints":{"allow":["GET"]}}],"collection":[{"href":"https:\/\/www.24baires.com\/index.php?rest_route=\/wp\/v2\/posts"}],"about":[{"href":"https:\/\/www.24baires.com\/index.php?rest_route=\/wp\/v2\/types\/post"}],"author":[{"embeddable":true,"href":"https:\/\/www.24baires.com\/index.php?rest_route=\/wp\/v2\/users\/11"}],"replies":[{"embeddable":true,"href":"https:\/\/www.24baires.com\/index.php?rest_route=%2Fwp%2Fv2%2Fcomments&post=3894"}],"version-history":[{"count":3,"href":"https:\/\/www.24baires.com\/index.php?rest_route=\/wp\/v2\/posts\/3894\/revisions"}],"predecessor-version":[{"id":3954,"href":"https:\/\/www.24baires.com\/index.php?rest_route=\/wp\/v2\/posts\/3894\/revisions\/3954"}],"wp:attachment":[{"href":"https:\/\/www.24baires.com\/index.php?rest_route=%2Fwp%2Fv2%2Fmedia&parent=3894"}],"wp:term":[{"taxonomy":"category","embeddable":true,"href":"https:\/\/www.24baires.com\/index.php?rest_route=%2Fwp%2Fv2%2Fcategories&post=3894"},{"taxonomy":"post_tag","embeddable":true,"href":"https:\/\/www.24baires.com\/index.php?rest_route=%2Fwp%2Fv2%2Ftags&post=3894"}],"curies":[{"name":"wp","href":"https:\/\/api.w.org\/{rel}","templated":true}]}}