{"id":38887,"date":"2014-01-20T20:55:26","date_gmt":"2014-01-20T23:55:26","guid":{"rendered":"http:\/\/www.24baires.com\/?p=38887"},"modified":"2014-01-20T20:55:26","modified_gmt":"2014-01-20T23:55:26","slug":"hugo-simpson-y-homero-barrionuevo","status":"publish","type":"post","link":"https:\/\/www.24baires.com\/?p=38887","title":{"rendered":"Hugo Simpson y Homero Barrionuevo"},"content":{"rendered":"<p><img data-recalc-dims=\"1\" loading=\"lazy\" decoding=\"async\" class=\"aligncenter size-full wp-image-38754\" alt=\"asado moyano-barrionuevo\" src=\"https:\/\/i0.wp.com\/www.24baires.com\/wp-content\/uploads\/2014\/01\/asado-moyano-barrionuevo.jpg?resize=560%2C384\" width=\"560\" height=\"384\" srcset=\"https:\/\/i0.wp.com\/www.24baires.com\/wp-content\/uploads\/2014\/01\/asado-moyano-barrionuevo.jpg?w=560&amp;ssl=1 560w, https:\/\/i0.wp.com\/www.24baires.com\/wp-content\/uploads\/2014\/01\/asado-moyano-barrionuevo.jpg?resize=300%2C205&amp;ssl=1 300w\" sizes=\"auto, (max-width: 560px) 100vw, 560px\" \/>Los Simpson se me aparecen siempre, hasta varias veces en un d\u00eda, a veces, como \u00e1nimas simp\u00e1ticas que me rondan. Lo digo y lo defiendo: para muchas situaciones de la vida hay una escena o frase de Los Simpson que la resume, ejemplifica, o hace m\u00e1s pasable, al menos. En fin, mi cerebro funciona as\u00ed. Y de hecho este lunes Moyano y Barrionuevo no han sido la excepci\u00f3n a mi Ley Homero: me han tra\u00eddo a la memoria una parte de la gloriosa serie animada. <!--more--><\/p>\n<p>Hay un cap\u00edtulo en el que Nelson, el chico que somete a los dem\u00e1s ni\u00f1os de la escuela a un permanente acoso (bullying), cumple a\u00f1os y golpea a todos en el recreo dici\u00e9ndoles \u201cVen a mi cumplea\u00f1os o muere\u201d. Resulta que Bart, genio de la crueldad infantil, complota con los dem\u00e1s compa\u00f1eritos para que nadie vaya a la fiesta y as\u00ed escarmentar al abus\u00f3n. Pero Marge, madre de Bart y ama de casa modelo, disgusta de ese accionar y lo obliga a asistir, siendo justo \u00e9l, el ide\u00f3logo del faltazo grupal, el \u00fanico invitado en presentarse a la fiestita.<\/p>\n<p>Y esa escena es la que se me vino a la mente cuando supe del frustrado c\u00f3nclave ideado por Moyano y Barrionuevo, donde parece ser que los pol\u00edticos convocados, como De la Sota, Scioli y Massa, decidieron no asistir a la reuni\u00f3n que se realiz\u00f3 en el Hotel Presidente Per\u00f3n de la ciudad de Mar del Plata. Quiz\u00e1, emulando a los dibujitos amarillos de Fox y cansados del acoso medi\u00e1tico y las presiones del camionero y Barrionuevo, se hayan puesto de acuerdo para dejarlos pagando. Lo dudo.<\/p>\n<p>Y Momo Venegas, como un Bart de bajo presupuesto y deteriorado, fue el \u00fanico en decir presente en el encuentro en el que se propon\u00edan avanzar en una \u201cunidad sindical\u201d, sin la CGT af\u00edn al Gobierno, claro.<\/p>\n<p>Evidentemente, el mensaje de fortaleza y unidad que han querido significar antes de iniciar las negociaciones salariales con el Estado ha retumbado -y no s\u00f3lo en la costa atl\u00e1ntica-, como un estruendoso fracaso. \u201cA los que quieren ser presidentes y hoy no vinieron, les pedimos que nos expliquen c\u00f3mo van a hacer con la inflaci\u00f3n, con la desindustrializaci\u00f3n, porque si no tienen huevos que no vengan\u201d, dijo un ofuscado Barrionuevo, haciendo gala de su verborr\u00e1gica parla. Y agreg\u00f3: \u201cno es una reuni\u00f3n corporativa o para entorpecer al gobierno\u201d, en referencia a la reuni\u00f3n con muchas m\u00e1s sillas vac\u00edas de las esperadas. \u201cDe nosotros no va a salir una desestabilizaci\u00f3n y solamente no vamos a dejar de reclamar los intereses del movimiento obrero\u201d, dijo el dirigente que alguna vez tambi\u00e9n supo afirmar que si Cristina no acordaba con \u00e9l se iba a tener que ir antes del gobierno. Tambi\u00e9n dijo hace mucho tiempo que \u201cNadie se hace rico trabajando\u201d, pero eso no debe haber estado en el orden del d\u00eda del \u00e1gape que realiz\u00f3 junto a sus colegas Hugo y Momo y del que casi nadie de la oposici\u00f3n al Kirchnerismo atin\u00f3 a aceptar el convite. Eso, en el gremialismo, la pol\u00edtica partidaria, la universitaria y hasta para el pobre Nelson, es un mensaje claro.<\/p>\n<p>&nbsp;<\/p>\n<p>&nbsp;<\/p>\n<p>&nbsp;<\/p>\n<p>&nbsp;<\/p>\n<p>&nbsp;<\/p>\n<p>&nbsp;<\/p>\n","protected":false},"excerpt":{"rendered":"<p>Los Simpson se me aparecen siempre, hasta varias veces en un d\u00eda, a veces, como \u00e1nimas simp\u00e1ticas que me rondan. Lo digo y lo defiendo: para muchas situaciones de la vida hay una escena o frase de Los Simpson que la resume, ejemplifica, o hace m\u00e1s pasable, al menos. En fin, mi cerebro funciona as\u00ed. Y de hecho este lunes [&#8230;]<\/p>\n","protected":false},"author":8,"featured_media":0,"comment_status":"open","ping_status":"open","sticky":false,"template":"","format":"standard","meta":{"_jetpack_newsletter_access":"","_jetpack_dont_email_post_to_subs":false,"_jetpack_newsletter_tier_id":0,"_jetpack_memberships_contains_paywalled_content":false,"_jetpack_memberships_contains_paid_content":false,"footnotes":""},"categories":[64],"tags":[],"class_list":["post-38887","post","type-post","status-publish","format-standard","hentry","category-opinion"],"jetpack_featured_media_url":"","jetpack_shortlink":"https:\/\/wp.me\/p2JWE0-a7d","jetpack-related-posts":[{"id":61397,"url":"https:\/\/www.24baires.com\/?p=61397","url_meta":{"origin":38887,"position":0},"title":"Bolivia: realizaron una marcha para que la TV vuelva a poner Los Simpson","author":"GB","date":"07\/02\/2015","format":false,"excerpt":"El ins\u00f3lito reclamo se convoc\u00f3 por las redes sociales, tras la decisi\u00f3n de un canal de reemplazar la sitcom en su grilla por un reality show. Los manifestantes lograron su cometido. Vestidos con caretas de Homero y Bart, entre otros, y al grito de \"Queremos a Los SImpson\", un grupo\u2026","rel":"","context":"En \u00abMuy Bizarro\u00bb","block_context":{"text":"Muy Bizarro","link":"https:\/\/www.24baires.com\/?cat=77"},"img":{"alt_text":"simpsons","src":"https:\/\/i0.wp.com\/www.24baires.com\/wp-content\/uploads\/2015\/02\/simpsons.jpg?resize=350%2C200","width":350,"height":200,"srcset":"https:\/\/i0.wp.com\/www.24baires.com\/wp-content\/uploads\/2015\/02\/simpsons.jpg?resize=350%2C200 1x, https:\/\/i0.wp.com\/www.24baires.com\/wp-content\/uploads\/2015\/02\/simpsons.jpg?resize=525%2C300 1.5x"},"classes":[]},{"id":62076,"url":"https:\/\/www.24baires.com\/?p=62076","url_meta":{"origin":38887,"position":1},"title":"\u00abPatricia Bullrich y Laura Alonso son las Patty y Selma argentinas\u00bb","author":"Grupo Sierra","date":"21\/02\/2015","format":false,"excerpt":"El diputado Juan Cabandi\u00e9 elogi\u00f3 la carta de la Presidenta y con iron\u00eda consult\u00f3 si las legisladoras ya hab\u00edan salido a criticar, compar\u00e1ndolas con dos personajes de la serie animada \"Los Simpson\". Excelente la carta de @CFKArgentina sobre la corpo judicial. \u00bfYa salieron a criticar las Patty y Selma Bouvier\u2026","rel":"","context":"En \u00abPol\u00edtica\u00bb","block_context":{"text":"Pol\u00edtica","link":"https:\/\/www.24baires.com\/?cat=51"},"img":{"alt_text":"patty-selma alonso bullrich","src":"https:\/\/i0.wp.com\/www.24baires.com\/wp-content\/uploads\/2015\/02\/patty-selma.jpg?resize=350%2C200","width":350,"height":200,"srcset":"https:\/\/i0.wp.com\/www.24baires.com\/wp-content\/uploads\/2015\/02\/patty-selma.jpg?resize=350%2C200 1x, https:\/\/i0.wp.com\/www.24baires.com\/wp-content\/uploads\/2015\/02\/patty-selma.jpg?resize=525%2C300 1.5x"},"classes":[]},{"id":101527,"url":"https:\/\/www.24baires.com\/?p=101527","url_meta":{"origin":38887,"position":2},"title":"La jueza Servini intervino el PJ nacional y nombr\u00f3 a Barrionuevo al frente","author":"AF","date":"10\/04\/2018","format":false,"excerpt":"La jueza federal con competencia electoral, Mar\u00eda Romilda Servini de Cubr\u00eda, intervino hoy el Partido Justicialista nacional y design\u00f3 al frente al sindicalista gastron\u00f3mico Luis Barrionuevo, para que \"normalice\" el \u00f3rgano partidario. La decisi\u00f3n se conoci\u00f3 a trav\u00e9s de un fallo firmado por la jueza en el que se establece\u2026","rel":"","context":"En \u00abPol\u00edtica\u00bb","block_context":{"text":"Pol\u00edtica","link":"https:\/\/www.24baires.com\/?cat=51"},"img":{"alt_text":"","src":"https:\/\/i0.wp.com\/www.24baires.com\/wp-content\/uploads\/2014\/04\/barrionuevo.jpg?resize=350%2C200","width":350,"height":200,"srcset":"https:\/\/i0.wp.com\/www.24baires.com\/wp-content\/uploads\/2014\/04\/barrionuevo.jpg?resize=350%2C200 1x, https:\/\/i0.wp.com\/www.24baires.com\/wp-content\/uploads\/2014\/04\/barrionuevo.jpg?resize=525%2C300 1.5x"},"classes":[]},{"id":100523,"url":"https:\/\/www.24baires.com\/?p=100523","url_meta":{"origin":38887,"position":3},"title":"Barrionuevo confirm\u00f3 que se baja de la marcha del 21","author":"AF","date":"14\/02\/2018","format":false,"excerpt":"\"Se mezcl\u00f3 todo\", argument\u00f3 el titular de gremio gastron\u00f3mico, Luis Barrionuevo, para dar un paso al costado de la marcha convocada por Camioneros para el 21 de febrero. El sindicalista se\u00f1al\u00f3 que se trata de \"una pelea personal\" entre Moyano y el presidente Mauricio Macri, aunque esa disputa ya estaba\u2026","rel":"","context":"En \u00abSociedad\u00bb","block_context":{"text":"Sociedad","link":"https:\/\/www.24baires.com\/?cat=1"},"img":{"alt_text":"","src":"https:\/\/i0.wp.com\/www.24baires.com\/wp-content\/uploads\/2014\/08\/barrionuevo-moyano.jpg?resize=350%2C200","width":350,"height":200,"srcset":"https:\/\/i0.wp.com\/www.24baires.com\/wp-content\/uploads\/2014\/08\/barrionuevo-moyano.jpg?resize=350%2C200 1x, https:\/\/i0.wp.com\/www.24baires.com\/wp-content\/uploads\/2014\/08\/barrionuevo-moyano.jpg?resize=525%2C300 1.5x"},"classes":[]},{"id":101697,"url":"https:\/\/www.24baires.com\/?p=101697","url_meta":{"origin":38887,"position":4},"title":"Barrionuevo asumi\u00f3 en el PJ: \u201cEl peronismo va a ser alternativa en 2019","author":"GB","date":"19\/04\/2018","format":false,"excerpt":"El titular de los gastron\u00f3micos brind\u00f3 una conferencia de prensa sobre su designaci\u00f3n a cargo de la jueza federal Servini de Cubr\u00eda. Lo acompa\u00f1aran Carlos Campolongo como vocero y Julio Barbaro ser\u00e1 director de equipo pol\u00edticos. Luego de la designaci\u00f3n dictada por la jueza federal Mar\u00eda Romilda Servini de Cubr\u00eda,\u2026","rel":"","context":"En \u00abPol\u00edtica\u00bb","block_context":{"text":"Pol\u00edtica","link":"https:\/\/www.24baires.com\/?cat=51"},"img":{"alt_text":"","src":"https:\/\/i0.wp.com\/www.24baires.com\/wp-content\/uploads\/2014\/04\/barrionuevo.jpg?resize=350%2C200","width":350,"height":200,"srcset":"https:\/\/i0.wp.com\/www.24baires.com\/wp-content\/uploads\/2014\/04\/barrionuevo.jpg?resize=350%2C200 1x, https:\/\/i0.wp.com\/www.24baires.com\/wp-content\/uploads\/2014\/04\/barrionuevo.jpg?resize=525%2C300 1.5x"},"classes":[]},{"id":102333,"url":"https:\/\/www.24baires.com\/?p=102333","url_meta":{"origin":38887,"position":5},"title":"El fiscal Di Lello solicit\u00f3 dar marcha atr\u00e1s con la intervenci\u00f3n del PJ","author":"GB","date":"24\/05\/2018","format":false,"excerpt":"En el mismo dictamen le pide a la C\u00e1mara Nacional Electoral que declare nulo todo lo determinado por Luis Barrionuevo desde su asunci\u00f3n al frente de la intervenci\u00f3n. El fiscal federal con competencia electoral, Jorge Di Lello, pidi\u00f3 que se revoque la decisi\u00f3n de la jueza Mar\u00eda Romilda Servini de\u2026","rel":"","context":"En \u00abPol\u00edtica\u00bb","block_context":{"text":"Pol\u00edtica","link":"https:\/\/www.24baires.com\/?cat=51"},"img":{"alt_text":"","src":"https:\/\/i0.wp.com\/www.24baires.com\/wp-content\/uploads\/2014\/04\/barrionuevo.jpg?resize=350%2C200","width":350,"height":200,"srcset":"https:\/\/i0.wp.com\/www.24baires.com\/wp-content\/uploads\/2014\/04\/barrionuevo.jpg?resize=350%2C200 1x, https:\/\/i0.wp.com\/www.24baires.com\/wp-content\/uploads\/2014\/04\/barrionuevo.jpg?resize=525%2C300 1.5x"},"classes":[]}],"jetpack_sharing_enabled":true,"jetpack_likes_enabled":true,"_links":{"self":[{"href":"https:\/\/www.24baires.com\/index.php?rest_route=\/wp\/v2\/posts\/38887","targetHints":{"allow":["GET"]}}],"collection":[{"href":"https:\/\/www.24baires.com\/index.php?rest_route=\/wp\/v2\/posts"}],"about":[{"href":"https:\/\/www.24baires.com\/index.php?rest_route=\/wp\/v2\/types\/post"}],"author":[{"embeddable":true,"href":"https:\/\/www.24baires.com\/index.php?rest_route=\/wp\/v2\/users\/8"}],"replies":[{"embeddable":true,"href":"https:\/\/www.24baires.com\/index.php?rest_route=%2Fwp%2Fv2%2Fcomments&post=38887"}],"version-history":[{"count":2,"href":"https:\/\/www.24baires.com\/index.php?rest_route=\/wp\/v2\/posts\/38887\/revisions"}],"predecessor-version":[{"id":38890,"href":"https:\/\/www.24baires.com\/index.php?rest_route=\/wp\/v2\/posts\/38887\/revisions\/38890"}],"wp:attachment":[{"href":"https:\/\/www.24baires.com\/index.php?rest_route=%2Fwp%2Fv2%2Fmedia&parent=38887"}],"wp:term":[{"taxonomy":"category","embeddable":true,"href":"https:\/\/www.24baires.com\/index.php?rest_route=%2Fwp%2Fv2%2Fcategories&post=38887"},{"taxonomy":"post_tag","embeddable":true,"href":"https:\/\/www.24baires.com\/index.php?rest_route=%2Fwp%2Fv2%2Ftags&post=38887"}],"curies":[{"name":"wp","href":"https:\/\/api.w.org\/{rel}","templated":true}]}}