{"id":3885,"date":"2012-10-30T17:36:45","date_gmt":"2012-10-30T20:36:45","guid":{"rendered":"http:\/\/www.24baires.com\/?p=3885"},"modified":"2012-10-30T17:36:45","modified_gmt":"2012-10-30T20:36:45","slug":"todo-listo-para-la-final-nacional-de-los-juegos-evita-2012","status":"publish","type":"post","link":"https:\/\/www.24baires.com\/?p=3885","title":{"rendered":"Todo listo para la Final Nacional de los Juegos Evita 2012"},"content":{"rendered":"<p style=\"text-align: center;\"><img data-recalc-dims=\"1\" loading=\"lazy\" decoding=\"async\" class=\"size-full wp-image-3887 aligncenter\" title=\"juegos-evita-finales\" src=\"https:\/\/i0.wp.com\/www.24baires.com\/wp-content\/uploads\/2012\/10\/juegos-evita-finales.jpg?resize=550%2C375\" alt=\"\" width=\"550\" height=\"375\" srcset=\"https:\/\/i0.wp.com\/www.24baires.com\/wp-content\/uploads\/2012\/10\/juegos-evita-finales.jpg?w=550&amp;ssl=1 550w, https:\/\/i0.wp.com\/www.24baires.com\/wp-content\/uploads\/2012\/10\/juegos-evita-finales.jpg?resize=300%2C204&amp;ssl=1 300w\" sizes=\"auto, (max-width: 550px) 100vw, 550px\" \/><\/p>\n<p><strong>MAR DEL PLATA &#8211;<\/strong> Ya se viven las horas previas al inicio de la fiesta del Deporte Social, la Final Nacional de los Juegos Evita 2012 que, por sexto a\u00f1o consecutivo, tendr\u00e1 por sede a la ciudad de Mar del Plata, con participaci\u00f3n de 13.000 j\u00f3venes y adultos de todo el pa\u00eds, desde el 2 al 6 de noviembre.<!--more--><\/p>\n<p>El jueves a las 19.30 ser\u00e1 la Ceremonia Inaugural en la Plazoleta Almirante Brown, a la que se espera asistan la ministra de Desarrollo Social, Alicia Kirchner, y el secretario de Deporte, Claudio Morresi.<\/p>\n<p>La organizaci\u00f3n conjunta corresponde a la Secretar\u00eda de Deporte de la Naci\u00f3n, dependiente del Ministerio de Desarrollo Social, y a Deporte Mar del Plata del Partido de General Pueyrredon.<\/p>\n<p>A diferencia de las \u00faltimas ediciones, el Centro Operativo de los Juegos Evita funcionar\u00e1 en el Hotel Provincial. All\u00ed estar\u00e1n todas las oficinas (acreditaciones, prensa, coordinaci\u00f3n deportiva, centro m\u00e9dico, fiscalizaci\u00f3n, etc.) que funcionar\u00e1n a diario.<\/p>\n<p>El jueves a las 19.30 est\u00e1n convocadas las delegaciones de todas las provincias en la Plazoleta Almirante Brown para la Ceremonia Inaugural de los Evita, a la que se espera asistan la ministra de Desarrollo Social, Alicia Kirchner, y el secretario de Deporte, Claudio Morresi. Habr\u00e1 un show musical, fuegos artificiales, animaci\u00f3n y un karaoke para entretener a todos los visitantes.<\/p>\n<p>Los Juegos<\/p>\n<p>Participan de los Juegos Evita ni\u00f1os y j\u00f3venes de entre 12 y 18 a\u00f1os de edad, de ambos sexos, convencionales y discapacitados, divididos en tres categor\u00edas: Sub 14, Sub 16 y Sub 18. Adem\u00e1s, compiten los Adultos Mayores (60 a\u00f1os o m\u00e1s)<\/p>\n<p>Los Juegos Nacionales Evita son competencias deportivas de car\u00e1cter inclusivo, participativo y formativo para ni\u00f1os, j\u00f3venes y adultos mayores de todo el pa\u00eds y tienen el objetivo de consolidar una instancia de competencia deportiva en el \u00e1mbito nacional, contribuir al desarrollo deportivo provincial, regional y nacional y fomentar la integraci\u00f3n y la participaci\u00f3n deportiva con igualdad de oportunidades.<\/p>\n<p>El Sitio Web Oficial de los Juegos donde pueden consultarse todos los datos referentes a los mismos es el siguiente: www.juegosevita.gov.ar<br \/>\nDisciplinas<\/p>\n<p>En la categor\u00eda Sub 14 se jugar\u00e1n Handball (masculino y femenino), V\u00f3leibol (masculino y femenino), Ajedrez (mixto), F\u00fatbol 11 (masculino), F\u00fatbol 7 (femenino), B\u00e1squetbol (masculino y femenino), Atletismo Especial (mixto), Nataci\u00f3n Especial (mixto), Atletismo Convencional (masculino y femenino), Nataci\u00f3n Convencional (masculino y femenino), Gimnasia R\u00edtmica (femenino), Judo (masculino y femenino), Taekwondo (masculino y femenino), Tiro (masculino y femenino), Ciclismo (masculino y femenino), Lucha (masculino y femenino) En Cultura, habr\u00e1 Pintura, Cuento, Conjunto Musical, Canto Solista, Danza y Teatro.<\/p>\n<p>En Sub 16, los deportes son: F\u00fatbol 11 (masculino), F\u00fatbol 7 (femenino), V\u00f3leibol (masculino y femenino), B\u00e1squetbol (masculino y femenino), Atletismo Especial (mixto), Nataci\u00f3n Especial (mixto), Atletismo Convencional (masculino y femenino), Tiro (masculino y femenino), Ciclismo (masculino y femenino), Boxeo (masculino) y Ajedrez (mixto) En Cultura, tendr\u00e1n la posibilidad de competir en Pintura, Cuento, Conjunto Musical, Canto Solista, Danza y Teatro.<\/p>\n<p>En Sub 18 habr\u00e1 Atletismo Especial (mixto), Nataci\u00f3n Especial (mixto) y V\u00f3leibol (masculino y femenino)<\/p>\n<p>Mientras que para los Adultos Mayores se dispondr\u00e1n Tejo (masculino, femenino y mixto), Newcom (femenino y masculino), Ajedrez (mixto), Tenis de Mesa (masculino, femenino y mixto), Sapo (masculino y femenino), Cuento, Danza y Pintura.<br \/>\nLos marplatenses<br \/>\nLos Juegos Evita contar\u00e1n con la participaci\u00f3n confirmada de diez marplatenses, en las disciplinas Atletismo y Tejo.<\/p>\n<p>En Atletismo, competir\u00e1n Tania Tolomeo, Noelina Madarieta, Ana Sette, Luciana Sanchez, Santiago Chitrangulo, Agustina Boucherie, Florencia Maltisotto y Joaqu\u00edn Genes.<\/p>\n<p>Mientras tanto, los adultos mayores Jorge Castro y Jorge Zubillaga conformar\u00e1n el equipo marplatense que jugar\u00e1 en Tejo.<\/p>\n<p>Escenarios deportivos<\/p>\n<p>Los Juegos Evita tendr\u00e1n actividad en diversos escenarios deportivos de la ciudad.<\/p>\n<p>En el Parque Municipal de los Deportes \u201cTeodoro Bronzini\u201d se utilizar\u00e1n las instalaciones del Estadio \u201cJusto Rom\u00e1n\u201d (Atletismo Convencional y Especial), del Natatorio \u201cAlberto Zorrilla\u201d (Nataci\u00f3n Convencional y Especial), del Estadio Polideportivo \u201cIslas Malvinas\u201d (Handball), del Tiro Federal (Tiro) y del Estadio \u201cJos\u00e9 Mar\u00eda Minella\u201d (Sapo, Newcon, Tenis de Mesa y F\u00fatbol 11).<\/p>\n<p>Adem\u00e1s, habr\u00e1 actividad en el Club Quilmes, Complejo San Paolo, Club Kimberley, Complejo Punto Sur, Club Independiente (campo deportivo), Club Once Unidos, Colegio Sagrada Familia, Club Banco Provincia, Instituto Gianelli, Instituto Santa Cecilia, Colegio Divino Rostro, Instituto Stella Maris, Instituto Peralta Ramos, Colegio Don Bosco, Escuela Media 23, Club Banfield, Instituto Albert Einstein, Ce.De.Tal.Vo., Club Uni\u00f3n, Centro de Educaci\u00f3n F\u00edsica N\u00famero 1, Colegio Gutenberg, Aut\u00f3dromo \u201cCiudad de Mar del Plata\u201d, Complejo Mar y Sierras, Complejo La V\u00eda, Teatro Auditorium, Asilo Unzu\u00e9 y Play\u00f3n Rambla Casino.<\/p>\n","protected":false},"excerpt":{"rendered":"<p>MAR DEL PLATA &#8211; Ya se viven las horas previas al inicio de la fiesta del Deporte Social, la Final Nacional de los Juegos Evita 2012 que, por sexto a\u00f1o consecutivo, tendr\u00e1 por sede a la ciudad de Mar del Plata, con participaci\u00f3n de 13.000 j\u00f3venes y adultos de todo el pa\u00eds, desde el 2 al 6 de noviembre.<\/p>\n","protected":false},"author":11,"featured_media":0,"comment_status":"open","ping_status":"open","sticky":false,"template":"","format":"standard","meta":{"_jetpack_newsletter_access":"","_jetpack_dont_email_post_to_subs":false,"_jetpack_newsletter_tier_id":0,"_jetpack_memberships_contains_paywalled_content":false,"_jetpack_memberships_contains_paid_content":false,"footnotes":""},"categories":[1],"tags":[],"class_list":["post-3885","post","type-post","status-publish","format-standard","hentry","category-sociedad"],"jetpack_featured_media_url":"","jetpack_shortlink":"https:\/\/wp.me\/p2JWE0-10F","jetpack-related-posts":[{"id":34811,"url":"https:\/\/www.24baires.com\/?p=34811","url_meta":{"origin":3885,"position":0},"title":"Alicia Kirchner resalt\u00f3 la importancia social de los Juegos Nacionales Evita","author":"GB","date":"07\/11\/2013","format":false,"excerpt":"La ministra de Desarrollo Social de la Naci\u00f3n, Alicia Kirchner, felicit\u00f3 a los m\u00e1s de 700 adultos mayores que participan en las finales de los Juegos Evita en Mar del Plata, y consider\u00f3 que la competencia es \"fundamental a nivel social\". \"Estoy muy feliz por la participaci\u00f3n de la `juventud\u2026","rel":"","context":"En \u00abSociedad\u00bb","block_context":{"text":"Sociedad","link":"https:\/\/www.24baires.com\/?cat=1"},"img":{"alt_text":"","src":"","width":0,"height":0},"classes":[]},{"id":34555,"url":"https:\/\/www.24baires.com\/?p=34555","url_meta":{"origin":3885,"position":1},"title":"Mar del Plata: se inaugura la final de los Juegos Nacionales Evita 2013","author":"GB","date":"03\/11\/2013","format":false,"excerpt":"La ciudad de Mar del Plata vivir\u00e1 desde hoy la fiesta m\u00e1xima del Deporte Social de la Argentina por s\u00e9ptimo a\u00f1o consecutivo, cuando comience la actividad de la Final de los Juegos Nacionales Evita 2013, que convocar\u00e1n a 15.000 j\u00f3venes y adultos de todo el pa\u00eds hasta el 8 de\u2026","rel":"","context":"En \u00abLocales\u00bb","block_context":{"text":"Locales","link":"https:\/\/www.24baires.com\/?cat=38"},"img":{"alt_text":"","src":"","width":0,"height":0},"classes":[]},{"id":32272,"url":"https:\/\/www.24baires.com\/?p=32272","url_meta":{"origin":3885,"position":2},"title":"Los juegos bonaerenses de este a\u00f1o no ir\u00e1n en Mar del Plata","author":"GB","date":"22\/09\/2013","format":false,"excerpt":"Luego de 20 a\u00f1os de Juegos Bonaerenses \u00e9sta vez el gobernador Daniel Scioli suspendi\u00f3 la edici\u00f3n correspondiente a la final que habitualmente se ven\u00eda desarrollando en Mar del Plata. En 1992 el gobernador Eduardo Duhalde inaugur\u00f3 los Torneos Juveniles Bonaerenses y de la Tercera Edad con 149.000 finalistas, entre ellos\u2026","rel":"","context":"En \u00abLocales\u00bb","block_context":{"text":"Locales","link":"https:\/\/www.24baires.com\/?cat=38"},"img":{"alt_text":"","src":"","width":0,"height":0},"classes":[]},{"id":121785,"url":"https:\/\/www.24baires.com\/?p=121785","url_meta":{"origin":3885,"position":3},"title":"Kicillof dio inicio a los Juegos Bonaerenses: \u00abno es un gasto, es una inversi\u00f3n\u00bb","author":"GB","date":"29\/10\/2024","format":false,"excerpt":"El gobernador Kicillof inaugur\u00f3 los Juegos Bonaerenses en Mar del Plata, destacando un r\u00e9cord de participaci\u00f3n y una nueva infraestructura educativa en la ciudad. El gobernador de la Provincia de Buenos Aires, Axel Kicillof, encabez\u00f3 este lunes en Mar del Plata la apertura de la 33\u00aa edici\u00f3n de los Juegos\u2026","rel":"","context":"En \u00abProvincia\u00bb","block_context":{"text":"Provincia","link":"https:\/\/www.24baires.com\/?cat=40"},"img":{"alt_text":"","src":"https:\/\/i0.wp.com\/www.24baires.com\/wp-content\/uploads\/2024\/10\/kici-bonaerenses.webp?resize=350%2C200","width":350,"height":200,"srcset":"https:\/\/i0.wp.com\/www.24baires.com\/wp-content\/uploads\/2024\/10\/kici-bonaerenses.webp?resize=350%2C200 1x, https:\/\/i0.wp.com\/www.24baires.com\/wp-content\/uploads\/2024\/10\/kici-bonaerenses.webp?resize=525%2C300 1.5x, https:\/\/i0.wp.com\/www.24baires.com\/wp-content\/uploads\/2024\/10\/kici-bonaerenses.webp?resize=700%2C400 2x"},"classes":[]},{"id":64271,"url":"https:\/\/www.24baires.com\/?p=64271","url_meta":{"origin":3885,"position":4},"title":"Scioli largar\u00e1 los Juegos BA 2015 en La Plata el pr\u00f3ximo martes","author":"GB","date":"14\/04\/2015","format":false,"excerpt":"El gobernador Daniel Scioli, junto a funcionarios e intendentes, presentar\u00e1 la 23\u00ba edici\u00f3n de los Juegos BA en el Coliseo Podest\u00e1 el pr\u00f3ximo martes 21 de abril desde las 10:30 con entrada libre y gratuita. Esperan m\u00e1s de 17 mil participantes en las finales de Mar del Plata. Scioli participar\u00e1\u2026","rel":"","context":"En \u00abLocales\u00bb","block_context":{"text":"Locales","link":"https:\/\/www.24baires.com\/?cat=38"},"img":{"alt_text":"scioli 1","src":"https:\/\/i0.wp.com\/www.24baires.com\/wp-content\/uploads\/2015\/01\/scioli-1.jpg?resize=350%2C200","width":350,"height":200,"srcset":"https:\/\/i0.wp.com\/www.24baires.com\/wp-content\/uploads\/2015\/01\/scioli-1.jpg?resize=350%2C200 1x, https:\/\/i0.wp.com\/www.24baires.com\/wp-content\/uploads\/2015\/01\/scioli-1.jpg?resize=525%2C300 1.5x"},"classes":[]},{"id":101582,"url":"https:\/\/www.24baires.com\/?p=101582","url_meta":{"origin":3885,"position":5},"title":"Garro reinaugur\u00f3 la pista de atletismo del Estadio \u00danico para los Juegos Bonaerenses 2018","author":"GB","date":"13\/04\/2018","format":false,"excerpt":"La pista ubicada en el predio deportivo de Av. 32 y 25 ya est\u00e1 lista para el lanzamiento de la edici\u00f3n 2018 de la competencia. En el marco del lanzamiento de los Juegos Bonaerenses 2018, el intendente de La Plata, Julio Garro particip\u00f3 hoy de la reinauguraci\u00f3n de la pista\u2026","rel":"","context":"En \u00abProvincia\u00bb","block_context":{"text":"Provincia","link":"https:\/\/www.24baires.com\/?cat=40"},"img":{"alt_text":"","src":"https:\/\/i0.wp.com\/www.24baires.com\/wp-content\/uploads\/2018\/04\/garro-pista-atletismo.jpg?resize=350%2C200","width":350,"height":200,"srcset":"https:\/\/i0.wp.com\/www.24baires.com\/wp-content\/uploads\/2018\/04\/garro-pista-atletismo.jpg?resize=350%2C200 1x, https:\/\/i0.wp.com\/www.24baires.com\/wp-content\/uploads\/2018\/04\/garro-pista-atletismo.jpg?resize=525%2C300 1.5x"},"classes":[]}],"jetpack_sharing_enabled":true,"jetpack_likes_enabled":true,"_links":{"self":[{"href":"https:\/\/www.24baires.com\/index.php?rest_route=\/wp\/v2\/posts\/3885","targetHints":{"allow":["GET"]}}],"collection":[{"href":"https:\/\/www.24baires.com\/index.php?rest_route=\/wp\/v2\/posts"}],"about":[{"href":"https:\/\/www.24baires.com\/index.php?rest_route=\/wp\/v2\/types\/post"}],"author":[{"embeddable":true,"href":"https:\/\/www.24baires.com\/index.php?rest_route=\/wp\/v2\/users\/11"}],"replies":[{"embeddable":true,"href":"https:\/\/www.24baires.com\/index.php?rest_route=%2Fwp%2Fv2%2Fcomments&post=3885"}],"version-history":[{"count":4,"href":"https:\/\/www.24baires.com\/index.php?rest_route=\/wp\/v2\/posts\/3885\/revisions"}],"predecessor-version":[{"id":3890,"href":"https:\/\/www.24baires.com\/index.php?rest_route=\/wp\/v2\/posts\/3885\/revisions\/3890"}],"wp:attachment":[{"href":"https:\/\/www.24baires.com\/index.php?rest_route=%2Fwp%2Fv2%2Fmedia&parent=3885"}],"wp:term":[{"taxonomy":"category","embeddable":true,"href":"https:\/\/www.24baires.com\/index.php?rest_route=%2Fwp%2Fv2%2Fcategories&post=3885"},{"taxonomy":"post_tag","embeddable":true,"href":"https:\/\/www.24baires.com\/index.php?rest_route=%2Fwp%2Fv2%2Ftags&post=3885"}],"curies":[{"name":"wp","href":"https:\/\/api.w.org\/{rel}","templated":true}]}}