{"id":3875,"date":"2012-10-30T15:46:49","date_gmt":"2012-10-30T18:46:49","guid":{"rendered":"http:\/\/www.24baires.com\/?p=3875"},"modified":"2012-10-31T10:42:17","modified_gmt":"2012-10-31T13:42:17","slug":"renunciaron-los-camaristas-del-fuero-civil-y-comercial-federal-farrel-y-kiernan","status":"publish","type":"post","link":"https:\/\/www.24baires.com\/?p=3875","title":{"rendered":"Renunciaron los camaristas del fuero civil y comercial federal Farrel y Kiernan"},"content":{"rendered":"<p>Los integrantes de la C\u00e1mara Nacional de Apelaciones Civil y Comercial se alejaron de sus cargos para permitir la puesta en marcha del mecanismo que establece la ley para el nombramiento de subrogantes,\u00a0tras la pol\u00e9mica por la designaci\u00f3n de jueces en torno a la Ley de Medios.\u00a0<!--more--><br \/>\nLos jueces Mart\u00edn Farrel y Santiago Kiernan, ambos camaristas del fuero civil y comercial Federal, estaban jubilados y hab\u00edan sido convocados para ocupar sus cargos. A partir de su alejamiento se pondr\u00e1 en marcha el sistema de elecci\u00f3n de los conjueces para subrogar las vacancias, que fue aprobada la semana \u00faltima por el Senado, y publicada el viernes en el Boletin Oficial.<\/p>\n","protected":false},"excerpt":{"rendered":"<p>Los integrantes de la C\u00e1mara Nacional de Apelaciones Civil y Comercial se alejaron de sus cargos para permitir la puesta en marcha del mecanismo que establece la ley para el nombramiento de subrogantes,\u00a0tras la pol\u00e9mica por la designaci\u00f3n de jueces en torno a la Ley de Medios.\u00a0<\/p>\n","protected":false},"author":4,"featured_media":0,"comment_status":"open","ping_status":"open","sticky":false,"template":"","format":"standard","meta":{"_jetpack_newsletter_access":"","_jetpack_dont_email_post_to_subs":false,"_jetpack_newsletter_tier_id":0,"_jetpack_memberships_contains_paywalled_content":false,"_jetpack_memberships_contains_paid_content":false,"footnotes":""},"categories":[51],"tags":[],"class_list":["post-3875","post","type-post","status-publish","format-standard","hentry","category-politica"],"jetpack_featured_media_url":"","jetpack_shortlink":"https:\/\/wp.me\/p2JWE0-10v","jetpack-related-posts":[{"id":2528,"url":"https:\/\/www.24baires.com\/?p=2528","url_meta":{"origin":3875,"position":0},"title":"Designan al juez Horacio Alfonso como subrogante del juzgado donde se tramita el Art. 161 de la Ley de Medios","author":"Grupo Sierra","date":"18\/10\/2012","format":false,"excerpt":"La C\u00e1mara en lo Civil y Comercial Federal design\u00f3 al juez Horacio Alfonso como subrogante al frente del Juzgado 1 en lo Civil y Comercial, donde se tramita la causa por la constitucionalidad del art\u00edculo 161. Adem\u00e1s design\u00f3 para subrogar los juzgados 4 y 7 a Francisco de As\u00eds Soto\u2026","rel":"","context":"En \u00abMedios\u00bb","block_context":{"text":"Medios","link":"https:\/\/www.24baires.com\/?cat=54"},"img":{"alt_text":"","src":"","width":0,"height":0},"classes":[]},{"id":3121,"url":"https:\/\/www.24baires.com\/?p=3121","url_meta":{"origin":3875,"position":1},"title":"Por las denuncias de irregularidades, declaran varios jueces en el Consejo de la Magistratura","author":"Grupo Sierra","date":"24\/10\/2012","format":false,"excerpt":"La Comisi\u00f3n de Disciplina y Acusaci\u00f3n escuchar\u00e1 este jueves, a ocho jueces y a un magistrado jubilado, en el marco de la denuncia por irregularidades en designaciones en el juzgado que tramita la Ley de Medios. En una comunicaci\u00f3n oficial, el Consejo de la Magistratura inform\u00f3 que a partir de\u2026","rel":"","context":"En \u00abMedios\u00bb","block_context":{"text":"Medios","link":"https:\/\/www.24baires.com\/?cat=54"},"img":{"alt_text":"","src":"https:\/\/i0.wp.com\/www.24baires.com\/wp-content\/uploads\/2012\/10\/consejo-magistratura.jpg?resize=350%2C200","width":350,"height":200,"srcset":"https:\/\/i0.wp.com\/www.24baires.com\/wp-content\/uploads\/2012\/10\/consejo-magistratura.jpg?resize=350%2C200 1x, https:\/\/i0.wp.com\/www.24baires.com\/wp-content\/uploads\/2012\/10\/consejo-magistratura.jpg?resize=525%2C300 1.5x"},"classes":[]},{"id":4110,"url":"https:\/\/www.24baires.com\/?p=4110","url_meta":{"origin":3875,"position":2},"title":"Bocanera reconoci\u00f3 que a Tettamanti lo designaron &#8216;a dedo&#8217;","author":"AF","date":"01\/11\/2012","format":false,"excerpt":"El secretario general del fuero Civil y Comercial ofreci\u00f3 su testimonio ante la Comisi\u00f3n de Disciplina y Acusaci\u00f3n del Consejo de la Magistratura. All\u00ed asegur\u00f3 que al juez, jubilado, Ra\u00fal Tettamanti lo designaron de forma manual. El secretario general del la C\u00e1mara Civil y Comercial Federal, Gustavo Bocanera, quien prest\u00f3\u2026","rel":"","context":"En \u00abMedios\u00bb","block_context":{"text":"Medios","link":"https:\/\/www.24baires.com\/?cat=54"},"img":{"alt_text":"","src":"https:\/\/i0.wp.com\/www.24baires.com\/wp-content\/uploads\/2012\/11\/tettamanti2-300x193.jpg?resize=350%2C200","width":350,"height":200},"classes":[]},{"id":9605,"url":"https:\/\/www.24baires.com\/?p=9605","url_meta":{"origin":3875,"position":3},"title":"Imputan a jueces y consejeros por delitos durante la designaci\u00f3n de jueces subrogantes","author":"AF","date":"18\/12\/2012","format":false,"excerpt":"La decisi\u00f3n fue tomada por el fiscal Gerardo Di Masi, en el marco de una denuncia formulada por el gobierno por presuntos delitos durante el proceso de designaci\u00f3n de jueces subrogantes y por bloquear un concurso para designar nuevos titulares en los juzgados vacantes. El fiscal Gerardo Di Masi imput\u00f3\u2026","rel":"","context":"En \u00abMedios\u00bb","block_context":{"text":"Medios","link":"https:\/\/www.24baires.com\/?cat=54"},"img":{"alt_text":"","src":"","width":0,"height":0},"classes":[]},{"id":1102,"url":"https:\/\/www.24baires.com\/?p=1102","url_meta":{"origin":3875,"position":4},"title":"Alak denunci\u00f3 maniobras \u00abfuncionales al Grupo Clar\u00edn\u00bb contra la vigencia plena de la Ley de Medios","author":"Grupo Sierra","date":"05\/10\/2012","format":false,"excerpt":"El ministro de Justicia se\u00a0refiri\u00f3\u00a0a la decisi\u00f3n de cinco integrantes de la Magistratura de bloquear la designaci\u00f3n del juez titular que deber\u00e1 fallar sobre la cl\u00e1usula que obliga al grupo Clar\u00edn a desinvertir. Alak advirti\u00f3 sobre una \"maniobra que apunta a tener en suspenso el art\u00edculo 161 de la ley\u2026","rel":"","context":"En \u00abMedios\u00bb","block_context":{"text":"Medios","link":"https:\/\/www.24baires.com\/?cat=54"},"img":{"alt_text":"","src":"","width":0,"height":0},"classes":[]},{"id":2364,"url":"https:\/\/www.24baires.com\/?p=2364","url_meta":{"origin":3875,"position":5},"title":"Denunciaron penalmente a consejeros opositores y camaristas del Consejo de la Magistratura","author":"Grupo Sierra","date":"16\/10\/2012","format":false,"excerpt":"Cinco integrantes opositores del Consejo y dos de la C\u00e1mara Civil y Comercial porte\u00f1a fueron denunciados por la maniobra para impugnar el concurso del juez que debe fallar sobre la Ley de Medios.\u00a0Tanto los consejeros como los camaristas fueron tambi\u00e9n denunciados por designar jueces subrogantes. La denuncia fue hecha por\u2026","rel":"","context":"En \u00abPol\u00edtica\u00bb","block_context":{"text":"Pol\u00edtica","link":"https:\/\/www.24baires.com\/?cat=51"},"img":{"alt_text":"","src":"","width":0,"height":0},"classes":[]}],"jetpack_sharing_enabled":true,"jetpack_likes_enabled":true,"_links":{"self":[{"href":"https:\/\/www.24baires.com\/index.php?rest_route=\/wp\/v2\/posts\/3875","targetHints":{"allow":["GET"]}}],"collection":[{"href":"https:\/\/www.24baires.com\/index.php?rest_route=\/wp\/v2\/posts"}],"about":[{"href":"https:\/\/www.24baires.com\/index.php?rest_route=\/wp\/v2\/types\/post"}],"author":[{"embeddable":true,"href":"https:\/\/www.24baires.com\/index.php?rest_route=\/wp\/v2\/users\/4"}],"replies":[{"embeddable":true,"href":"https:\/\/www.24baires.com\/index.php?rest_route=%2Fwp%2Fv2%2Fcomments&post=3875"}],"version-history":[{"count":3,"href":"https:\/\/www.24baires.com\/index.php?rest_route=\/wp\/v2\/posts\/3875\/revisions"}],"predecessor-version":[{"id":3877,"href":"https:\/\/www.24baires.com\/index.php?rest_route=\/wp\/v2\/posts\/3875\/revisions\/3877"}],"wp:attachment":[{"href":"https:\/\/www.24baires.com\/index.php?rest_route=%2Fwp%2Fv2%2Fmedia&parent=3875"}],"wp:term":[{"taxonomy":"category","embeddable":true,"href":"https:\/\/www.24baires.com\/index.php?rest_route=%2Fwp%2Fv2%2Fcategories&post=3875"},{"taxonomy":"post_tag","embeddable":true,"href":"https:\/\/www.24baires.com\/index.php?rest_route=%2Fwp%2Fv2%2Ftags&post=3875"}],"curies":[{"name":"wp","href":"https:\/\/api.w.org\/{rel}","templated":true}]}}