{"id":3871,"date":"2012-10-30T15:34:34","date_gmt":"2012-10-30T18:34:34","guid":{"rendered":"http:\/\/www.24baires.com\/?p=3871"},"modified":"2012-10-30T15:34:34","modified_gmt":"2012-10-30T18:34:34","slug":"espinoza-y-el-gobernador-recorrieron-juntos-centros-de-evacuados","status":"publish","type":"post","link":"https:\/\/www.24baires.com\/?p=3871","title":{"rendered":"Espinoza y el Gobernador recorrieron juntos centros de evacuados"},"content":{"rendered":"<p><img data-recalc-dims=\"1\" loading=\"lazy\" decoding=\"async\" class=\"alignleft size-medium wp-image-3872\" title=\"Espinoza Scioli\" src=\"https:\/\/i0.wp.com\/www.24baires.com\/wp-content\/uploads\/2012\/10\/Espinoza-Scioli.jpg?resize=300%2C259\" alt=\"\" width=\"300\" height=\"259\" srcset=\"https:\/\/i0.wp.com\/www.24baires.com\/wp-content\/uploads\/2012\/10\/Espinoza-Scioli.jpg?resize=300%2C259&amp;ssl=1 300w, https:\/\/i0.wp.com\/www.24baires.com\/wp-content\/uploads\/2012\/10\/Espinoza-Scioli.jpg?w=560&amp;ssl=1 560w\" sizes=\"auto, (max-width: 300px) 100vw, 300px\" \/>\u201cEstamos hoy con una cifra de 2063 evacuados y 14 centros en donde est\u00e1 trabajando personal de Defensa Civil, Bomberos, las Secretar\u00edas de Salud, Desarrollo Social y Cultura, brindando asistencia y esparcimiento\u201d, dijo Fernando Espinoza, intendente de La Matanza, durante una visita a la Escuela N\u00ba 182 de Laferrere que alberga a m\u00e1s de 50 personas.<!--more--><\/p>\n<p>El Intendente estuvo acompa\u00f1ado por el Gobernador Daniel Scioli y juntos supervisaron las tareas de ayuda que all\u00ed se realizan. Hablaron con los evacuados y se comprometieron a brindarles todo lo que necesiten.<\/p>\n<p>\u201cFue un temporal terrible. Hac\u00eda pr\u00e1cticamente trece a\u00f1os que no viv\u00edamos algo parecido. En el a\u00f1o 2000 tuvimos 13 mil evacuados. Hoy, trece a\u00f1os despu\u00e9s tenemos poco m\u00e1s de dos mil\u201d, dijo el Intendente y explic\u00f3 que esta baja se debe a \u201clas obras de infraestructura que se realizaron en estos a\u00f1os, que comenzaron con N\u00e9stor Kirchner y siguen con Cristina Fern\u00e1ndez\u201d.<\/p>\n<p>Adem\u00e1s, destac\u00f3 que La Matanza tiene 18 arroyos, es el Municipio de la Provincia que m\u00e1s tiene. Y tras el temporal, en el que cayeron 90 mm de agua en s\u00f3lo 2 horas, tres de ellos, y el R\u00edo Matanza, desbordaron.<\/p>\n<p>El Gobernador de la provincia de Buenos Aires afirm\u00f3 que se debe apoyar y apuntalar a las familias para que puedan volver a su casa y se\u00f1al\u00f3 que \u201cse puso de manifiesto la vocaci\u00f3n de la comunidad educativa para convertir las aulas en lugares para albergar a las familias\u201d.<\/p>\n<p>Tambi\u00e9n sostuvo que desde el Gobierno provincial y el ministerio de Desarrollo Social de la Naci\u00f3n se est\u00e1n suministrando los materiales necesarios para ayudar a los damnificados, adem\u00e1s de realizar las obras hidr\u00e1ulicas \u201cque van a ir revirtiendo esta situaci\u00f3n para bien y para siempre, como las que venimos realizando, y, por eso, la situaci\u00f3n no es peor\u201d.<\/p>\n<p>De acuerdo a las propias palabras del Intendente, los sectores con mayor problem\u00e1tica son Gonz\u00e1lez Cat\u00e1n, Virrey del Pino y Laferrere.<\/p>\n<p>El Comit\u00e9 de Crisis se mantiene alerta, trabajando intensamente para asistir a cada uno de los evacuados de manera integral. Las distintas \u00e1reas contin\u00faan trabajando en conjunto para garantizar que las familias cuenten con alimento, colchones, frazadas, ropa, calzado y la asistencia m\u00e9dica que necesiten.<\/p>\n<p>La situaci\u00f3n se agrav\u00f3 no s\u00f3lo por la gran cantidad de lluvias sino por el corto tiempo en que se precipitaron, ya que se calculan 90 mm en s\u00f3lo 2 horas, lo que impidi\u00f3 el normal drenado de los 18 arroyos con que cuenta el Distrito.<\/p>\n<p>La Polic\u00eda Municipal y la de la Provincia de Buenos Aires se encuentran trabajando en las zonas afectadas, garantizando la seguridad en las viviendas y en las escuelas donde se est\u00e1 brindando asistencia.<\/p>\n<p>Los vecinos que necesiten ser evacuados o atendidos por situaci\u00f3n de emergencia pueden dirigirse a la delegaci\u00f3n municipal correspondiente a su localidad o comunicarse con la Subsecretar\u00eda de Gobierno Municipal al 4651-0015.<\/p>\n","protected":false},"excerpt":{"rendered":"<p>\u201cEstamos hoy con una cifra de 2063 evacuados y 14 centros en donde est\u00e1 trabajando personal de Defensa Civil, Bomberos, las Secretar\u00edas de Salud, Desarrollo Social y Cultura, brindando asistencia y esparcimiento\u201d, dijo Fernando Espinoza, intendente de La Matanza, durante una visita a la Escuela N\u00ba 182 de Laferrere que alberga a m\u00e1s de 50 personas.<\/p>\n","protected":false},"author":4,"featured_media":0,"comment_status":"open","ping_status":"open","sticky":false,"template":"","format":"standard","meta":{"_jetpack_newsletter_access":"","_jetpack_dont_email_post_to_subs":false,"_jetpack_newsletter_tier_id":0,"_jetpack_memberships_contains_paywalled_content":false,"_jetpack_memberships_contains_paid_content":false,"footnotes":""},"categories":[38],"tags":[],"class_list":["post-3871","post","type-post","status-publish","format-standard","hentry","category-locales"],"jetpack_featured_media_url":"","jetpack_shortlink":"https:\/\/wp.me\/p2JWE0-10r","jetpack-related-posts":[{"id":4012,"url":"https:\/\/www.24baires.com\/?p=4012","url_meta":{"origin":3871,"position":0},"title":"Alicia Kirchner recorri\u00f3 centros de evacuados en La Matanza","author":"Grupo Sierra","date":"31\/10\/2012","format":false,"excerpt":"Ayer se registr\u00f3 un nuevo pico en el R\u00edo Matanza por lo que el municipio increment\u00f3 las tareas de asistencia a los damnificados y autoevaluados que a\u00fan sufren las consecuencias del temporal. El intendente Fernando Espinoza junto a la Ministra de Desarrollo Social de la Naci\u00f3n, Alicia Kirchner, y el\u2026","rel":"","context":"En \u00abLocales\u00bb","block_context":{"text":"Locales","link":"https:\/\/www.24baires.com\/?cat=38"},"img":{"alt_text":"","src":"https:\/\/i0.wp.com\/www.24baires.com\/wp-content\/uploads\/2012\/10\/alicia-kirchner-matanza.jpg?resize=350%2C200","width":350,"height":200,"srcset":"https:\/\/i0.wp.com\/www.24baires.com\/wp-content\/uploads\/2012\/10\/alicia-kirchner-matanza.jpg?resize=350%2C200 1x, https:\/\/i0.wp.com\/www.24baires.com\/wp-content\/uploads\/2012\/10\/alicia-kirchner-matanza.jpg?resize=525%2C300 1.5x"},"classes":[]},{"id":120390,"url":"https:\/\/www.24baires.com\/?p=120390","url_meta":{"origin":3871,"position":1},"title":"La Plata: 160 personas fueron asistidas y evacuadas por el temporal","author":"GB","date":"18\/08\/2023","format":false,"excerpt":"Si bien las tormentas ya cesaron, Defensa Civil debi\u00f3 brindar ayuda a muchas familias debido a los destrozos que causaron las lluvias. El intendente de La Plata, Julio Garro, encabez\u00f3 una nueva reuni\u00f3n con el Comit\u00e9 de Crisis de la ciudad, para evaluar el impacto de las fuertes tormentas que\u2026","rel":"","context":"En \u00abProvincia\u00bb","block_context":{"text":"Provincia","link":"https:\/\/www.24baires.com\/?cat=40"},"img":{"alt_text":"","src":"https:\/\/i0.wp.com\/www.24baires.com\/wp-content\/uploads\/2023\/08\/defensa.jpg?resize=350%2C200","width":350,"height":200,"srcset":"https:\/\/i0.wp.com\/www.24baires.com\/wp-content\/uploads\/2023\/08\/defensa.jpg?resize=350%2C200 1x, https:\/\/i0.wp.com\/www.24baires.com\/wp-content\/uploads\/2023\/08\/defensa.jpg?resize=525%2C300 1.5x, https:\/\/i0.wp.com\/www.24baires.com\/wp-content\/uploads\/2023\/08\/defensa.jpg?resize=700%2C400 2x"},"classes":[]},{"id":101887,"url":"https:\/\/www.24baires.com\/?p=101887","url_meta":{"origin":3871,"position":2},"title":"Vidal supervis\u00f3 los operativos en las zonas m\u00e1s castigadas del Conurbano por el temporal","author":"GB","date":"30\/04\/2018","format":false,"excerpt":"La Gobernadora visit\u00f3 un centro de evacuados en PIlar y m\u00e1s tarde estuvo en el Centro de Monitoreo de Tres de Febrero. Son dos de los municipios que m\u00e1s padecieron las consecuencias de las tormentas del fin de semana. La gobernadora Mar\u00eda Eugenia Vidal, visit\u00f3 durante la tarde de ayer\u2026","rel":"","context":"En \u00abProvincia\u00bb","block_context":{"text":"Provincia","link":"https:\/\/www.24baires.com\/?cat=40"},"img":{"alt_text":"","src":"https:\/\/i0.wp.com\/www.24baires.com\/wp-content\/uploads\/2018\/04\/e.jpeg?resize=350%2C200","width":350,"height":200,"srcset":"https:\/\/i0.wp.com\/www.24baires.com\/wp-content\/uploads\/2018\/04\/e.jpeg?resize=350%2C200 1x, https:\/\/i0.wp.com\/www.24baires.com\/wp-content\/uploads\/2018\/04\/e.jpeg?resize=525%2C300 1.5x"},"classes":[]},{"id":112512,"url":"https:\/\/www.24baires.com\/?p=112512","url_meta":{"origin":3871,"position":3},"title":"M\u00e1s de 5 mil personas siguen evacuadas en el Conurbano","author":"GB","date":"16\/10\/2019","format":false,"excerpt":"M\u00e1s de cinco mil personas continuaban evacuadas hoy en varios distritos del Conurbano bonaerense a ra\u00edz de las inundaciones provocadas a partir del temporal del s\u00e1bado pasado, que impact\u00f3 principalmente en La Matanza, Esteban Echeverr\u00eda, Quilmes, Ezeiza y Lomas de Zamora. La crecida del R\u00edo de la Plata, cuyas aguas\u2026","rel":"","context":"En \u00abProvincia\u00bb","block_context":{"text":"Provincia","link":"https:\/\/www.24baires.com\/?cat=40"},"img":{"alt_text":"","src":"https:\/\/i0.wp.com\/www.24baires.com\/wp-content\/uploads\/2019\/10\/inundacion-1-300x200.jpg?resize=350%2C200","width":350,"height":200},"classes":[]},{"id":113437,"url":"https:\/\/www.24baires.com\/?p=113437","url_meta":{"origin":3871,"position":4},"title":"Mar del Plata: incendio, derrumbes y evacuados","author":"GB","date":"16\/12\/2019","format":false,"excerpt":"Se trata de la distribuidora multirubro Torres y Liva, que alojaba art\u00edculos de pl\u00e1stico y pirot\u00e9ca. Las llamas alcanzaron los 25 metros de altura. Trabajaron cinco dotaciones de bomberos. El intendente municipal Guillermo Montenegro se hizo presente en el \u00e1rea devastada y activ\u00f3 el protocolo de emergencia. Media manzana qued\u00f3\u2026","rel":"","context":"En \u00abMunicipios\u00bb","block_context":{"text":"Municipios","link":"https:\/\/www.24baires.com\/?cat=44"},"img":{"alt_text":"","src":"https:\/\/i0.wp.com\/www.24baires.com\/wp-content\/uploads\/2019\/12\/indencio-mdp.jpg?resize=350%2C200","width":350,"height":200,"srcset":"https:\/\/i0.wp.com\/www.24baires.com\/wp-content\/uploads\/2019\/12\/indencio-mdp.jpg?resize=350%2C200 1x, https:\/\/i0.wp.com\/www.24baires.com\/wp-content\/uploads\/2019\/12\/indencio-mdp.jpg?resize=525%2C300 1.5x"},"classes":[]},{"id":76943,"url":"https:\/\/www.24baires.com\/?p=76943","url_meta":{"origin":3871,"position":5},"title":"M\u00e1s de 25 mil personas permanecen evacuadas por las inundaciones en el Litoral","author":"GB","date":"28\/12\/2015","format":false,"excerpt":"Las crecidas de los r\u00edos Uruguay, Paraguay y Paran\u00e1 contin\u00faan con su tendencia ascendente en algunas de las zonas afectadas, mientras los gobiernos locales y la Naci\u00f3n asisten a los afectados. El gobernador de Entre R\u00edos, Gustavo Bordet, afirm\u00f3 hoy que la situaci\u00f3n en las zonas afectadas por las crecidas\u2026","rel":"","context":"En \u00abSociedad\u00bb","block_context":{"text":"Sociedad","link":"https:\/\/www.24baires.com\/?cat=1"},"img":{"alt_text":"inundacion litoral","src":"https:\/\/i0.wp.com\/www.24baires.com\/wp-content\/uploads\/2015\/12\/inundacion-litoral.jpg?resize=350%2C200","width":350,"height":200,"srcset":"https:\/\/i0.wp.com\/www.24baires.com\/wp-content\/uploads\/2015\/12\/inundacion-litoral.jpg?resize=350%2C200 1x, https:\/\/i0.wp.com\/www.24baires.com\/wp-content\/uploads\/2015\/12\/inundacion-litoral.jpg?resize=525%2C300 1.5x"},"classes":[]}],"jetpack_sharing_enabled":true,"jetpack_likes_enabled":true,"_links":{"self":[{"href":"https:\/\/www.24baires.com\/index.php?rest_route=\/wp\/v2\/posts\/3871","targetHints":{"allow":["GET"]}}],"collection":[{"href":"https:\/\/www.24baires.com\/index.php?rest_route=\/wp\/v2\/posts"}],"about":[{"href":"https:\/\/www.24baires.com\/index.php?rest_route=\/wp\/v2\/types\/post"}],"author":[{"embeddable":true,"href":"https:\/\/www.24baires.com\/index.php?rest_route=\/wp\/v2\/users\/4"}],"replies":[{"embeddable":true,"href":"https:\/\/www.24baires.com\/index.php?rest_route=%2Fwp%2Fv2%2Fcomments&post=3871"}],"version-history":[{"count":2,"href":"https:\/\/www.24baires.com\/index.php?rest_route=\/wp\/v2\/posts\/3871\/revisions"}],"predecessor-version":[{"id":3874,"href":"https:\/\/www.24baires.com\/index.php?rest_route=\/wp\/v2\/posts\/3871\/revisions\/3874"}],"wp:attachment":[{"href":"https:\/\/www.24baires.com\/index.php?rest_route=%2Fwp%2Fv2%2Fmedia&parent=3871"}],"wp:term":[{"taxonomy":"category","embeddable":true,"href":"https:\/\/www.24baires.com\/index.php?rest_route=%2Fwp%2Fv2%2Fcategories&post=3871"},{"taxonomy":"post_tag","embeddable":true,"href":"https:\/\/www.24baires.com\/index.php?rest_route=%2Fwp%2Fv2%2Ftags&post=3871"}],"curies":[{"name":"wp","href":"https:\/\/api.w.org\/{rel}","templated":true}]}}