{"id":3867,"date":"2012-10-30T15:22:08","date_gmt":"2012-10-30T18:22:08","guid":{"rendered":"http:\/\/www.24baires.com\/?p=3867"},"modified":"2012-10-30T15:22:42","modified_gmt":"2012-10-30T18:22:42","slug":"marcos-paz-buscar-fortalecer-sus-acciones-vinculadas-a-los-derechos-humanos","status":"publish","type":"post","link":"https:\/\/www.24baires.com\/?p=3867","title":{"rendered":"Marcos Paz busca fortalecer sus acciones vinculadas a los Derechos Humanos"},"content":{"rendered":"<p>El intendente de Marcos Paz, Ricardo Curutchet, recibi\u00f3 al secretario de Derechos Humanos de la provincia de Buenos Aires, Guido Carlotto, que visit\u00f3 la ciudad para firmar el convenio marco de colaboraci\u00f3n entre el organismo provincial y el municipio, que busca desplegar en todo el territorio bonaerense una pol\u00edtica integral de fortalecimiento de Derechos Humanos.<!--more--><br \/>\nCurutchet firm\u00f3 el convenio acompa\u00f1ado por los responsables de la Direcci\u00f3n de Derechos Humanos local, Guillermo Scheffer, la secretaria de Desarrollo Social, Claudia Mar\u00eda, y el concejal Maximiliano Sous. Se trata del desarrollo del Sub-programa de Fortalecimiento Institucional Territorializado, que tiene por objeto entablar una acci\u00f3n coordinada que permita el intercambio, la difusi\u00f3n y la promoci\u00f3n de actividades conjuntas de inter\u00e9s com\u00fan, tendientes al desarrollo de pol\u00edticas p\u00fablicas, as\u00ed como acad\u00e9mico, cient\u00edfico y cultural, en el \u00e1rea de sus respectivas competencias.<\/p>\n<p>Luego de esta firma, el equipo de Promoci\u00f3n de la Secretar\u00eda de Derechos Humanos de la provincia brind\u00f3 un taller dirigido a actores territoriales que busca realizar un primer diagn\u00f3stico que permita conocer los recursos municipales, generar acuerdos y fijar metodolog\u00edas de trabajo.<\/p>\n","protected":false},"excerpt":{"rendered":"<p>El intendente de Marcos Paz, Ricardo Curutchet, recibi\u00f3 al secretario de Derechos Humanos de la provincia de Buenos Aires, Guido Carlotto, que visit\u00f3 la ciudad para firmar el convenio marco de colaboraci\u00f3n entre el organismo provincial y el municipio, que busca desplegar en todo el territorio bonaerense una pol\u00edtica integral de fortalecimiento de Derechos Humanos.<\/p>\n","protected":false},"author":4,"featured_media":0,"comment_status":"open","ping_status":"open","sticky":false,"template":"","format":"standard","meta":{"_jetpack_newsletter_access":"","_jetpack_dont_email_post_to_subs":false,"_jetpack_newsletter_tier_id":0,"_jetpack_memberships_contains_paywalled_content":false,"_jetpack_memberships_contains_paid_content":false,"footnotes":""},"categories":[38],"tags":[],"class_list":["post-3867","post","type-post","status-publish","format-standard","hentry","category-locales"],"jetpack_featured_media_url":"","jetpack_shortlink":"https:\/\/wp.me\/p2JWE0-10n","jetpack-related-posts":[{"id":38423,"url":"https:\/\/www.24baires.com\/?p=38423","url_meta":{"origin":3867,"position":0},"title":"General Viamonte: acuerdo entre el municipio y la Secretar\u00eda de DDHH","author":"Grupo Sierra","date":"13\/01\/2014","format":false,"excerpt":"El intendente de General Viamonte, Juan Carlos Bartoletti, firm\u00f3 dos convenios con el Secretario de Derechos Humanos de la Provincia de Buenos Aires, Guido Carlotto. En la ocasi\u00f3n, ambos funcionarios firmaron un acuerdo que tiene por objeto entablar una acci\u00f3n coordinada que permita el intercambio, la difusi\u00f3n y la promoci\u00f3n\u2026","rel":"","context":"En \u00abLocales\u00bb","block_context":{"text":"Locales","link":"https:\/\/www.24baires.com\/?cat=38"},"img":{"alt_text":"guido carlotto","src":"https:\/\/i0.wp.com\/www.24baires.com\/wp-content\/uploads\/2013\/08\/guido-carlotto1.jpg?resize=350%2C200","width":350,"height":200,"srcset":"https:\/\/i0.wp.com\/www.24baires.com\/wp-content\/uploads\/2013\/08\/guido-carlotto1.jpg?resize=350%2C200 1x, https:\/\/i0.wp.com\/www.24baires.com\/wp-content\/uploads\/2013\/08\/guido-carlotto1.jpg?resize=525%2C300 1.5x"},"classes":[]},{"id":115209,"url":"https:\/\/www.24baires.com\/?p=115209","url_meta":{"origin":3867,"position":1},"title":"Provincia y la ONU firman convenio para fortalecer al sistema penitenciario bonaerense","author":"GB","date":"02\/06\/2020","format":false,"excerpt":"El convenio incluye incorporaci\u00f3n de los privados de la libertad en el mercado laboral, capacitaci\u00f3n para el trabajo, asistencia t\u00e9cnica y legal en normas de gesti\u00f3n, entre otros aspectos. El Ministerio de Justicia y Derechos Humanos firmar\u00e1 un convenio con el Programa de Naciones Unidas para el Desarrollo (PNUD) para\u2026","rel":"","context":"En \u00abProvincia\u00bb","block_context":{"text":"Provincia","link":"https:\/\/www.24baires.com\/?cat=40"},"img":{"alt_text":"","src":"https:\/\/i0.wp.com\/www.24baires.com\/wp-content\/uploads\/2016\/09\/penal-florencio-varela.jpg?resize=350%2C200","width":350,"height":200,"srcset":"https:\/\/i0.wp.com\/www.24baires.com\/wp-content\/uploads\/2016\/09\/penal-florencio-varela.jpg?resize=350%2C200 1x, https:\/\/i0.wp.com\/www.24baires.com\/wp-content\/uploads\/2016\/09\/penal-florencio-varela.jpg?resize=525%2C300 1.5x"},"classes":[]},{"id":44905,"url":"https:\/\/www.24baires.com\/?p=44905","url_meta":{"origin":3867,"position":2},"title":"Ensenada: Carlotto y Secco dieron comienzo a las jornadas sobre Derechos Humanos","author":"GB","date":"28\/04\/2014","format":false,"excerpt":"Durante la jornada de hoy, el Secretario Provincial de Derechos Humanos, Guido Carlotto, junto al intendente de Ensenada, Mario Secco, dieron comienzo formal a la jornada de trabajo \"Abordaje Integral sobre Derechos Humanos\" organizada por el municipio a trav\u00e9s de la Direcci\u00f3n de Derechos Humanos. La iniciativa, desarrollada en la\u2026","rel":"","context":"En \u00abLocales\u00bb","block_context":{"text":"Locales","link":"https:\/\/www.24baires.com\/?cat=38"},"img":{"alt_text":"jornada dd hh","src":"https:\/\/i0.wp.com\/www.24baires.com\/wp-content\/uploads\/2014\/04\/jornada-dd-hh.jpg?resize=350%2C200","width":350,"height":200,"srcset":"https:\/\/i0.wp.com\/www.24baires.com\/wp-content\/uploads\/2014\/04\/jornada-dd-hh.jpg?resize=350%2C200 1x, https:\/\/i0.wp.com\/www.24baires.com\/wp-content\/uploads\/2014\/04\/jornada-dd-hh.jpg?resize=525%2C300 1.5x"},"classes":[]},{"id":119882,"url":"https:\/\/www.24baires.com\/?p=119882","url_meta":{"origin":3867,"position":3},"title":"Mar del Plata: Confirman el inicio de obras para construir el Espacio de Memoria en la ex ESIM","author":"GB","date":"10\/03\/2023","format":false,"excerpt":"El Estado nacional, desde su Secretar\u00eda de Derechos Humanos, confirm\u00f3 que los trabajos se extender\u00e1n durante ocho meses. La Secretar\u00eda de Derechos Humanos de la Naci\u00f3n y el Ministerio de Obras P\u00fablicas de la Naci\u00f3n anunci\u00f3 el inicio de obras para la puesta en valor del Espacio de Memoria donde\u2026","rel":"","context":"En \u00abMemoria\u00bb","block_context":{"text":"Memoria","link":"https:\/\/www.24baires.com\/?cat=50"},"img":{"alt_text":"","src":"https:\/\/i0.wp.com\/www.24baires.com\/wp-content\/uploads\/2023\/03\/image_editor_output_image546499135-1678453284915.png?resize=350%2C200","width":350,"height":200,"srcset":"https:\/\/i0.wp.com\/www.24baires.com\/wp-content\/uploads\/2023\/03\/image_editor_output_image546499135-1678453284915.png?resize=350%2C200 1x, https:\/\/i0.wp.com\/www.24baires.com\/wp-content\/uploads\/2023\/03\/image_editor_output_image546499135-1678453284915.png?resize=525%2C300 1.5x, https:\/\/i0.wp.com\/www.24baires.com\/wp-content\/uploads\/2023\/03\/image_editor_output_image546499135-1678453284915.png?resize=700%2C400 2x"},"classes":[]},{"id":44797,"url":"https:\/\/www.24baires.com\/?p=44797","url_meta":{"origin":3867,"position":4},"title":"Jos\u00e9 C. Paz: crean el primer Imdec local del pa\u00eds","author":"GB","date":"27\/04\/2014","format":false,"excerpt":"Ricardo Curutchet puso en marcha este a\u00f1o en su distrito el Instituto Municipal de Estad\u00edstica y Censos, con el prop\u00f3sito de medir la evoluci\u00f3n de los precios de la canasta b\u00e1sica de alimentos a nivel local. Aclar\u00f3 que no se contradice con el Instituto Nacional de Estad\u00edstica y Censos (INDEC)\u2026","rel":"","context":"En \u00abLocales\u00bb","block_context":{"text":"Locales","link":"https:\/\/www.24baires.com\/?cat=38"},"img":{"alt_text":"int jose c paz","src":"https:\/\/i0.wp.com\/www.24baires.com\/wp-content\/uploads\/2014\/04\/int-jose-c-paz.jpg?resize=350%2C200","width":350,"height":200,"srcset":"https:\/\/i0.wp.com\/www.24baires.com\/wp-content\/uploads\/2014\/04\/int-jose-c-paz.jpg?resize=350%2C200 1x, https:\/\/i0.wp.com\/www.24baires.com\/wp-content\/uploads\/2014\/04\/int-jose-c-paz.jpg?resize=525%2C300 1.5x"},"classes":[]},{"id":44954,"url":"https:\/\/www.24baires.com\/?p=44954","url_meta":{"origin":3867,"position":5},"title":"Marcos Paz tiene el primer organismo de estad\u00edstica local del pa\u00eds","author":"AF","date":"29\/04\/2014","format":false,"excerpt":"El jefe comunal de Marcos Paz, Ricardo Curutchet, puso en marcha este a\u00f1o el Instituto Municipal de Estad\u00edstica y Censos (IMDEC), con el objetivo de medir la evoluci\u00f3n de los precios de la canasta b\u00e1sica de alimentos a nivel local. \u201cNuestro IMDEC, con caracter\u00edsticas propias, arranc\u00f3 cuando sali\u00f3 el programa\u2026","rel":"","context":"En \u00abLocales\u00bb","block_context":{"text":"Locales","link":"https:\/\/www.24baires.com\/?cat=38"},"img":{"alt_text":"curutchet marcos paz","src":"https:\/\/i0.wp.com\/www.24baires.com\/wp-content\/uploads\/2014\/04\/curutchet-marcos-paz.jpg?resize=350%2C200","width":350,"height":200,"srcset":"https:\/\/i0.wp.com\/www.24baires.com\/wp-content\/uploads\/2014\/04\/curutchet-marcos-paz.jpg?resize=350%2C200 1x, https:\/\/i0.wp.com\/www.24baires.com\/wp-content\/uploads\/2014\/04\/curutchet-marcos-paz.jpg?resize=525%2C300 1.5x"},"classes":[]}],"jetpack_sharing_enabled":true,"jetpack_likes_enabled":true,"_links":{"self":[{"href":"https:\/\/www.24baires.com\/index.php?rest_route=\/wp\/v2\/posts\/3867","targetHints":{"allow":["GET"]}}],"collection":[{"href":"https:\/\/www.24baires.com\/index.php?rest_route=\/wp\/v2\/posts"}],"about":[{"href":"https:\/\/www.24baires.com\/index.php?rest_route=\/wp\/v2\/types\/post"}],"author":[{"embeddable":true,"href":"https:\/\/www.24baires.com\/index.php?rest_route=\/wp\/v2\/users\/4"}],"replies":[{"embeddable":true,"href":"https:\/\/www.24baires.com\/index.php?rest_route=%2Fwp%2Fv2%2Fcomments&post=3867"}],"version-history":[{"count":3,"href":"https:\/\/www.24baires.com\/index.php?rest_route=\/wp\/v2\/posts\/3867\/revisions"}],"predecessor-version":[{"id":3870,"href":"https:\/\/www.24baires.com\/index.php?rest_route=\/wp\/v2\/posts\/3867\/revisions\/3870"}],"wp:attachment":[{"href":"https:\/\/www.24baires.com\/index.php?rest_route=%2Fwp%2Fv2%2Fmedia&parent=3867"}],"wp:term":[{"taxonomy":"category","embeddable":true,"href":"https:\/\/www.24baires.com\/index.php?rest_route=%2Fwp%2Fv2%2Fcategories&post=3867"},{"taxonomy":"post_tag","embeddable":true,"href":"https:\/\/www.24baires.com\/index.php?rest_route=%2Fwp%2Fv2%2Ftags&post=3867"}],"curies":[{"name":"wp","href":"https:\/\/api.w.org\/{rel}","templated":true}]}}