{"id":3863,"date":"2012-10-30T15:08:55","date_gmt":"2012-10-30T18:08:55","guid":{"rendered":"http:\/\/www.24baires.com\/?p=3863"},"modified":"2012-10-30T15:08:55","modified_gmt":"2012-10-30T18:08:55","slug":"recomiendan-reposo-de-24-horas-a-la-presidenta-por-un-cuadro-de-hipotension","status":"publish","type":"post","link":"https:\/\/www.24baires.com\/?p=3863","title":{"rendered":"Recomiendan reposo de 24 horas a la Presidenta por un cuadro de hipotensi\u00f3n"},"content":{"rendered":"<p><img data-recalc-dims=\"1\" loading=\"lazy\" decoding=\"async\" class=\"alignleft size-medium wp-image-3864\" title=\"cristina kirchner\" src=\"https:\/\/i0.wp.com\/www.24baires.com\/wp-content\/uploads\/2012\/10\/cristina-kirchner.jpg?resize=300%2C249\" alt=\"\" width=\"300\" height=\"249\" srcset=\"https:\/\/i0.wp.com\/www.24baires.com\/wp-content\/uploads\/2012\/10\/cristina-kirchner.jpg?resize=300%2C249&amp;ssl=1 300w, https:\/\/i0.wp.com\/www.24baires.com\/wp-content\/uploads\/2012\/10\/cristina-kirchner.jpg?w=400&amp;ssl=1 400w\" sizes=\"auto, (max-width: 300px) 100vw, 300px\" \/>La presidenta Cristina Fern\u00e1ndez de Kirchner present\u00f3 este martes un \u00abcuadro de hipotensi\u00f3n\u00bb por lo que se le recomend\u00f3 un reposo de 24 horas, seg\u00fan se inform\u00f3 oficialmente.<!--more--><br \/>\n\u00abEn el d\u00eda de la fecha, la se\u00f1ora presidenta de la naci\u00f3n, doctora Cristina Fern\u00e1ndez de Kirchner, present\u00f3 un cuadro de hipotensi\u00f3n arterial leve, por el cual se le indic\u00f3 reposo por 24 horas y control evolutivo\u00bb, seg\u00fan inform\u00f3 en un comunicado de la Unidad M\u00e9dica Presidencial.<br \/>\nEl parte m\u00e9dico lleva las firmas de los m\u00e9dicos Luis Buonomo, Marcelo Ballesteros y Daniel Fern\u00e1ndez.<\/p>\n","protected":false},"excerpt":{"rendered":"<p>La presidenta Cristina Fern\u00e1ndez de Kirchner present\u00f3 este martes un \u00abcuadro de hipotensi\u00f3n\u00bb por lo que se le recomend\u00f3 un reposo de 24 horas, seg\u00fan se inform\u00f3 oficialmente.<\/p>\n","protected":false},"author":4,"featured_media":0,"comment_status":"open","ping_status":"open","sticky":false,"template":"","format":"standard","meta":{"_jetpack_newsletter_access":"","_jetpack_dont_email_post_to_subs":false,"_jetpack_newsletter_tier_id":0,"_jetpack_memberships_contains_paywalled_content":false,"_jetpack_memberships_contains_paid_content":false,"footnotes":""},"categories":[1],"tags":[],"class_list":["post-3863","post","type-post","status-publish","format-standard","hentry","category-sociedad"],"jetpack_featured_media_url":"","jetpack_shortlink":"https:\/\/wp.me\/p2JWE0-10j","jetpack-related-posts":[{"id":49178,"url":"https:\/\/www.24baires.com\/?p=49178","url_meta":{"origin":3863,"position":0},"title":"Cristina deber\u00e1 guardar otras 24 horas de reposo","author":"GB","date":"03\/07\/2014","format":false,"excerpt":"La presidenta Cristina Fern\u00e1ndez de Kirchner continuar\u00e1 en reposo por 24 horas m\u00e1s debido a un \"cuadro de faringolaringitis aguda, que contin\u00faa cursando el cuadro evolutivo\", seg\u00fan se inform\u00f3 oficialmente. Seg\u00fan el comunicado de la Unidad M\u00e9dica Presidencial, \"en el d\u00eda de la fecha, la Sra. Presidenta de la Naci\u00f3n,\u2026","rel":"","context":"En \u00abLocales\u00bb","block_context":{"text":"Locales","link":"https:\/\/www.24baires.com\/?cat=38"},"img":{"alt_text":"vuelta cristina","src":"https:\/\/i0.wp.com\/www.24baires.com\/wp-content\/uploads\/2013\/11\/vuelta-cristina.jpg?resize=350%2C200","width":350,"height":200,"srcset":"https:\/\/i0.wp.com\/www.24baires.com\/wp-content\/uploads\/2013\/11\/vuelta-cristina.jpg?resize=350%2C200 1x, https:\/\/i0.wp.com\/www.24baires.com\/wp-content\/uploads\/2013\/11\/vuelta-cristina.jpg?resize=525%2C300 1.5x"},"classes":[]},{"id":49099,"url":"https:\/\/www.24baires.com\/?p=49099","url_meta":{"origin":3863,"position":1},"title":"Cristina suspendi\u00f3 sus actividades por una faringolaringitis","author":"AF","date":"02\/07\/2014","format":false,"excerpt":"La Presidenta debi\u00f3 suspender hoy el viaje previsto a la Rep\u00fablica del Paraguay debido a un \"cuadro de faringolaringitis aguda, para lo cual deber\u00e1 realizar el tratamiento correspondiente\", seg\u00fan se inform\u00f3 oficialmente. \"En el d\u00eda de la fecha, la se\u00f1ora presidenta de la naci\u00f3n, doctora Cristina Fern\u00e1ndez de Kirchner, presenta\u2026","rel":"","context":"En \u00abPol\u00edtica\u00bb","block_context":{"text":"Pol\u00edtica","link":"https:\/\/www.24baires.com\/?cat=51"},"img":{"alt_text":"cristina rating 2","src":"https:\/\/i0.wp.com\/www.24baires.com\/wp-content\/uploads\/2014\/06\/cristina-rating-2.jpg?resize=350%2C200","width":350,"height":200,"srcset":"https:\/\/i0.wp.com\/www.24baires.com\/wp-content\/uploads\/2014\/06\/cristina-rating-2.jpg?resize=350%2C200 1x, https:\/\/i0.wp.com\/www.24baires.com\/wp-content\/uploads\/2014\/06\/cristina-rating-2.jpg?resize=525%2C300 1.5x"},"classes":[]},{"id":34014,"url":"https:\/\/www.24baires.com\/?p=34014","url_meta":{"origin":3863,"position":2},"title":"Aseguran que Cristina lleva un \u00abposoperatorio normal\u00bb","author":"GB","date":"23\/10\/2013","format":false,"excerpt":"La presidenta culmin\u00f3 la serie de chequeos programados que se realiz\u00f3 en la sede de la Fundaci\u00f3n Favaloro, desde donde se inform\u00f3 que se encuentra en buen estado y \"continuar\u00e1 con el reposo programado de 30 d\u00edas\". \"La presidenta est\u00e1 muy bien, ya se realiz\u00f3 los estudios\", indic\u00f3 a las\u2026","rel":"","context":"En \u00abPol\u00edtica\u00bb","block_context":{"text":"Pol\u00edtica","link":"https:\/\/www.24baires.com\/?cat=51"},"img":{"alt_text":"cristina favaloro","src":"https:\/\/i0.wp.com\/www.24baires.com\/wp-content\/uploads\/2013\/10\/cristina-favaloro-300x199.jpg?resize=350%2C200","width":350,"height":200},"classes":[]},{"id":33079,"url":"https:\/\/www.24baires.com\/?p=33079","url_meta":{"origin":3863,"position":3},"title":"A Cristina le indicaron \u00abun mes de reposo\u00bb se inform\u00f3 oficialmente","author":"Grupo Sierra","date":"05\/10\/2013","format":false,"excerpt":"La presidenta Cristina Fern\u00e1ndez de kirchner deber\u00e1 tener un mes de reposo por indicaci\u00f3n de los m\u00e9dicos de la Fundaci\u00f3n Favaloro, seg\u00fan inform\u00f3 esta noche el secretario de Comunicaci\u00f3n P\u00fablica, Alfredo Scoccimarro. En un comunicado le\u00eddo en Casa de Gobierno, Scoccimarro inform\u00f3 que \"la Presidenta se realiz\u00f3 un estudio cardiovascular\u2026","rel":"","context":"En \u00abPol\u00edtica\u00bb","block_context":{"text":"Pol\u00edtica","link":"https:\/\/www.24baires.com\/?cat=51"},"img":{"alt_text":"","src":"","width":0,"height":0},"classes":[]},{"id":56828,"url":"https:\/\/www.24baires.com\/?p=56828","url_meta":{"origin":3863,"position":4},"title":"Le dieron el alta a Cristina Kirchner","author":"GB","date":"09\/11\/2014","format":false,"excerpt":"Tras una semana internada en el sanatorio Otamendi, la Presidente fue dada de alta y deber\u00e1 descansar unos d\u00edas antes de volver a las actividades normales. Tras cumplir hoy una semana de internaci\u00f3n en una cl\u00ednica del barrio de Balvanera bajo tratamiento antibi\u00f3tico por presentar un cuadro de sigmoiditis, la\u2026","rel":"","context":"En \u00abPol\u00edtica\u00bb","block_context":{"text":"Pol\u00edtica","link":"https:\/\/www.24baires.com\/?cat=51"},"img":{"alt_text":"vuelta cristina","src":"https:\/\/i0.wp.com\/www.24baires.com\/wp-content\/uploads\/2013\/11\/vuelta-cristina.jpg?resize=350%2C200","width":350,"height":200,"srcset":"https:\/\/i0.wp.com\/www.24baires.com\/wp-content\/uploads\/2013\/11\/vuelta-cristina.jpg?resize=350%2C200 1x, https:\/\/i0.wp.com\/www.24baires.com\/wp-content\/uploads\/2013\/11\/vuelta-cristina.jpg?resize=525%2C300 1.5x"},"classes":[]},{"id":55587,"url":"https:\/\/www.24baires.com\/?p=55587","url_meta":{"origin":3863,"position":5},"title":"Reposo para Cristina por 48 horas","author":"Grupo Sierra","date":"17\/10\/2014","format":false,"excerpt":"La Presidenta \u201cpresenta un cuadro de faringitis\u201d por lo cual deber\u00e1 mantener \u201creposo y control evolutivo\u201d. Lo inform\u00f3 hoy la Unidad M\u00e9dica Presidencial a trav\u00e9s de un comunicado. Por esa raz\u00f3n, ser\u00e1 reprogramado para una nueva fecha el acto que estaba previsto para ma\u00f1ana s\u00e1bado en homenaje a Arturo Jauretche,\u2026","rel":"","context":"En \u00abGeneral\u00bb","block_context":{"text":"General","link":"https:\/\/www.24baires.com\/?cat=67"},"img":{"alt_text":"cristina","src":"https:\/\/i0.wp.com\/www.24baires.com\/wp-content\/uploads\/2014\/10\/cristina.jpg?resize=350%2C200","width":350,"height":200,"srcset":"https:\/\/i0.wp.com\/www.24baires.com\/wp-content\/uploads\/2014\/10\/cristina.jpg?resize=350%2C200 1x, https:\/\/i0.wp.com\/www.24baires.com\/wp-content\/uploads\/2014\/10\/cristina.jpg?resize=525%2C300 1.5x"},"classes":[]}],"jetpack_sharing_enabled":true,"jetpack_likes_enabled":true,"_links":{"self":[{"href":"https:\/\/www.24baires.com\/index.php?rest_route=\/wp\/v2\/posts\/3863","targetHints":{"allow":["GET"]}}],"collection":[{"href":"https:\/\/www.24baires.com\/index.php?rest_route=\/wp\/v2\/posts"}],"about":[{"href":"https:\/\/www.24baires.com\/index.php?rest_route=\/wp\/v2\/types\/post"}],"author":[{"embeddable":true,"href":"https:\/\/www.24baires.com\/index.php?rest_route=\/wp\/v2\/users\/4"}],"replies":[{"embeddable":true,"href":"https:\/\/www.24baires.com\/index.php?rest_route=%2Fwp%2Fv2%2Fcomments&post=3863"}],"version-history":[{"count":2,"href":"https:\/\/www.24baires.com\/index.php?rest_route=\/wp\/v2\/posts\/3863\/revisions"}],"predecessor-version":[{"id":3866,"href":"https:\/\/www.24baires.com\/index.php?rest_route=\/wp\/v2\/posts\/3863\/revisions\/3866"}],"wp:attachment":[{"href":"https:\/\/www.24baires.com\/index.php?rest_route=%2Fwp%2Fv2%2Fmedia&parent=3863"}],"wp:term":[{"taxonomy":"category","embeddable":true,"href":"https:\/\/www.24baires.com\/index.php?rest_route=%2Fwp%2Fv2%2Fcategories&post=3863"},{"taxonomy":"post_tag","embeddable":true,"href":"https:\/\/www.24baires.com\/index.php?rest_route=%2Fwp%2Fv2%2Ftags&post=3863"}],"curies":[{"name":"wp","href":"https:\/\/api.w.org\/{rel}","templated":true}]}}