{"id":38554,"date":"2014-01-15T18:13:34","date_gmt":"2014-01-15T21:13:34","guid":{"rendered":"http:\/\/www.24baires.com\/?p=38554"},"modified":"2014-01-15T18:13:34","modified_gmt":"2014-01-15T21:13:34","slug":"la-ancha-avenida-en-la-que-corren-los-que-quieren-ser-candidatos-k","status":"publish","type":"post","link":"https:\/\/www.24baires.com\/?p=38554","title":{"rendered":"La ancha avenida en la que corren los que quieren ser candidatos K"},"content":{"rendered":"<p><img data-recalc-dims=\"1\" loading=\"lazy\" decoding=\"async\" class=\"aligncenter size-full wp-image-38555\" alt=\"scioli y capitanich\" src=\"https:\/\/i0.wp.com\/www.24baires.com\/wp-content\/uploads\/2014\/01\/scioli-y-capitanich.jpg?resize=560%2C314\" width=\"560\" height=\"314\" srcset=\"https:\/\/i0.wp.com\/www.24baires.com\/wp-content\/uploads\/2014\/01\/scioli-y-capitanich.jpg?w=560&amp;ssl=1 560w, https:\/\/i0.wp.com\/www.24baires.com\/wp-content\/uploads\/2014\/01\/scioli-y-capitanich.jpg?resize=300%2C168&amp;ssl=1 300w\" sizes=\"auto, (max-width: 560px) 100vw, 560px\" \/>Si alguien pens\u00f3 que el verano, con sus picos de calor extremo y agotador, iba a hacer que la pol\u00edtica nacional se tomara un respiro o bajara un cambio despu\u00e9s de las elecciones, bueno, se confundi\u00f3 bastante. Antes, es cierto, si bien los pol\u00edticos y referentes sociales utilizaban la temporada estival para mostrarse en algunas ciudades balnearias y reunirse con colegas y posibles aliados, ahora eso es mero juego de ni\u00f1os. Una simpleza, casi un gusto para darse en vacaciones. <!--more--><\/p>\n<p>La campa\u00f1a no parece haber terminado, si bien el Kirchnerismo nos acostumbr\u00f3 a la campa\u00f1a permanente y a no detener ni en broma el ritmo vertiginoso que se da cada dos a\u00f1os en \u00e9poca electoral, estos \u00faltimos meses han sido un anticipo claro de lo que se vendr\u00e1: los que quieren ser candidatos en el 2015, ya comenzaron sus campa\u00f1as, sus posicionamientos, al menos medi\u00e1ticos.<\/p>\n<p>De Daniel Scioli y sus ganas de reemplazar a Cristina Kirchner ya sab\u00edamos, son las mismas ganas de siempre, las del 2011, que colg\u00f3 de una percha, como un traje costoso, esperando el momento adecuado para vestirlo. Y de los opositores que se han anotado en la carrera presidencial hoy no nos vamos a ocupar, y son muchos. Pero siguiendo con el espacio pol\u00edtico que gobierna el pa\u00eds desde hace ya m\u00e1s de una d\u00e9cada, podemos inscribir algunos nombres m\u00e1s en la lista que ya ocupa desde hace a\u00f1os, -sin pesta\u00f1ar siquiera por miedo a que lo borren- el gobernador de Buenos Aires.<\/p>\n<p>El desembarco de Capitanich en la Jefatura de Gabinete fue un dato importante que puso en relieve lo que los Uribarri, por ejemplo, ya sab\u00edan: la candidatura presidencial todav\u00eda no tiene nombre propio. Y Ahora, An\u00edbal Fern\u00e1ndez pate\u00f3 el tablero y le hizo saber a Scioli que no va a ser tan f\u00e1cil llegar y que sus aspiraciones son compartidas por otros, y que van a tener que ser disputadas, aun en un a\u00f1o no electoral.<\/p>\n<p>\u201cA presidente. No lo descarto\u201d, dijo An\u00edbal y cosech\u00f3 sonrisas y gui\u00f1os de diversos sectores. Por otro lado, Florencio Randazzo dio su presente y dijo: \u201cQuiero sacar el transporte p\u00fablico adelante y juego cualquier partido\u201d, inscribiendo su nombre en la lista de posibles sucesores de CFK. \u201cSiempre dentro del Frente para la Victoria y dentro de este modelo que sac\u00f3 adelante la Argentina. La responsabilidad que tenemos es la de acompa\u00f1ar a Cristina\u201d, aclara. Esto \u00faltimo lo dir\u00e1 para que no se confundan quienes creen que Scioli puede llegar a no ser el candidato oficial y aun ir a elecciones por otro espacio, ya que Randazzo es muy cercano al gobernador y quiz\u00e1 sea \u00e9se el puesto al que en realidad aspira al 2015, con un Scioli traccionando arriba como candidato a presidente. Randazzo dice verse s\u00f3lo en el FpV, hay que ver que visi\u00f3n tiene Scioli de todas sus posibilidades.<\/p>\n<p>Como siempre, habr\u00e1 que esperar para saber. Hay alg\u00fan tapado por all\u00ed que aun no est\u00e1 siendo nombrado que apuntar\u00e1 sus ca\u00f1ones para saltar desde la C\u00e1mara Baja a la cabeza del ejecutivo provincial. Seguro m\u00e1s nombres surgir\u00e1n en los pr\u00f3ximos meses, pero para un enero al rojo vivo, ya tenemos bastantes.<\/p>\n<p>&nbsp;<\/p>\n<p>&nbsp;<\/p>\n<p>&nbsp;<\/p>\n<p>&nbsp;<\/p>\n<p>&nbsp;<\/p>\n","protected":false},"excerpt":{"rendered":"<p>Si alguien pens\u00f3 que el verano, con sus picos de calor extremo y agotador, iba a hacer que la pol\u00edtica nacional se tomara un respiro o bajara un cambio despu\u00e9s de las elecciones, bueno, se confundi\u00f3 bastante. Antes, es cierto, si bien los pol\u00edticos y referentes sociales utilizaban la temporada estival para mostrarse en algunas ciudades balnearias y reunirse con [&#8230;]<\/p>\n","protected":false},"author":8,"featured_media":0,"comment_status":"open","ping_status":"open","sticky":false,"template":"","format":"standard","meta":{"_jetpack_newsletter_access":"","_jetpack_dont_email_post_to_subs":false,"_jetpack_newsletter_tier_id":0,"_jetpack_memberships_contains_paywalled_content":false,"_jetpack_memberships_contains_paid_content":false,"footnotes":""},"categories":[64],"tags":[],"class_list":["post-38554","post","type-post","status-publish","format-standard","hentry","category-opinion"],"jetpack_featured_media_url":"","jetpack_shortlink":"https:\/\/wp.me\/p2JWE0-a1Q","jetpack-related-posts":[{"id":111678,"url":"https:\/\/www.24baires.com\/?p=111678","url_meta":{"origin":38554,"position":0},"title":"Desde CARBAP advierten que \u201csi se lo quieren llevar puesto, el campo va a reaccionar\u201d","author":"GB","date":"17\/08\/2019","format":false,"excerpt":"La entidad ruralista organizar\u00e1 un encuentro para conocer de primera mano las propuestas de los cinco candidatos a gobernador por Buenos Aires. Entre los temas que m\u00e1s preocupan figuran la presi\u00f3n impositiva y los caminos rurales y anticipan que no quieren cambios bruscos en materia de pol\u00edticas para el sector.\u2026","rel":"","context":"En \u00abProvincia\u00bb","block_context":{"text":"Provincia","link":"https:\/\/www.24baires.com\/?cat=40"},"img":{"alt_text":"","src":"https:\/\/i0.wp.com\/www.24baires.com\/wp-content\/uploads\/2019\/08\/campo.jpg?resize=350%2C200","width":350,"height":200,"srcset":"https:\/\/i0.wp.com\/www.24baires.com\/wp-content\/uploads\/2019\/08\/campo.jpg?resize=350%2C200 1x, https:\/\/i0.wp.com\/www.24baires.com\/wp-content\/uploads\/2019\/08\/campo.jpg?resize=525%2C300 1.5x"},"classes":[]},{"id":105347,"url":"https:\/\/www.24baires.com\/?p=105347","url_meta":{"origin":38554,"position":1},"title":"Vidal insiste en aclarar que no ser\u00e1 candidata presidencial en 2019","author":"AF","date":"08\/11\/2018","format":false,"excerpt":"A dos d\u00edas de que el presidente Mauricio Macri expresara su deseo de pelear por la reelecci\u00f3n, la gobernadora Mar\u00eda Eugenia Vidal se corri\u00f3 de su camino y rechaz\u00f3 los rumores que hablaban de una potencial candidatura presidencial ante el aumento de imagen negativa del mandatario. \"Candidata a Presidenta es\u2026","rel":"","context":"En \u00abPol\u00edtica\u00bb","block_context":{"text":"Pol\u00edtica","link":"https:\/\/www.24baires.com\/?cat=51"},"img":{"alt_text":"","src":"https:\/\/i0.wp.com\/www.24baires.com\/wp-content\/uploads\/2018\/11\/vidal.jpg?resize=350%2C200","width":350,"height":200,"srcset":"https:\/\/i0.wp.com\/www.24baires.com\/wp-content\/uploads\/2018\/11\/vidal.jpg?resize=350%2C200 1x, https:\/\/i0.wp.com\/www.24baires.com\/wp-content\/uploads\/2018\/11\/vidal.jpg?resize=525%2C300 1.5x"},"classes":[]},{"id":103785,"url":"https:\/\/www.24baires.com\/?p=103785","url_meta":{"origin":38554,"position":2},"title":"Vidal confirm\u00f3 que no ser\u00e1 candidata a presidente en 2019","author":"AF","date":"09\/08\/2018","format":false,"excerpt":"En medio del esc\u00e1ndalo por los aportantes truchos de cambiemos en la Provincia durante la campa\u00f1a 2017, la mandataria se refiri\u00f3 a su futuro pol\u00edtico y el de Mauricio Macri. La gobernadora de la provincia de Buenos Aires, Mar\u00eda Eugenia Vidal, evit\u00f3 hablar sobre si se presentar\u00e1 para la reelecci\u00f3n\u2026","rel":"","context":"En \u00abPol\u00edtica\u00bb","block_context":{"text":"Pol\u00edtica","link":"https:\/\/www.24baires.com\/?cat=51"},"img":{"alt_text":"","src":"https:\/\/i0.wp.com\/www.24baires.com\/wp-content\/uploads\/2018\/03\/vidal-1.jpg?resize=350%2C200","width":350,"height":200,"srcset":"https:\/\/i0.wp.com\/www.24baires.com\/wp-content\/uploads\/2018\/03\/vidal-1.jpg?resize=350%2C200 1x, https:\/\/i0.wp.com\/www.24baires.com\/wp-content\/uploads\/2018\/03\/vidal-1.jpg?resize=525%2C300 1.5x"},"classes":[]},{"id":112640,"url":"https:\/\/www.24baires.com\/?p=112640","url_meta":{"origin":38554,"position":3},"title":"Kicillof asegur\u00f3 que \u00abfracas\u00f3 el neoliberalismo en la Argentina\u00bb","author":"AF","date":"24\/10\/2019","format":false,"excerpt":"El candidato a gobernador del Frente de Todos asegur\u00f3 que prim\u00f3 un objetivo colectivo por sobre otro individualista. En el cierre de campa\u00f1a del Frente de Todos, ante una rambla repleta en la ciudad de Mar del Plata, el candidato a gobernador bonaerense, Axel Kicillof, asegur\u00f3 que en la Argentina\u2026","rel":"","context":"En \u00abPol\u00edtica\u00bb","block_context":{"text":"Pol\u00edtica","link":"https:\/\/www.24baires.com\/?cat=51"},"img":{"alt_text":"","src":"https:\/\/i0.wp.com\/www.24baires.com\/wp-content\/uploads\/2019\/08\/kicillof-1.jpg?resize=350%2C200","width":350,"height":200,"srcset":"https:\/\/i0.wp.com\/www.24baires.com\/wp-content\/uploads\/2019\/08\/kicillof-1.jpg?resize=350%2C200 1x, https:\/\/i0.wp.com\/www.24baires.com\/wp-content\/uploads\/2019\/08\/kicillof-1.jpg?resize=525%2C300 1.5x"},"classes":[]},{"id":122642,"url":"https:\/\/www.24baires.com\/?p=122642","url_meta":{"origin":38554,"position":4},"title":"Reichardt calific\u00f3 de \u201cenfermos mentales\u201d a quienes no votan a La Libertad Avanza","author":"GB","date":"17\/10\/2025","format":false,"excerpt":"La candidata libertaria, ex vedette y ex Playboy, se refiri\u00f3 con dureza a quienes no apoyan a su espacio y gener\u00f3 revuelo en los medios y redes. En plena campa\u00f1a de las elecciones legislativas nacionales del 26 de octubre, Karen Reichardt, segunda candidata de La Libertad Avanza en la provincia\u2026","rel":"","context":"En \u00abPol\u00edtica\u00bb","block_context":{"text":"Pol\u00edtica","link":"https:\/\/www.24baires.com\/?cat=51"},"img":{"alt_text":"","src":"https:\/\/i0.wp.com\/www.24baires.com\/wp-content\/uploads\/2025\/10\/candidara-lla.jpeg?resize=350%2C200","width":350,"height":200,"srcset":"https:\/\/i0.wp.com\/www.24baires.com\/wp-content\/uploads\/2025\/10\/candidara-lla.jpeg?resize=350%2C200 1x, https:\/\/i0.wp.com\/www.24baires.com\/wp-content\/uploads\/2025\/10\/candidara-lla.jpeg?resize=525%2C300 1.5x, https:\/\/i0.wp.com\/www.24baires.com\/wp-content\/uploads\/2025\/10\/candidara-lla.jpeg?resize=700%2C400 2x"},"classes":[]},{"id":112630,"url":"https:\/\/www.24baires.com\/?p=112630","url_meta":{"origin":38554,"position":5},"title":"Alberto y Cristina cierran la campa\u00f1a en Mar del Plata","author":"GB","date":"24\/10\/2019","format":false,"excerpt":"El candidato a presidente por el Frente de Todos, Alberto Fern\u00e1ndez, y la candidata a vicepresidenta, Cristina Fern\u00e1ndez de Kirchner, estar\u00e1n este jueves a las 15 en Mar del Plata, en un escenario que se montar\u00e1 en la rambla. Ser\u00e1 el primer acto que compartir\u00e1n en conjunto en la ciudad,\u2026","rel":"","context":"En \u00abPol\u00edtica\u00bb","block_context":{"text":"Pol\u00edtica","link":"https:\/\/www.24baires.com\/?cat=51"},"img":{"alt_text":"","src":"https:\/\/i0.wp.com\/www.24baires.com\/wp-content\/uploads\/2019\/10\/alberto-y-cristina.jpg?resize=350%2C200","width":350,"height":200,"srcset":"https:\/\/i0.wp.com\/www.24baires.com\/wp-content\/uploads\/2019\/10\/alberto-y-cristina.jpg?resize=350%2C200 1x, https:\/\/i0.wp.com\/www.24baires.com\/wp-content\/uploads\/2019\/10\/alberto-y-cristina.jpg?resize=525%2C300 1.5x"},"classes":[]}],"jetpack_sharing_enabled":true,"jetpack_likes_enabled":true,"_links":{"self":[{"href":"https:\/\/www.24baires.com\/index.php?rest_route=\/wp\/v2\/posts\/38554","targetHints":{"allow":["GET"]}}],"collection":[{"href":"https:\/\/www.24baires.com\/index.php?rest_route=\/wp\/v2\/posts"}],"about":[{"href":"https:\/\/www.24baires.com\/index.php?rest_route=\/wp\/v2\/types\/post"}],"author":[{"embeddable":true,"href":"https:\/\/www.24baires.com\/index.php?rest_route=\/wp\/v2\/users\/8"}],"replies":[{"embeddable":true,"href":"https:\/\/www.24baires.com\/index.php?rest_route=%2Fwp%2Fv2%2Fcomments&post=38554"}],"version-history":[{"count":1,"href":"https:\/\/www.24baires.com\/index.php?rest_route=\/wp\/v2\/posts\/38554\/revisions"}],"predecessor-version":[{"id":38556,"href":"https:\/\/www.24baires.com\/index.php?rest_route=\/wp\/v2\/posts\/38554\/revisions\/38556"}],"wp:attachment":[{"href":"https:\/\/www.24baires.com\/index.php?rest_route=%2Fwp%2Fv2%2Fmedia&parent=38554"}],"wp:term":[{"taxonomy":"category","embeddable":true,"href":"https:\/\/www.24baires.com\/index.php?rest_route=%2Fwp%2Fv2%2Fcategories&post=38554"},{"taxonomy":"post_tag","embeddable":true,"href":"https:\/\/www.24baires.com\/index.php?rest_route=%2Fwp%2Fv2%2Ftags&post=38554"}],"curies":[{"name":"wp","href":"https:\/\/api.w.org\/{rel}","templated":true}]}}