{"id":3854,"date":"2012-10-30T15:04:22","date_gmt":"2012-10-30T18:04:22","guid":{"rendered":"http:\/\/www.24baires.com\/?p=3854"},"modified":"2012-10-30T15:04:22","modified_gmt":"2012-10-30T18:04:22","slug":"temperley-festeja-cien-anos-de-amor-celeste-al-barrio","status":"publish","type":"post","link":"https:\/\/www.24baires.com\/?p=3854","title":{"rendered":"Temperley festeja cien a\u00f1os de amor &#8216;celeste&#8217; al barrio"},"content":{"rendered":"<p><img data-recalc-dims=\"1\" loading=\"lazy\" decoding=\"async\" class=\"alignleft size-medium wp-image-3857\" title=\"temeprley\" src=\"https:\/\/i0.wp.com\/www.24baires.com\/wp-content\/uploads\/2012\/10\/temeprley.jpg?resize=300%2C295\" alt=\"\" width=\"300\" height=\"295\" srcset=\"https:\/\/i0.wp.com\/www.24baires.com\/wp-content\/uploads\/2012\/10\/temeprley.jpg?resize=300%2C295&amp;ssl=1 300w, https:\/\/i0.wp.com\/www.24baires.com\/wp-content\/uploads\/2012\/10\/temeprley.jpg?w=305&amp;ssl=1 305w\" sizes=\"auto, (max-width: 300px) 100vw, 300px\" \/>Tristeza de descenso, festejos de ascenso, la quiebra, la reapertura del Club, sus a\u00f1os m\u00e1s oscuros y la estabilidad actual. Todo forma parte de la historia del Celeste, que hoy pelea el campeonato y atraviesa un gran momento deportivo e institucional.<!--more--><\/p>\n<p>&nbsp;<\/p>\n<p>Esta semana, sin dudas, ser\u00e1 muy especial para el pueblo gasolero. Es que el jueves, Temperley cumplir\u00e1 sus primeros cien a\u00f1os de vida como instituci\u00f3n deportiva y, para festejarlo, su comunidad se reunir\u00e1 en las puertas del club a la espera de que el cron\u00f3metro se ponga en cero y anuncie el inicio de las celebraciones, que continuar\u00e1n el s\u00e1bado.<\/p>\n<p>En este centenario de historia, el Club ha vivido d\u00edas de gloria y tambi\u00e9n \u00e9pocas oscuras. Superada la quiebra, en 1993, la instituci\u00f3n albiceleste logr\u00f3 reacomodarse y hoy su cent\u00e9simo aniversario la encuentra luchando por el regreso a la Primera B Nacional, luego de trece temporadas en la B Metropolitana.<\/p>\n<p>Que cien a\u00f1os no es nada\u2026 La historia del segundo club m\u00e1s antiguo de la regi\u00f3n, detr\u00e1s de Banfield, comienza en 1910, cuando se crea el Club de Football Centenario Temperley, en honor al centenario de la Patria. No obstante, su fundaci\u00f3n legal y definitiva tard\u00f3 dos a\u00f1os y fue el 1 de noviembre de 1912.<\/p>\n<p>A\u00f1os m\u00e1s tarde, arrib\u00f3 a la instituci\u00f3n un hombre de origen vasco que ser\u00eda fundamental en el desarrollo del club: Alfredo Mart\u00edn Beranger, quien fue el presidente por cuatro a\u00f1os (1919-1923) y quien propuso, en 1917, que el club participara en los campeonatos de la Asociaci\u00f3n Argentina de Football, antecesora a la AFA.<\/p>\n<p>La iniciativa no fue bien recibida por la asamblea, ya que el Club estaba dando reci\u00e9n sus primeros pasos y fue considerada una decisi\u00f3n apresurada. Lo cierto es que, dos a\u00f1os m\u00e1s tarde, el Club se afili\u00f3 y en 1921 cambi\u00f3 su nombre a Club Atl\u00e9tico Temperley, denominaci\u00f3n que a\u00fan mantiene.<\/p>\n<p>En aquellos a\u00f1os se decidi\u00f3 que la camiseta fuera de color celeste. Y existen varios mitos acerca de por qu\u00e9 fue ese el color elegido. Si bien algunos hacen referencia a la apariencia del cielo, dice una leyenda urbana que se adopt\u00f3 porque por esos a\u00f1os los lecheros que bajaban los tarros en distintas estaciones, se guiaban por los colores de las tapas. Las que eran de color celeste correspond\u00edan a Temperley, las de Lomas de Zamora eran rojas y blancas, mientras que las que se dejaban en Banfield estaban pintadas de verde y blanco.<\/p>\n<p>Eran \u00e9pocas de crecimiento. Y en diciembre de 1921, con el aval de Don Alfredo, se logr\u00f3 la cesi\u00f3n de los terrenos pertenecientes al viejo Ferrocarril Sud. Lo cierto es que este hecho es el que muchos vinculan con el confuso episodio que el 29 de marzo de 1923 acab\u00f3 con su vida. Ese d\u00eda Beranger fue asesinado alevosamente por un cuidador del ferrocarril, cuando estaba por cumplir 30 a\u00f1os.<\/p>\n<p>Su muerte signific\u00f3 una enorme p\u00e9rdida para el club. Es por eso que, en reconocimiento a su figura, el estadio -que hab\u00eda sido adquirido un a\u00f1o antes con mucho esfuerzo e inaugurado en 1924- lleva su nombre.<\/p>\n<p>A pulm\u00f3n. Desde su ingreso al profesionalismo en 1937 hasta la temporada 1973, Temperley se desempe\u00f1\u00f3 en la Primera B con altibajos en sus campa\u00f1as. En varias ocasiones estuvo muy cerca de lograr el ascenso (por ejemplo en 1945, cuando termin\u00f3 tercero), como as\u00ed tambi\u00e9n de perder la categor\u00eda.<\/p>\n<p>Finalmente en 1974 logr\u00f3 el ansiado ascenso a Primera Divisi\u00f3n y disput\u00f3 tres a\u00f1os en la m\u00e1xima categor\u00eda del f\u00fatbol nacional. En su primera temporada finaliz\u00f3 \u00faltimo entre 20 equipos, pero al no haber descensos mantuvo la categor\u00eda. En el campeonato siguiente accedi\u00f3 a la rueda final y finaliz\u00f3 \u00faltimo, torneo que se adjudic\u00f3 River Plate. Mientras que en 1977 Temperley finaliz\u00f3 ante\u00faltimo y descendi\u00f3, junto a Ferrocarril Oeste y Lan\u00fas.<\/p>\n<p>En esta primera expedici\u00f3n, se gan\u00f3 el apodo de \u201cGasolero\u201d. Los periodistas de la \u00e9poca le pusieron ese mote ya que, con un escaso presupuesto, el equipo desarroll\u00f3 un juego prolijo y muy vistoso.<\/p>\n<p>Tras haber dejado su lugar en la \u00e9lite del f\u00fatbol argentino, pele\u00f3 durante varios a\u00f1os por volver y en 1983 lo consigui\u00f3. As\u00ed, adem\u00e1s de la vuelta de la democracia, los fan\u00e1ticos del Celeste tuvieron otro motivo para festejar: el ascenso en el octogonal al vencer a Atlanta, en la definici\u00f3n por penales m\u00e1s larga de una final (13-12).<\/p>\n<p>En su segundo paso por la Primera, Temperley tuvo un muy buen campeonato, pero luego decay\u00f3 en su rendimiento y descendi\u00f3 nuevamente. En aquel Nacional del \u201883, el Gasolero tuvo una excelente actuaci\u00f3n, alcanzando las semifinales casi con el mismo plantel que hab\u00eda logrado el ascenso. En dicha instancia fue eliminado por Estudiantes de La Plata, con el que empat\u00f3 el primer partido 1-1 y en la vuelta, en la cancha de Banfield, perdi\u00f3 3-1. Finalmente los campeones fueron los Pincharratas, que dieron la vuelta tal como lo hab\u00edan hecho en el Metropolitano del \u201882.<\/p>\n<p>Tras el descenso, Temperley vivi\u00f3 los peores a\u00f1os de su historia y su etapa m\u00e1s oscura.<\/p>\n<p>Volvi\u00f3 a perder la categor\u00eda en el campeonato 1988\/89 y qued\u00f3 en la B Metropolitana. El 28 de agosto de 1989 se declar\u00f3 en quiebra (con una deuda de $400.000 a Futbolistas Argentinos Agremiados) y un a\u00f1o despu\u00e9s se resolvi\u00f3, por mandato judicial, el cese de toda actividad profesional en el club.<\/p>\n<p>Fue en junio de 1991 que el juez Jos\u00e9 Mar\u00eda Dura\u00f1ona dispuso la clausura del Club, la liquidaci\u00f3n de bienes y la libertad de acci\u00f3n para los jugadores.<\/p>\n<p>Lo cierto es que el arduo trabajo de socios, vecinos y dirigentes, sumado a la no aparici\u00f3n de ofertantes, evit\u00f3 la desaparici\u00f3n de la entidad.<\/p>\n<p>En aquellos a\u00f1os el miedo hab\u00eda invadido al Club ya que se tem\u00eda que no se volver\u00eda a competir. La entidad se encontraba devastada ya que no pose\u00eda jugadores, tampoco ten\u00eda dinero y ni siquiera exist\u00eda como instituci\u00f3n.<\/p>\n<p>Pero sobre la base de un gran esfuerzo, Temperley logr\u00f3 recuperarse. La quiebra se mantuvo hasta 2001 y, luego, fue levantada.<\/p>\n<p>El Cele estuvo dos a\u00f1os sin poder competir y reci\u00e9n en la temporada 1993\/94, bajo la tutela de un s\u00edndico, volvi\u00f3 a jugar. Al no haber presentado equipo durante dos a\u00f1os, perdi\u00f3 una categor\u00eda y volvi\u00f3 a la Primera C. Esta fue su \u00fanica vivencia en la cuarta categor\u00eda del f\u00fatbol argentino.<\/p>\n<p>Luego de dos a\u00f1os, Temperley logr\u00f3 el hito del doble ascenso. En primera instancia fue a la B Metropolitana y luego a la B Nacional. Estos fueron los \u00faltimos ascensos de la instituci\u00f3n, que actualmente milita en la B Metropolitana tras haber descendido en la temporada 1996.<\/p>\n<p>\u201cSer el presidente del Centenario es un orgullo porque uno, sin darse cuenta, va a quedar en la historia del Club. Estoy muy metido en los problemas y espero hacer todo lo que est\u00e1 a mi alcance en estos cuatro a\u00f1os\u201d, resalt\u00f3 Hern\u00e1n Lewin, actual presidente de la instituci\u00f3n deportiva, en di\u00e1logo con este medio.<\/p>\n<p>Cien a\u00f1os, una misma pasi\u00f3n. Los dirigidos por Rodolfo Della Picca hoy luchan por ascender y, hasta el momento, han realizado una buena performance en el campeonato. Lo cierto es que lo deportivo va de la mano del buen presente institucional.<\/p>\n<p>\u201cEstamos trabajando much\u00edsimo, en estos cuatro meses se hicieron cosas que no se hab\u00edan hecho en los \u00faltimos 10 a\u00f1os. Con participaci\u00f3n y esfuerzo, se puede salir adelante. Estamos trabajando mucho en infraestructura y tratando de sanear el club\u201d, sostuvo Lewin y agreg\u00f3: \u201cQueremos estabilizar los n\u00fameros y hacer crecer al Club en lo social. Buscamos tener m\u00e1s deportes y que se generen m\u00e1s socios, y por ahora venimos bien ya que sumamos 1400 en cuatro meses\u201d.<\/p>\n<p>La fiesta ya est\u00e1 preparada para que todo el pueblo gasolero disfrute de un d\u00eda sumamente especial.<\/p>\n<p>Porque, m\u00e1s all\u00e1 de lo institucional, es la historia del Club y sus hinchas lo que se festeja. Son las vivencias, el sufrimiento de un descenso, la alegr\u00eda de la vuelta y el aguante de la hinchada que, de generaci\u00f3n en generaci\u00f3n, alent\u00f3 para que hoy el club est\u00e9 donde est\u00e1, luchando un campeonato y sabi\u00e9ndose n\u00facleo de una gran cantidad de vecinos que laten al ritmo de un coraz\u00f3n pintado de Celeste\u2026<\/p>\n<p>&nbsp;<\/p>\n","protected":false},"excerpt":{"rendered":"<p>Tristeza de descenso, festejos de ascenso, la quiebra, la reapertura del Club, sus a\u00f1os m\u00e1s oscuros y la estabilidad actual. Todo forma parte de la historia del Celeste, que hoy pelea el campeonato y atraviesa un gran momento deportivo e institucional.<\/p>\n","protected":false},"author":11,"featured_media":0,"comment_status":"open","ping_status":"open","sticky":false,"template":"","format":"standard","meta":{"_jetpack_newsletter_access":"","_jetpack_dont_email_post_to_subs":false,"_jetpack_newsletter_tier_id":0,"_jetpack_memberships_contains_paywalled_content":false,"_jetpack_memberships_contains_paid_content":false,"footnotes":""},"categories":[12],"tags":[],"class_list":["post-3854","post","type-post","status-publish","format-standard","hentry","category-deportes"],"jetpack_featured_media_url":"","jetpack_shortlink":"https:\/\/wp.me\/p2JWE0-10a","jetpack-related-posts":[{"id":37096,"url":"https:\/\/www.24baires.com\/?p=37096","url_meta":{"origin":3854,"position":0},"title":"B Metropolitana: Temperley no har\u00e1 nuevas incorporaciones","author":"GB","date":"18\/12\/2013","format":false,"excerpt":"An\u00edbal Biggeri est\u00e1 a gusto con el plantel profesional que tiene y lo m\u00e1s probable es que Temperley no haga uso de las dos opciones que posee en este mercado de pases de incorporar. En el \u00fanico caso que lo har\u00e1 ser\u00e1 si alg\u00fan jugador se va a otro club.\u2026","rel":"","context":"En \u00abDeportes\u00bb","block_context":{"text":"Deportes","link":"https:\/\/www.24baires.com\/?cat=12"},"img":{"alt_text":"temperley","src":"https:\/\/i0.wp.com\/www.24baires.com\/wp-content\/uploads\/2013\/12\/temperley.jpg?resize=350%2C200","width":350,"height":200,"srcset":"https:\/\/i0.wp.com\/www.24baires.com\/wp-content\/uploads\/2013\/12\/temperley.jpg?resize=350%2C200 1x, https:\/\/i0.wp.com\/www.24baires.com\/wp-content\/uploads\/2013\/12\/temperley.jpg?resize=525%2C300 1.5x"},"classes":[]},{"id":72401,"url":"https:\/\/www.24baires.com\/?p=72401","url_meta":{"origin":3854,"position":1},"title":"Temperley cay\u00f3 en su visita a Santa Fe","author":"GB","date":"20\/09\/2015","format":false,"excerpt":"Perdi\u00f3 2-1 ante Uni\u00f3n. Javier Grbec marc\u00f3 el \u00fanico tanto del Celeste mientras que Ria\u00f1o y Britez anotaron para el local. Uni\u00f3n de Santa Fe le gan\u00f3 como local a Temperley por 2 a 1, en un discreto encuentro por la 25ta. fecha del torneo de Primera Divisi\u00f3n de f\u00fatbol.\u2026","rel":"","context":"En \u00abDeportes\u00bb","block_context":{"text":"Deportes","link":"https:\/\/www.24baires.com\/?cat=12"},"img":{"alt_text":"temperley union","src":"https:\/\/i0.wp.com\/www.24baires.com\/wp-content\/uploads\/2015\/09\/temperley-union.gif?resize=350%2C200","width":350,"height":200,"srcset":"https:\/\/i0.wp.com\/www.24baires.com\/wp-content\/uploads\/2015\/09\/temperley-union.gif?resize=350%2C200 1x, https:\/\/i0.wp.com\/www.24baires.com\/wp-content\/uploads\/2015\/09\/temperley-union.gif?resize=525%2C300 1.5x"},"classes":[]},{"id":2753,"url":"https:\/\/www.24baires.com\/?p=2753","url_meta":{"origin":3854,"position":2},"title":"Temperley perdi\u00f3 el invicto con Acassuso","author":"Grupo Sierra","date":"20\/10\/2012","format":false,"excerpt":"Temperley perdi\u00f3 su invicto al ser derrotado por Acassuso por 1 a 0 de visitante. El \u00fanico gol del partido, correspondiente a la decimotercera fecha de la Primera B Metropolitana, lo convirti\u00f3 Facundo Pumpido a los 10 minutos del primer tiempo. As\u00ed, el 'Celeste' qued\u00f3 a seis puntos del l\u00edder\u2026","rel":"","context":"En \u00abDeportes\u00bb","block_context":{"text":"Deportes","link":"https:\/\/www.24baires.com\/?cat=12"},"img":{"alt_text":"","src":"https:\/\/i0.wp.com\/www.24baires.com\/wp-content\/uploads\/2012\/10\/temperley.jpg?resize=350%2C200","width":350,"height":200},"classes":[]},{"id":56411,"url":"https:\/\/www.24baires.com\/?p=56411","url_meta":{"origin":3854,"position":3},"title":"Temperley alcanz\u00f3 la punta de la B Nacional","author":"Grupo Sierra","date":"01\/11\/2014","format":false,"excerpt":"Los dirigidos por Ricardo Rezza vencieron a Atl\u00e9tico Tucum\u00e1n con un gol de penal que convirti\u00f3 Luis L\u00f3pez en tiempo adicionado. El Cele logr\u00f3 una esperada victoria que mantiene con vida las esperanzas de llegar a la m\u00e1xima categor\u00eda del f\u00fatbol. A los 27 minutos del primer tiempo, Franco Sbuttoni\u2026","rel":"","context":"En \u00abDeportes\u00bb","block_context":{"text":"Deportes","link":"https:\/\/www.24baires.com\/?cat=12"},"img":{"alt_text":"temperley-barracas","src":"https:\/\/i0.wp.com\/www.24baires.com\/wp-content\/uploads\/2013\/11\/temperley-barracas.jpg?resize=350%2C200","width":350,"height":200},"classes":[]},{"id":33354,"url":"https:\/\/www.24baires.com\/?p=33354","url_meta":{"origin":3854,"position":4},"title":"B Metropolitana: Temperley volvi\u00f3 a empatar y no pudo alcanzar la punta","author":"GB","date":"10\/10\/2013","format":false,"excerpt":"Temperley afrontaba el duelo ante Defensores de Belgrano con la ilusi\u00f3n de quedar como l\u00edder del campeonato, pero el empate sin goles en la tarde de ayer no se lo permiti\u00f3 y debi\u00f3 conformarse con mantener la segunda colocaci\u00f3n, a punto del Drag\u00f3n. El conjunto dirigido por An\u00edbal Biggeri acumula\u2026","rel":"","context":"En \u00abDeportes\u00bb","block_context":{"text":"Deportes","link":"https:\/\/www.24baires.com\/?cat=12"},"img":{"alt_text":"sintesis-temperley-def-de-belgrano","src":"https:\/\/i0.wp.com\/www.24baires.com\/wp-content\/uploads\/2013\/10\/sintesis-temperley-def-de-belgrano.jpg?resize=350%2C200","width":350,"height":200,"srcset":"https:\/\/i0.wp.com\/www.24baires.com\/wp-content\/uploads\/2013\/10\/sintesis-temperley-def-de-belgrano.jpg?resize=350%2C200 1x, https:\/\/i0.wp.com\/www.24baires.com\/wp-content\/uploads\/2013\/10\/sintesis-temperley-def-de-belgrano.jpg?resize=525%2C300 1.5x"},"classes":[]},{"id":24386,"url":"https:\/\/www.24baires.com\/?p=24386","url_meta":{"origin":3854,"position":5},"title":"Berisso es una fiesta: Villa San Carlos ascendi\u00f3 a la B Nacional","author":"Grupo Sierra","date":"25\/05\/2013","format":false,"excerpt":"Gol de Troncoso a los 12 minutos del primer tiempo, para darle al equipo de Rezza la victoria, sin tener que mirar a lo que pasaba en Vicente L\u00f3pez. Festejo en todo Berisso. El f\u00fatbol de la regi\u00f3n de la capital provincial est\u00e1 alegre con el Celeste que estar\u00e1 en\u2026","rel":"","context":"En \u00abDeportes\u00bb","block_context":{"text":"Deportes","link":"https:\/\/www.24baires.com\/?cat=12"},"img":{"alt_text":"san_carlos berisso","src":"https:\/\/i0.wp.com\/www.24baires.com\/wp-content\/uploads\/2013\/05\/san_carlos-berisso.jpg?resize=350%2C200","width":350,"height":200,"srcset":"https:\/\/i0.wp.com\/www.24baires.com\/wp-content\/uploads\/2013\/05\/san_carlos-berisso.jpg?resize=350%2C200 1x, https:\/\/i0.wp.com\/www.24baires.com\/wp-content\/uploads\/2013\/05\/san_carlos-berisso.jpg?resize=525%2C300 1.5x"},"classes":[]}],"jetpack_sharing_enabled":true,"jetpack_likes_enabled":true,"_links":{"self":[{"href":"https:\/\/www.24baires.com\/index.php?rest_route=\/wp\/v2\/posts\/3854","targetHints":{"allow":["GET"]}}],"collection":[{"href":"https:\/\/www.24baires.com\/index.php?rest_route=\/wp\/v2\/posts"}],"about":[{"href":"https:\/\/www.24baires.com\/index.php?rest_route=\/wp\/v2\/types\/post"}],"author":[{"embeddable":true,"href":"https:\/\/www.24baires.com\/index.php?rest_route=\/wp\/v2\/users\/11"}],"replies":[{"embeddable":true,"href":"https:\/\/www.24baires.com\/index.php?rest_route=%2Fwp%2Fv2%2Fcomments&post=3854"}],"version-history":[{"count":3,"href":"https:\/\/www.24baires.com\/index.php?rest_route=\/wp\/v2\/posts\/3854\/revisions"}],"predecessor-version":[{"id":3862,"href":"https:\/\/www.24baires.com\/index.php?rest_route=\/wp\/v2\/posts\/3854\/revisions\/3862"}],"wp:attachment":[{"href":"https:\/\/www.24baires.com\/index.php?rest_route=%2Fwp%2Fv2%2Fmedia&parent=3854"}],"wp:term":[{"taxonomy":"category","embeddable":true,"href":"https:\/\/www.24baires.com\/index.php?rest_route=%2Fwp%2Fv2%2Fcategories&post=3854"},{"taxonomy":"post_tag","embeddable":true,"href":"https:\/\/www.24baires.com\/index.php?rest_route=%2Fwp%2Fv2%2Ftags&post=3854"}],"curies":[{"name":"wp","href":"https:\/\/api.w.org\/{rel}","templated":true}]}}