{"id":3852,"date":"2012-10-30T14:58:59","date_gmt":"2012-10-30T17:58:59","guid":{"rendered":"http:\/\/www.24baires.com\/?p=3852"},"modified":"2012-10-30T14:58:59","modified_gmt":"2012-10-30T17:58:59","slug":"por-un-protesta-gremial-esta-demorada-la-entrega-de-licencias-de-conducir","status":"publish","type":"post","link":"https:\/\/www.24baires.com\/?p=3852","title":{"rendered":"Por un protesta gremial est\u00e1 demorada la entrega de licencias de conducir"},"content":{"rendered":"<p>Es por el paro en los talleres de impresi\u00f3n del Bolet\u00edn Oficial, que lleva m\u00e1s de diez d\u00edas. All\u00ed tambi\u00e9n se imprimen los registros de toda la Provincia.<!--more--><\/p>\n<p>El paro de trabajadores de los talleres de impresi\u00f3n del Bolet\u00edn Oficial impacta de manera directa en la entrega de licencias de conducir de la Provincia, y ya causa consecuencias entre los conductores que intentan realizar tr\u00e1mites de renovaci\u00f3n o alta del registro.<\/p>\n<p>La influencia del conflicto en el sistema de Control Urbano radica en que todas las licencias de conducir se imprimen en esos talleres y la medida de fuerza, que ya cumple m\u00e1s de diez d\u00edas, afecta directamente a los ciudadanos que buscan la tramitaci\u00f3n del registro de conducir.<\/p>\n<p>El paro de trabajadores nucleados en el Sindicato Gr\u00e1fico Platense se inici\u00f3 el jueves 18 de octubre, paralizando la impresi\u00f3n del Bolet\u00edn Oficial bonaerense y la recepci\u00f3n de edictos, entre otras funciones que tienen esos talleres ubicados en Tolosa y en los que trabajan unas 200 personas.<\/p>\n<p>Pero entre esas funciones est\u00e1 la de la impresi\u00f3n de las licencias de conducir, cuyo parate afecta principalmente a personas que intentan renovar el registro y sacarlo por primera vez y se ven impedidos de realizar el tr\u00e1mite.<\/p>\n<p>El reclamo del sector se relaciona con un rechazo a un \u201crecorte de presupuesto\u201d que habr\u00edan efectuado desde la Jefatura de Gabinete y que afectar\u00eda a los empleados en la quita de horas extras y diversas funciones.<\/p>\n<p>Si bien se vienen manteniendo reuniones en la Casa de Gobierno y en la sede de la Federaci\u00f3n de gremios bonaerenses que los nuclea, Fegeppba, a\u00fan no se arriba a un acuerdo que destrabe el conflicto.<\/p>\n","protected":false},"excerpt":{"rendered":"<p>Es por el paro en los talleres de impresi\u00f3n del Bolet\u00edn Oficial, que lleva m\u00e1s de diez d\u00edas. All\u00ed tambi\u00e9n se imprimen los registros de toda la Provincia.<\/p>\n","protected":false},"author":4,"featured_media":0,"comment_status":"open","ping_status":"open","sticky":false,"template":"","format":"standard","meta":{"_jetpack_newsletter_access":"","_jetpack_dont_email_post_to_subs":false,"_jetpack_newsletter_tier_id":0,"_jetpack_memberships_contains_paywalled_content":false,"_jetpack_memberships_contains_paid_content":false,"footnotes":""},"categories":[1],"tags":[],"class_list":["post-3852","post","type-post","status-publish","format-standard","hentry","category-sociedad"],"jetpack_featured_media_url":"","jetpack_shortlink":"https:\/\/wp.me\/p2JWE0-108","jetpack-related-posts":[{"id":4442,"url":"https:\/\/www.24baires.com\/?p=4442","url_meta":{"origin":3852,"position":0},"title":"Contin\u00faa el paro que demora la entrega de registros de conducir","author":"AF","date":"05\/11\/2012","format":false,"excerpt":"La medida de fuerza que llevan a cabo los trabajadores de la Direcci\u00f3n de Impresiones del Estado y Bolet\u00edn Oficial (DIEBO), en la ciudad de La Plata, es la causa por la cual en los \u00faltimos d\u00edas se ha demorado la entrega de licencias de conducir. La protesta de los\u2026","rel":"","context":"En \u00abSociedad\u00bb","block_context":{"text":"Sociedad","link":"https:\/\/www.24baires.com\/?cat=1"},"img":{"alt_text":"","src":"","width":0,"height":0},"classes":[]},{"id":4692,"url":"https:\/\/www.24baires.com\/?p=4692","url_meta":{"origin":3852,"position":1},"title":"Se levant\u00f3 el paro de trabajadores de la Imprenta estatal","author":"AF","date":"07\/11\/2012","format":false,"excerpt":"El sector lleg\u00f3 a un acuerdo con el Gobierno y se reanudan los trabajos de impresi\u00f3n del Bolet\u00edn Oficial y registros de conducir. Trabajadores de la Direcci\u00f3n de Impresiones del Estado levantaron este mi\u00e9rcoles la medida de fuerza que manten\u00eda paralizados los talleres donde se imprime el Bolet\u00edn Oficial bonaerense\u2026","rel":"","context":"En \u00abSociedad\u00bb","block_context":{"text":"Sociedad","link":"https:\/\/www.24baires.com\/?cat=1"},"img":{"alt_text":"","src":"","width":0,"height":0},"classes":[]},{"id":4746,"url":"https:\/\/www.24baires.com\/?p=4746","url_meta":{"origin":3852,"position":2},"title":"Tras el levantamiento del paro comienza a regularizarse la entrega de licencias de conducir","author":"AF","date":"08\/11\/2012","format":false,"excerpt":"Tras haberse reanudado la actividad en la DIEBO (Direcci\u00f3n Provincial de Impresiones del Estado y Bolet\u00edn Oficial) la Jefatura de Gabinete de Ministros inform\u00f3 que se implementar\u00e1 un cronograma reforzado duplicando la capacidad operativa de los talleres para agilizar las impresiones pendientes, entre ellas, la de las licencias de conducir.\u2026","rel":"","context":"En \u00abSociedad\u00bb","block_context":{"text":"Sociedad","link":"https:\/\/www.24baires.com\/?cat=1"},"img":{"alt_text":"","src":"https:\/\/i0.wp.com\/www.24baires.com\/wp-content\/uploads\/2012\/11\/carnet-de-conduci-300x222.jpg?resize=350%2C200","width":350,"height":200},"classes":[]},{"id":4561,"url":"https:\/\/www.24baires.com\/?p=4561","url_meta":{"origin":3852,"position":3},"title":"Paro en Imprenta de la Provincia: sugieren otorgar certificados provisorios para conductores profesionales","author":"AF","date":"06\/11\/2012","format":false,"excerpt":"El concejal platense Jos\u00e9 Arteaga pidi\u00f3 que se extienda un certificado de Renovaci\u00f3n de la licencia de conducir en tr\u00e1mite que les permita circular a los conductores profesionales que no han podido retirar su carnet debido a la medida de fuerza que est\u00e1 llevando a cabo la Direcci\u00f3n de Impresiones\u2026","rel":"","context":"En \u00abSociedad\u00bb","block_context":{"text":"Sociedad","link":"https:\/\/www.24baires.com\/?cat=1"},"img":{"alt_text":"","src":"","width":0,"height":0},"classes":[]},{"id":91296,"url":"https:\/\/www.24baires.com\/?p=91296","url_meta":{"origin":3852,"position":4},"title":"Dividieron a la Provincia para reducir los plazos de entrega de registros de conducir","author":"AF","date":"03\/01\/2017","format":false,"excerpt":"El objetivo de la medida que crea 19 regiones seg\u00fan se explica en la disposici\u00f3n es \"lograr la optimizaci\u00f3n del proceso de emisi\u00f3n e impresi\u00f3n de las licencias\". El gobierno de la provincia de Buenos Aires dividi\u00f3 en 19 las regiones en las que se emitir\u00e1n e imprimir\u00e1n las licencias\u2026","rel":"","context":"En \u00abProvincia\u00bb","block_context":{"text":"Provincia","link":"https:\/\/www.24baires.com\/?cat=40"},"img":{"alt_text":"","src":"https:\/\/i0.wp.com\/www.24baires.com\/wp-content\/uploads\/2012\/11\/carnet-de-conduci.jpg?resize=350%2C200","width":350,"height":200,"srcset":"https:\/\/i0.wp.com\/www.24baires.com\/wp-content\/uploads\/2012\/11\/carnet-de-conduci.jpg?resize=350%2C200 1x, https:\/\/i0.wp.com\/www.24baires.com\/wp-content\/uploads\/2012\/11\/carnet-de-conduci.jpg?resize=525%2C300 1.5x"},"classes":[]},{"id":115286,"url":"https:\/\/www.24baires.com\/?p=115286","url_meta":{"origin":3852,"position":5},"title":"Posponen por 150 d\u00edas el vencimiento de registros de conducir en la Provincia","author":"GB","date":"09\/06\/2020","format":false,"excerpt":"La subsecretar\u00eda de Transporte de la provincia de Buenos Aires prorrog\u00f3 este martes los vencimientos de los registros de conducir que operaban entre el 15 de febrero y el 15 de julio, en el marco de la cuarentena por el coronavirus dispuesta por el gobierno nacional. Mediante la disposici\u00f3n 16\u2026","rel":"","context":"En \u00abProvincia\u00bb","block_context":{"text":"Provincia","link":"https:\/\/www.24baires.com\/?cat=40"},"img":{"alt_text":"","src":"https:\/\/i0.wp.com\/www.24baires.com\/wp-content\/uploads\/2020\/05\/liccncia-conducir.jpg?resize=350%2C200","width":350,"height":200,"srcset":"https:\/\/i0.wp.com\/www.24baires.com\/wp-content\/uploads\/2020\/05\/liccncia-conducir.jpg?resize=350%2C200 1x, https:\/\/i0.wp.com\/www.24baires.com\/wp-content\/uploads\/2020\/05\/liccncia-conducir.jpg?resize=525%2C300 1.5x"},"classes":[]}],"jetpack_sharing_enabled":true,"jetpack_likes_enabled":true,"_links":{"self":[{"href":"https:\/\/www.24baires.com\/index.php?rest_route=\/wp\/v2\/posts\/3852","targetHints":{"allow":["GET"]}}],"collection":[{"href":"https:\/\/www.24baires.com\/index.php?rest_route=\/wp\/v2\/posts"}],"about":[{"href":"https:\/\/www.24baires.com\/index.php?rest_route=\/wp\/v2\/types\/post"}],"author":[{"embeddable":true,"href":"https:\/\/www.24baires.com\/index.php?rest_route=\/wp\/v2\/users\/4"}],"replies":[{"embeddable":true,"href":"https:\/\/www.24baires.com\/index.php?rest_route=%2Fwp%2Fv2%2Fcomments&post=3852"}],"version-history":[{"count":2,"href":"https:\/\/www.24baires.com\/index.php?rest_route=\/wp\/v2\/posts\/3852\/revisions"}],"predecessor-version":[{"id":3855,"href":"https:\/\/www.24baires.com\/index.php?rest_route=\/wp\/v2\/posts\/3852\/revisions\/3855"}],"wp:attachment":[{"href":"https:\/\/www.24baires.com\/index.php?rest_route=%2Fwp%2Fv2%2Fmedia&parent=3852"}],"wp:term":[{"taxonomy":"category","embeddable":true,"href":"https:\/\/www.24baires.com\/index.php?rest_route=%2Fwp%2Fv2%2Fcategories&post=3852"},{"taxonomy":"post_tag","embeddable":true,"href":"https:\/\/www.24baires.com\/index.php?rest_route=%2Fwp%2Fv2%2Ftags&post=3852"}],"curies":[{"name":"wp","href":"https:\/\/api.w.org\/{rel}","templated":true}]}}