{"id":3844,"date":"2012-10-30T13:30:17","date_gmt":"2012-10-30T16:30:17","guid":{"rendered":"http:\/\/www.24baires.com\/?p=3844"},"modified":"2012-10-30T14:33:17","modified_gmt":"2012-10-30T17:33:17","slug":"intendentes-bonaerenses-negaron-haber-sido-obligados-a-apoyar-a-tellechea","status":"publish","type":"post","link":"https:\/\/www.24baires.com\/?p=3844","title":{"rendered":"Intendentes bonaerenses negaron haber sido &#8216;obligados&#8217; a apoyar a Tellechea"},"content":{"rendered":"<p><img data-recalc-dims=\"1\" loading=\"lazy\" decoding=\"async\" class=\"alignleft size-medium wp-image-3845\" title=\"tellechea 2\" src=\"https:\/\/i0.wp.com\/www.24baires.com\/wp-content\/uploads\/2012\/10\/tellechea-2.jpg?resize=300%2C211\" alt=\"\" width=\"300\" height=\"211\" srcset=\"https:\/\/i0.wp.com\/www.24baires.com\/wp-content\/uploads\/2012\/10\/tellechea-2.jpg?resize=300%2C211&amp;ssl=1 300w, https:\/\/i0.wp.com\/www.24baires.com\/wp-content\/uploads\/2012\/10\/tellechea-2.jpg?w=560&amp;ssl=1 560w\" sizes=\"auto, (max-width: 300px) 100vw, 300px\" \/>Tras la denuncia del concejal de Necochea, Alejandro Issin (Uni\u00f3n Peronista), quien afirm\u00f3 que los jefes comunales de la regi\u00f3n fueron \u201cobligados\u201d a participar del acto apoyo al alcalde necochense Horacio Tellechea realizado la semana pasada, los mandatarios municipales que participaron de ese encuentro salieron al cruce. \u201cFuimos por propia voluntad a defender la institucionalidad\u201d, aseveraron y denunciaron que \u201cellos quieren lograr la destituci\u00f3n\u201d.<!--more--><br \/>\n\u201cHacemos cola para ira defender la institucionalidad\u201d, fueron las palabras del intendente de San Vicente, Daniel Di Sabatino ante la consulta de la agencia Infocielo.<\/p>\n<p>En ese sentido, ante la denuncia que hizo el concejal Issin, quien responde a Ger\u00f3nimo \u201cMomo\u201d Venegas, el jefe comunal asegur\u00f3 que \u201cen ning\u00fan caso\u201d fueron \u201cobligados\u201d a asistir al encuentro realizado la semana pasada en apoyo al intendente de Necochea, Horacio Tellechea.<\/p>\n<p>\u201cTodos fuimos muy motivados, no conozco ning\u00fan caso que no haya estado motivado por la situaci\u00f3n\u201d, expres\u00f3 Di Sabatino.<\/p>\n<p>En cuanto a la formaci\u00f3n de la Comisi\u00f3n Investigadora que form\u00f3 la oposici\u00f3n en Necochea que pone sobre la mira a Tellechea, el alcalde de la Tercera dijo: \u201cHay una injusticia que se est\u00e1 cometiendo en cuanto al n\u00famero que tiene en el concejo. Ellos quieren lograr la destituci\u00f3n\u201d.<\/p>\n<p>\u201cLos concejales de la oposici\u00f3n solo est\u00e1n juntos para la destrucci\u00f3n y no para la construcci\u00f3n\u201d, agreg\u00f3 en cuanto al abroquelamiento que hay entre UCR, Uni\u00f3n Peronista y Uni\u00f3n Socialista.<\/p>\n<p>En ese sentido, asever\u00f3 que \u201cbuscan que esto (la destituci\u00f3n) se replique en otros \u00e1mbitos\u201d. \u201cEl respaldo nuestro fue contundente. Lo que debe quedar claro es que si se busca la destituci\u00f3n, se busca tambi\u00e9n el atraso de Necochea\u201d, agreg\u00f3.<\/p>\n<p>\u201cQuieren generar inestabilidad econ\u00f3mica y pol\u00edtica\u201d, finaliz\u00f3 Di Sabatino.<\/p>\n<p>Por su parte, otro de los intendentes que asistieron a ese encuentro, Santiago Maggiotti, de Navarro, tambi\u00e9n neg\u00f3 la denuncia de Issin: \u201cDe ninguna manera. Fuimos por propia voluntad a defender la institucionalidad de un intendente que fue electo por su pueblo para gobernar durante cuatro a\u00f1os\u201d, enfatiz\u00f3.<\/p>\n<p>\u201cEst\u00e1bamos interiorizados del caso\u201d, agreg\u00f3 para continuar: \u201cMuchos pelean para ser intendentes cuando los eligen para concejales. En los \u00faltimos a\u00f1os hubo varios casos de destituciones y algunas que se plantearon no llegaron a la destituci\u00f3n\u201d.<\/p>\n<p>\u201cCreo que se podr\u00eda estudiar alguna reforma de la Ley Org\u00e1nica, aunque en estos casos se trata de cuestiones pol\u00edticas que se dan por la coyuntura. Hubo alguna manifestaci\u00f3n de concejales de la oposici\u00f3n que planteaban \u2018que se porte bien porque lo podemos destituir\u2019\u201d, afirm\u00f3 Maggiotti.<\/p>\n<p>El 23 de octubre, en el Sal\u00f3n de Actos del municipio de Necochea, la ministra de Gobierno bonaerense, Cristina \u00c1lvarez Rodr\u00edguez y el ministro de Asuntos Agrarios, Gustavo Arrieta, mantuvieron un encuentro con 20 intendentes bonaerenses donde expresaron su apoyo a Tellechea.<\/p>\n<p>Los jefes comunales que asistieron fueron: Gustavo Pulti (General Pueyrred\u00f3n), Jorge Ferraresi (Avellaneda), Patricio Hogan (General Alvarado), Santiago Maggiotti (Navarro), N\u00e9stor Alvarez (Guamin\u00ed), Jorge Paredi (Mar Chiquita), Alberto Gelen\u00e9 (Las Flores), Hugo Rodr\u00edguez (Lober\u00eda), Gast\u00f3n Arias (Brandsen), Mauricio Barrientos (Chacabuco), Juan Pablo Anghileri (General Rodr\u00edguez), Cristian Popovich (General Madariaga), Alfonso Regueiro (Presidente Per\u00f3n), Ra\u00fal Basualdo (San Miguel del Monte), Daniel Di Sabatino (San Vicente), H\u00e9ctor Olivera (Tordillo), Aldo Sanpedro (Bragado), Juan Carlos Veramendi (General Paz), Oscar Ostoich (Capit\u00e1n Sarmiento) y Pablo Guaccone (San Pedro). Tambi\u00e9n estuvieron los intendentes cordobeses Gerardo Zuin (Justiniano Posse) y Daniel Gergolet (Pueblo Italiano).<\/p>\n<p>As\u00ed mismo, los alcaldes consultados, manifestaron que la movida tambi\u00e9n se dio entre ellos y que se fueron \u201cllamando por tel\u00e9fono\u201d entre colegas para ver qu\u00e9 hac\u00edan ante la situaci\u00f3n de Tellechea.<\/p>\n","protected":false},"excerpt":{"rendered":"<p>Tras la denuncia del concejal de Necochea, Alejandro Issin (Uni\u00f3n Peronista), quien afirm\u00f3 que los jefes comunales de la regi\u00f3n fueron \u201cobligados\u201d a participar del acto apoyo al alcalde necochense Horacio Tellechea realizado la semana pasada, los mandatarios municipales que participaron de ese encuentro salieron al cruce. \u201cFuimos por propia voluntad a defender la institucionalidad\u201d, aseveraron y denunciaron que \u201cellos [&#8230;]<\/p>\n","protected":false},"author":4,"featured_media":0,"comment_status":"open","ping_status":"open","sticky":false,"template":"","format":"standard","meta":{"_jetpack_newsletter_access":"","_jetpack_dont_email_post_to_subs":false,"_jetpack_newsletter_tier_id":0,"_jetpack_memberships_contains_paywalled_content":false,"_jetpack_memberships_contains_paid_content":false,"footnotes":""},"categories":[51],"tags":[],"class_list":["post-3844","post","type-post","status-publish","format-standard","hentry","category-politica"],"jetpack_featured_media_url":"","jetpack_shortlink":"https:\/\/wp.me\/p2JWE0-100","jetpack-related-posts":[{"id":18880,"url":"https:\/\/www.24baires.com\/?p=18880","url_meta":{"origin":3844,"position":0},"title":"Tellechea: \u201cNo tengo dudas de que hubo un grupo de concejales que buscaron mi destituci\u00f3n\u201d","author":"AF","date":"20\/03\/2013","format":false,"excerpt":"Ante la posibilidad de que la Suprema Corte trate hoy el recurso presentado por el intendente Horacio Tellechea, para impedir lo que ser\u00eda una decidida maniobra destituyente impulsada por los ediles de la oposici\u00f3n que responden al \u201cMomo\u201d Venegas, el jefe comunal sostuvo: \u201cque Issin sea concejal y gerente en\u2026","rel":"","context":"En \u00abPol\u00edtica\u00bb","block_context":{"text":"Pol\u00edtica","link":"https:\/\/www.24baires.com\/?cat=51"},"img":{"alt_text":"tellechea-necochea-la","src":"https:\/\/i0.wp.com\/www.24baires.com\/wp-content\/uploads\/2012\/10\/tellechea-necochea-la.jpg?resize=350%2C200","width":350,"height":200,"srcset":"https:\/\/i0.wp.com\/www.24baires.com\/wp-content\/uploads\/2012\/10\/tellechea-necochea-la.jpg?resize=350%2C200 1x, https:\/\/i0.wp.com\/www.24baires.com\/wp-content\/uploads\/2012\/10\/tellechea-necochea-la.jpg?resize=525%2C300 1.5x"},"classes":[]},{"id":7962,"url":"https:\/\/www.24baires.com\/?p=7962","url_meta":{"origin":3844,"position":1},"title":"La Suprema Corte se expedir\u00e1 sobre la suspensi\u00f3n por 90 d\u00edas a Tellechea","author":"AF","date":"05\/12\/2012","format":false,"excerpt":"Seg\u00fan explic\u00f3 el subsecretario de gobierno local, Horacio Castelli, tratar\u00e1 en simult\u00e1neo la suspensi\u00f3n preventiva al intendente de Necochea, Horacio Tellechea, por 90 d\u00edas determinada por la Comisi\u00f3n Investigadora, compuesta por los concejales de la oposici\u00f3n, y resolver\u00e1 la presentaci\u00f3n del Jefe Comunal en relaci\u00f3n al conflicto de poderes que\u2026","rel":"","context":"En \u00abPol\u00edtica\u00bb","block_context":{"text":"Pol\u00edtica","link":"https:\/\/www.24baires.com\/?cat=51"},"img":{"alt_text":"","src":"","width":0,"height":0},"classes":[]},{"id":8256,"url":"https:\/\/www.24baires.com\/?p=8256","url_meta":{"origin":3844,"position":2},"title":"Tellechea: \u00abEl primer tiro fue para nosotros, pero van por m\u00e1s\u00bb","author":"AF","date":"07\/12\/2012","format":false,"excerpt":"MIentras espera con expectativa una definici\u00f3n del m\u00e1ximo tribunal bonaerens, el Intendente habl\u00f3 sobre el proceso destituyente iniciado por la oposici\u00f3n. Asegur\u00f3 que las \u201ccabezas\u201d de la maniobra son los concejales Alejandro Issin y Alberto Esnaola, ambos vinculados al gremialista Ger\u00f3nimo \u201cMomo\u201d Venegas. \u201cEl primer tiro fue para nosotros, pero\u2026","rel":"","context":"En \u00abPol\u00edtica\u00bb","block_context":{"text":"Pol\u00edtica","link":"https:\/\/www.24baires.com\/?cat=51"},"img":{"alt_text":"","src":"","width":0,"height":0},"classes":[]},{"id":4297,"url":"https:\/\/www.24baires.com\/?p=4297","url_meta":{"origin":3844,"position":3},"title":"Sospechan que \u2018El Momo\u2019 Venegas est\u00e1 atr\u00e1s de las acusaciones contra Tellechea","author":"Grupo Sierra","date":"03\/11\/2012","format":false,"excerpt":"NECOCHEA - Los concejales del FpV, Noem\u00ed Cesio y Luciano Lescano, aseguraron que la \u201ccomisi\u00f3n investigadora\u201d creada por la oposici\u00f3n en el Concejo Deliberante de Necochea es \u201cun intento de destituir al jefe comunal\u201d. El rol que juega Ger\u00f3nimo \u201cel Momo\u201d Venegas. Un aire raro se respira en Nechochea tras\u2026","rel":"","context":"En \u00abPol\u00edtica\u00bb","block_context":{"text":"Pol\u00edtica","link":"https:\/\/www.24baires.com\/?cat=51"},"img":{"alt_text":"","src":"https:\/\/i0.wp.com\/www.24baires.com\/wp-content\/uploads\/2012\/10\/macri_moyano_221012_2_ef_55850.jpg?resize=350%2C200","width":350,"height":200,"srcset":"https:\/\/i0.wp.com\/www.24baires.com\/wp-content\/uploads\/2012\/10\/macri_moyano_221012_2_ef_55850.jpg?resize=350%2C200 1x, https:\/\/i0.wp.com\/www.24baires.com\/wp-content\/uploads\/2012\/10\/macri_moyano_221012_2_ef_55850.jpg?resize=525%2C300 1.5x"},"classes":[]},{"id":15083,"url":"https:\/\/www.24baires.com\/?p=15083","url_meta":{"origin":3844,"position":4},"title":"Destituci\u00f3n de Tellechea: Cuarto intermedio hasta las 22 horas","author":"Grupo Sierra","date":"08\/02\/2013","format":false,"excerpt":"El Concejo Deliberante de Necochea llam\u00f3 a un cuarto intermedio hasta las 22 horas. Se espera que a partir de ese momento se lea el decreto de destituci\u00f3n. Sobre el motivo del pedido \u201cel intendente Tellechea, dijo cosas que no se pueden dejar pasar\u201d, confi\u00f3 a 24baires, Alberto Esnaola (UCR),\u2026","rel":"","context":"En \u00abMunicipios\u00bb","block_context":{"text":"Municipios","link":"https:\/\/www.24baires.com\/?cat=44"},"img":{"alt_text":"","src":"","width":0,"height":0},"classes":[]},{"id":6216,"url":"https:\/\/www.24baires.com\/?p=6216","url_meta":{"origin":3844,"position":5},"title":"El Concejo de Necochea suspender\u00eda esta semana a Tellechea","author":"AF","date":"21\/11\/2012","format":false,"excerpt":"El Concejo Deliberante de Necochea podr\u00eda suspender preventivamente el pr\u00f3ximo viernes al intendente municipal, Horacio Tellechea, en el transcurso de una sesi\u00f3n de car\u00e1cter especial que fuera solicitada el martes por los bloques de la oposici\u00f3n al presidente del cuerpo legislativo, Jos\u00e9 Luis Vidal. En esa sesi\u00f3n, que est\u00e1 prevista\u2026","rel":"","context":"En \u00abMunicipios\u00bb","block_context":{"text":"Municipios","link":"https:\/\/www.24baires.com\/?cat=44"},"img":{"alt_text":"","src":"https:\/\/i0.wp.com\/www.24baires.com\/wp-content\/uploads\/2012\/11\/tellechea1-300x200.jpg?resize=350%2C200","width":350,"height":200},"classes":[]}],"jetpack_sharing_enabled":true,"jetpack_likes_enabled":true,"_links":{"self":[{"href":"https:\/\/www.24baires.com\/index.php?rest_route=\/wp\/v2\/posts\/3844","targetHints":{"allow":["GET"]}}],"collection":[{"href":"https:\/\/www.24baires.com\/index.php?rest_route=\/wp\/v2\/posts"}],"about":[{"href":"https:\/\/www.24baires.com\/index.php?rest_route=\/wp\/v2\/types\/post"}],"author":[{"embeddable":true,"href":"https:\/\/www.24baires.com\/index.php?rest_route=\/wp\/v2\/users\/4"}],"replies":[{"embeddable":true,"href":"https:\/\/www.24baires.com\/index.php?rest_route=%2Fwp%2Fv2%2Fcomments&post=3844"}],"version-history":[{"count":1,"href":"https:\/\/www.24baires.com\/index.php?rest_route=\/wp\/v2\/posts\/3844\/revisions"}],"predecessor-version":[{"id":3846,"href":"https:\/\/www.24baires.com\/index.php?rest_route=\/wp\/v2\/posts\/3844\/revisions\/3846"}],"wp:attachment":[{"href":"https:\/\/www.24baires.com\/index.php?rest_route=%2Fwp%2Fv2%2Fmedia&parent=3844"}],"wp:term":[{"taxonomy":"category","embeddable":true,"href":"https:\/\/www.24baires.com\/index.php?rest_route=%2Fwp%2Fv2%2Fcategories&post=3844"},{"taxonomy":"post_tag","embeddable":true,"href":"https:\/\/www.24baires.com\/index.php?rest_route=%2Fwp%2Fv2%2Ftags&post=3844"}],"curies":[{"name":"wp","href":"https:\/\/api.w.org\/{rel}","templated":true}]}}